{"id":55566,"date":"2026-02-26T00:50:41","date_gmt":"2026-02-25T23:50:41","guid":{"rendered":"https:\/\/www.alzola.com\/?p=55566"},"modified":"2026-02-26T11:36:58","modified_gmt":"2026-02-26T10:36:58","slug":"el-manantial-vasco-que-no-tenia-nombre","status":"publish","type":"post","link":"https:\/\/www.alzola.com\/es\/el-manantial-vasco-que-no-tenia-nombre\/","title":{"rendered":"El manantial vasco que no ten\u00eda nombre"},"content":{"rendered":"\n<figure class=\"wp-block-image size-full\"><img loading=\"lazy\" decoding=\"async\" width=\"800\" height=\"605\" src=\"https:\/\/www.alzola.com\/wp-content\/uploads\/2026\/02\/La-Gazette-des-eaux-25-06-1868-207.jpg\" alt=\"\" class=\"wp-image-55569\" srcset=\"https:\/\/www.alzola.com\/wp-content\/uploads\/2026\/02\/La-Gazette-des-eaux-25-06-1868-207.jpg 800w, https:\/\/www.alzola.com\/wp-content\/uploads\/2026\/02\/La-Gazette-des-eaux-25-06-1868-207-300x227.jpg 300w, https:\/\/www.alzola.com\/wp-content\/uploads\/2026\/02\/La-Gazette-des-eaux-25-06-1868-207-768x581.jpg 768w, https:\/\/www.alzola.com\/wp-content\/uploads\/2026\/02\/La-Gazette-des-eaux-25-06-1868-207-678x513.jpg 678w, https:\/\/www.alzola.com\/wp-content\/uploads\/2026\/02\/La-Gazette-des-eaux-25-06-1868-207-84x64.jpg 84w, https:\/\/www.alzola.com\/wp-content\/uploads\/2026\/02\/La-Gazette-des-eaux-25-06-1868-207-200x151.jpg 200w, https:\/\/www.alzola.com\/wp-content\/uploads\/2026\/02\/La-Gazette-des-eaux-25-06-1868-207-450x340.jpg 450w\" sizes=\"auto, (max-width: 800px) 100vw, 800px\" \/><figcaption class=\"wp-element-caption\">Extracto de <em>La Gazette des eaux <\/em><em>, revue g\u00e9n\u00e9rale des \u00e9tablissements de l&#8217;Europe.<\/em> N\u00fam. 534 (25-06-1868)<\/figcaption><\/figure>\n\n\n\n<p>En la primavera de 1868, el manantial de Alzola ocup\u00f3 las deliberaciones de una de las instituciones cient\u00edficas m\u00e1s influyentes de su tiempo: la <em><strong>Soci\u00e9t\u00e9 d&#8217;hydrologie m\u00e9dicale de Paris<\/strong><\/em>. Fundada en 1853 por el m\u00e9dico Isidore Guitard, esta instituci\u00f3n estaba considerada <strong>una de las principales autoridades cient\u00edficas<\/strong> europeas en el estudio de las aguas minerales y la medicina termal.<\/p>\n\n\n\n<p>Sus miembros analizaban, clasificaban y evaluaban las<strong> fuentes mineromedicinales<\/strong> de toda Europa, estableciendo criterios que influ\u00edan en su <strong>reconocimiento y uso terap\u00e9utico<\/strong>. Lo que estaba en juego no era la calidad de nuestra agua de Alzola, ya reconocida desde hac\u00eda tiempo, sino algo aparentemente menor: su nombre. Un <strong>malentendido ling\u00fc\u00edstico<\/strong> que puso a nuestro manantial en el <strong>centro de un debate de cient\u00edficos<\/strong> en varias ocasiones.<\/p>\n\n\n\n<h2 class=\"wp-block-heading has-huge-font-size\">La Ubernaga de Jules Lefort<\/h2>\n\n\n\n<figure class=\"wp-block-image size-full\"><img loading=\"lazy\" decoding=\"async\" width=\"800\" height=\"602\" src=\"https:\/\/www.alzola.com\/wp-content\/uploads\/2026\/02\/Jules-Lefort-de-la-Societe-dhydrologie-medicale-de-Paris.jpg\" alt=\"\" class=\"wp-image-55575\" srcset=\"https:\/\/www.alzola.com\/wp-content\/uploads\/2026\/02\/Jules-Lefort-de-la-Societe-dhydrologie-medicale-de-Paris.jpg 800w, https:\/\/www.alzola.com\/wp-content\/uploads\/2026\/02\/Jules-Lefort-de-la-Societe-dhydrologie-medicale-de-Paris-300x226.jpg 300w, https:\/\/www.alzola.com\/wp-content\/uploads\/2026\/02\/Jules-Lefort-de-la-Societe-dhydrologie-medicale-de-Paris-768x578.jpg 768w, https:\/\/www.alzola.com\/wp-content\/uploads\/2026\/02\/Jules-Lefort-de-la-Societe-dhydrologie-medicale-de-Paris-678x510.jpg 678w, https:\/\/www.alzola.com\/wp-content\/uploads\/2026\/02\/Jules-Lefort-de-la-Societe-dhydrologie-medicale-de-Paris-84x63.jpg 84w, https:\/\/www.alzola.com\/wp-content\/uploads\/2026\/02\/Jules-Lefort-de-la-Societe-dhydrologie-medicale-de-Paris-200x151.jpg 200w, https:\/\/www.alzola.com\/wp-content\/uploads\/2026\/02\/Jules-Lefort-de-la-Societe-dhydrologie-medicale-de-Paris-450x339.jpg 450w\" sizes=\"auto, (max-width: 800px) 100vw, 800px\" \/><figcaption class=\"wp-element-caption\"><em>Jules Lefort, miembro de la Soci\u00e9t\u00e9 d&#8217;hydrologie m\u00e9dicale de Paris<\/em><\/figcaption><\/figure>\n\n\n\n<p>Todo comenz\u00f3 cuando el qu\u00edmico franc\u00e9s Jules Lefort (1819-1896), farmac\u00e9utico especializado en el estudio de aguas minerales, miembro de la <em>Soci\u00e9t\u00e9 d&#8217;hydrologie m\u00e9dicale de Paris<\/em> y futuro integrante de la <em>Acad\u00e9mie nationale de m\u00e9decine<\/em>, present\u00f3 ante la sociedad el an\u00e1lisis de una <strong>supuesta nueva fuente mineral en Alzola<\/strong>. Seg\u00fan el documento que hab\u00eda recibido, la fuente se llamaba \u201cUbernaga\u201d. Sin embargo, aquel nombre <strong>despert\u00f3 inmediatamente las dudas de otro experto<\/strong>, el doctor Armand-Jean-Baptiste Rotureau, m\u00e9dico e hidr\u00f3logo franc\u00e9s encargado por el gobierno de su pa\u00eds de estudiar las principales fuentes minerales europeas.<\/p>\n\n\n\n<h2 class=\"wp-block-heading has-huge-font-size\">La Urberoaga de Armand Rotureau<\/h2>\n\n\n\n<p>Rotureau sospech\u00f3 que <strong>no se trataba de una fuente desconocida<\/strong>, sino de la ya documentada Urberoaga de Alzola. No en vano, \u00e9l mismo hab\u00eda incluido el manantial cuatro a\u00f1os antes en su obra de referencia, <em><a href=\"https:\/\/www.google.es\/books\/edition\/Des_principales_eaux_min%C3%A9rales_de_l_Eur\/geY8AAAAcAAJ?hl=es&amp;gbpv=0\" type=\"link\" id=\"https:\/\/www.google.es\/books\/edition\/Des_principales_eaux_min%C3%A9rales_de_l_Eur\/geY8AAAAcAAJ?hl=es&amp;gbpv=0\" target=\"_blank\" rel=\"noreferrer noopener\">Des principales eaux min\u00e9rales de l&#8217;Europe<\/a><\/em>, publicada en 1864, donde citaba correctamente <strong>Urberoaga de Alzola<\/strong> como una de las fuentes minerales de la pen\u00ednsula.<\/p>\n\n\n\n<figure class=\"wp-block-image size-full\"><img loading=\"lazy\" decoding=\"async\" width=\"800\" height=\"471\" src=\"https:\/\/www.alzola.com\/wp-content\/uploads\/2026\/02\/La-Gazette-des-eaux-revue-generale-des-etablissements-de-lEurope.-Num.-523-09-04-1868-6.-Ubernaga-no-existe.jpg\" alt=\"\" class=\"wp-image-55572\" srcset=\"https:\/\/www.alzola.com\/wp-content\/uploads\/2026\/02\/La-Gazette-des-eaux-revue-generale-des-etablissements-de-lEurope.-Num.-523-09-04-1868-6.-Ubernaga-no-existe.jpg 800w, https:\/\/www.alzola.com\/wp-content\/uploads\/2026\/02\/La-Gazette-des-eaux-revue-generale-des-etablissements-de-lEurope.-Num.-523-09-04-1868-6.-Ubernaga-no-existe-300x177.jpg 300w, https:\/\/www.alzola.com\/wp-content\/uploads\/2026\/02\/La-Gazette-des-eaux-revue-generale-des-etablissements-de-lEurope.-Num.-523-09-04-1868-6.-Ubernaga-no-existe-768x452.jpg 768w, https:\/\/www.alzola.com\/wp-content\/uploads\/2026\/02\/La-Gazette-des-eaux-revue-generale-des-etablissements-de-lEurope.-Num.-523-09-04-1868-6.-Ubernaga-no-existe-678x399.jpg 678w, https:\/\/www.alzola.com\/wp-content\/uploads\/2026\/02\/La-Gazette-des-eaux-revue-generale-des-etablissements-de-lEurope.-Num.-523-09-04-1868-6.-Ubernaga-no-existe-84x49.jpg 84w, https:\/\/www.alzola.com\/wp-content\/uploads\/2026\/02\/La-Gazette-des-eaux-revue-generale-des-etablissements-de-lEurope.-Num.-523-09-04-1868-6.-Ubernaga-no-existe-200x118.jpg 200w, https:\/\/www.alzola.com\/wp-content\/uploads\/2026\/02\/La-Gazette-des-eaux-revue-generale-des-etablissements-de-lEurope.-Num.-523-09-04-1868-6.-Ubernaga-no-existe-450x265.jpg 450w\" sizes=\"auto, (max-width: 800px) 100vw, 800px\" \/><figcaption class=\"wp-element-caption\"><em>Extracto de La Gazette des eaux, revue g\u00e9n\u00e9rale des \u00e9tablissements de l&#8217;Europe. N\u00fam. 523 (09-04-1868)<\/em><\/figcaption><\/figure>\n\n\n\n<h2 class=\"wp-block-heading has-huge-font-size\">La Gazette des eaux<\/h2>\n\n\n\n<p>La pol\u00e9mica no tard\u00f3 en trasladarse a las p\u00e1ginas de la revista especializada <em><a href=\"https:\/\/gallica.bnf.fr\/ark:\/12148\/bpt6k96804033\" type=\"link\" id=\"https:\/\/gallica.bnf.fr\/ark:\/12148\/bpt6k96804033\" target=\"_blank\" rel=\"noreferrer noopener\">La Gazette des eaux, revue g\u00e9n\u00e9rale des \u00e9tablissements de l&#8217;Europe<\/a><\/em>, donde el caso fue analizado con detalle entre el 9 de abril y el 19 de noviembre de 1868. Sus redactores fueron tajantes: <strong>\u201cUbernaga\u201d no exist\u00eda ni significaba nada en euskera<\/strong>, mientras que \u201cUrberoaga\u201d era un t\u00e9rmino perfectamente comprensible, formado por <em>ur beroa<\/em>, es decir, \u201cagua caliente\u201d.<\/p>\n\n\n\n<p>La propia revista lo explicar\u00eda sin rodeos: la carta que hab\u00eda recibido Lefort estaba mal escrita, y <strong>el cient\u00edfico hab\u00eda confundido una <em>\u201co\u201d<\/em> con una <em>\u201cn\u201d<\/em>.<\/strong> Aunque la revista no lo mencionaba expresamente, los errores afectaban tambi\u00e9n a la primera \u00abr\u00bb que aparece y desaparece seg\u00fan qui\u00e9n la escriba y, al nombre de <em>\u201cUtilla\u201d<\/em>, cuando el top\u00f3nimo correcto sabemos que es Ubilla, lo que confirma que el documento original presentaba dificultades reales de lectura o transcripci\u00f3n y no una simple excusa.<\/p>\n\n\n\n<figure class=\"wp-block-image size-full\"><img loading=\"lazy\" decoding=\"async\" width=\"800\" height=\"281\" src=\"https:\/\/www.alzola.com\/wp-content\/uploads\/2026\/02\/La-Gazette-des-eaux-revue-generale-des-etablissements-de-lEurope.-Num.-553-05-11-1868-4-Dejame.jpg\" alt=\"\" class=\"wp-image-55571\" srcset=\"https:\/\/www.alzola.com\/wp-content\/uploads\/2026\/02\/La-Gazette-des-eaux-revue-generale-des-etablissements-de-lEurope.-Num.-553-05-11-1868-4-Dejame.jpg 800w, https:\/\/www.alzola.com\/wp-content\/uploads\/2026\/02\/La-Gazette-des-eaux-revue-generale-des-etablissements-de-lEurope.-Num.-553-05-11-1868-4-Dejame-300x105.jpg 300w, https:\/\/www.alzola.com\/wp-content\/uploads\/2026\/02\/La-Gazette-des-eaux-revue-generale-des-etablissements-de-lEurope.-Num.-553-05-11-1868-4-Dejame-768x270.jpg 768w, https:\/\/www.alzola.com\/wp-content\/uploads\/2026\/02\/La-Gazette-des-eaux-revue-generale-des-etablissements-de-lEurope.-Num.-553-05-11-1868-4-Dejame-678x238.jpg 678w, https:\/\/www.alzola.com\/wp-content\/uploads\/2026\/02\/La-Gazette-des-eaux-revue-generale-des-etablissements-de-lEurope.-Num.-553-05-11-1868-4-Dejame-84x30.jpg 84w, https:\/\/www.alzola.com\/wp-content\/uploads\/2026\/02\/La-Gazette-des-eaux-revue-generale-des-etablissements-de-lEurope.-Num.-553-05-11-1868-4-Dejame-200x70.jpg 200w, https:\/\/www.alzola.com\/wp-content\/uploads\/2026\/02\/La-Gazette-des-eaux-revue-generale-des-etablissements-de-lEurope.-Num.-553-05-11-1868-4-Dejame-450x158.jpg 450w\" sizes=\"auto, (max-width: 800px) 100vw, 800px\" \/><figcaption class=\"wp-element-caption\"><em>Extracto de<\/em> <em>La Gazette des eaux, revue g\u00e9n\u00e9rale des \u00e9tablissements de l&#8217;Europe. N\u00fam. 553 (05-11-1868)<\/em><\/figcaption><\/figure>\n\n\n\n<p>Lejos de tratarse de un simple detalle, el asunto provoc\u00f3 un intenso debate. Incluso Lefort lleg\u00f3 a responder a Rotureau con una frase tan reveladora como significativa: <em><strong>\u00abYo le concedo su Urberoaga; d\u00e9jeme mi Ubernaga; as\u00ed son dos\u00bb<\/strong><\/em>. La cita, recogida en la propia Gazette, muestra hasta qu\u00e9 punto el cient\u00edfico franc\u00e9s defend\u00eda inicialmente la existencia de una fuente distinta, y quiz\u00e1s fuera as\u00ed, ya que en <em>La Gazette des eaux , revue g\u00e9n\u00e9rale des \u00e9tablissements de l&#8217;Europe<\/em> publicada el 25 de junio de 1868, se menciona la provincia de Vizcaya.<\/p>\n\n\n\n<h2 class=\"wp-block-heading has-huge-font-size\"><strong>La aclaraci\u00f3n del Dr. D. Vicente de Urquiola<\/strong><\/h2>\n\n\n\n<p>Para aclarar la situaci\u00f3n, los m\u00e9dicos solicitaron informaci\u00f3n directa al doctor<strong> Vicente de Urquiola, m\u00e9dico director de nuestro balneario<\/strong> en aquella \u00e9poca. Su respuesta fue reveladora. Confirm\u00f3 que en la regi\u00f3n exist\u00edan peque\u00f1as surgencias termales sin explotar, como una fuente situada cerca de Marquina, pero subray\u00f3 que el t\u00e9rmino \u201cUrberoaga\u201d no era un nombre propio exclusivo, sino una <strong>denominaci\u00f3n gen\u00e9rica utilizada en el Pa\u00eds Vasco para designar aguas termales<\/strong>, siempre acompa\u00f1ada del nombre del lugar: <em>Urberoaga de Guesalaga<\/em> para las aguas de Cestona<em>,<\/em> <em>Urberoaga de Alzola<\/em> para las aguas de Alzola, etc.<\/p>\n\n\n\n<figure class=\"wp-block-image size-full\"><img loading=\"lazy\" decoding=\"async\" width=\"800\" height=\"312\" src=\"https:\/\/www.alzola.com\/wp-content\/uploads\/2026\/02\/La-Gazette-des-eaux-25-06-1868-208-Agua-caliente.jpg\" alt=\"\" class=\"wp-image-55570\" srcset=\"https:\/\/www.alzola.com\/wp-content\/uploads\/2026\/02\/La-Gazette-des-eaux-25-06-1868-208-Agua-caliente.jpg 800w, https:\/\/www.alzola.com\/wp-content\/uploads\/2026\/02\/La-Gazette-des-eaux-25-06-1868-208-Agua-caliente-300x117.jpg 300w, https:\/\/www.alzola.com\/wp-content\/uploads\/2026\/02\/La-Gazette-des-eaux-25-06-1868-208-Agua-caliente-768x300.jpg 768w, https:\/\/www.alzola.com\/wp-content\/uploads\/2026\/02\/La-Gazette-des-eaux-25-06-1868-208-Agua-caliente-678x264.jpg 678w, https:\/\/www.alzola.com\/wp-content\/uploads\/2026\/02\/La-Gazette-des-eaux-25-06-1868-208-Agua-caliente-84x33.jpg 84w, https:\/\/www.alzola.com\/wp-content\/uploads\/2026\/02\/La-Gazette-des-eaux-25-06-1868-208-Agua-caliente-200x78.jpg 200w, https:\/\/www.alzola.com\/wp-content\/uploads\/2026\/02\/La-Gazette-des-eaux-25-06-1868-208-Agua-caliente-450x176.jpg 450w\" sizes=\"auto, (max-width: 800px) 100vw, 800px\" \/><figcaption class=\"wp-element-caption\"><em>Extracto de La Gazette des eaux, revue g\u00e9n\u00e9rale des \u00e9tablissements de l&#8217;Europe. N\u00fam. 534 (25-06-1868)<\/em><\/figcaption><\/figure>\n\n\n\n<h2 class=\"wp-block-heading has-huge-font-size\">Una rectificaci\u00f3n p\u00fablica documentada<\/h2>\n\n\n\n<p>La evidencia resultaba clara. La revista insisti\u00f3 en la necesidad de <strong>corregir el error para evitar que un nombre inexistente quedara fijado en la literatura cient\u00edfica<\/strong>. Finalmente, en la sesi\u00f3n del 16 de noviembre de 1868, Lefort rectific\u00f3 p\u00fablicamente. Reconoci\u00f3 que hab\u00eda le\u00eddo mal el nombre y admiti\u00f3 que<strong> la denominaci\u00f3n correcta era Urberoaga<\/strong>, dando as\u00ed la raz\u00f3n a Rotureau. Con ello, la revista cerraba una controversia que hab\u00eda ocupado ocho meses a los miembros de la Sociedad de Hidrolog\u00eda M\u00e9dica de Par\u00eds.<\/p>\n\n\n\n<p>Este episodio, aparentemente anecd\u00f3tico, revela varias realidades profundas. Por un lado, demuestra que <strong>las aguas de Alzola eran lo suficientemente conocidas<\/strong> como para formar parte de los debates de la hidrolog\u00eda internacional y figurar en tratados especializados. Por otro, pone de manifiesto hasta qu\u00e9 punto el prestigio de sus <strong>manantiales estaba ligado a una tradici\u00f3n local y a una lengua<\/strong> \u2014el euskera\u2014 cuyo significado preciso era esencial para comprender su identidad.<\/p>\n\n\n\n<figure class=\"wp-block-image size-full\"><img loading=\"lazy\" decoding=\"async\" width=\"800\" height=\"648\" src=\"https:\/\/www.alzola.com\/wp-content\/uploads\/2026\/02\/La-Gazette-des-eaux-revue-generale-des-etablissements-de-lEurope.-Num.-553-05-11-1868-4-Rectificacion.jpg\" alt=\"\" class=\"wp-image-55587\" srcset=\"https:\/\/www.alzola.com\/wp-content\/uploads\/2026\/02\/La-Gazette-des-eaux-revue-generale-des-etablissements-de-lEurope.-Num.-553-05-11-1868-4-Rectificacion.jpg 800w, https:\/\/www.alzola.com\/wp-content\/uploads\/2026\/02\/La-Gazette-des-eaux-revue-generale-des-etablissements-de-lEurope.-Num.-553-05-11-1868-4-Rectificacion-300x243.jpg 300w, https:\/\/www.alzola.com\/wp-content\/uploads\/2026\/02\/La-Gazette-des-eaux-revue-generale-des-etablissements-de-lEurope.-Num.-553-05-11-1868-4-Rectificacion-768x622.jpg 768w, https:\/\/www.alzola.com\/wp-content\/uploads\/2026\/02\/La-Gazette-des-eaux-revue-generale-des-etablissements-de-lEurope.-Num.-553-05-11-1868-4-Rectificacion-678x549.jpg 678w, https:\/\/www.alzola.com\/wp-content\/uploads\/2026\/02\/La-Gazette-des-eaux-revue-generale-des-etablissements-de-lEurope.-Num.-553-05-11-1868-4-Rectificacion-84x68.jpg 84w, https:\/\/www.alzola.com\/wp-content\/uploads\/2026\/02\/La-Gazette-des-eaux-revue-generale-des-etablissements-de-lEurope.-Num.-553-05-11-1868-4-Rectificacion-200x162.jpg 200w, https:\/\/www.alzola.com\/wp-content\/uploads\/2026\/02\/La-Gazette-des-eaux-revue-generale-des-etablissements-de-lEurope.-Num.-553-05-11-1868-4-Rectificacion-450x365.jpg 450w\" sizes=\"auto, (max-width: 800px) 100vw, 800px\" \/><figcaption class=\"wp-element-caption\"><em>Extracto de La Gazette des eaux, revue g\u00e9n\u00e9rale des \u00e9tablissements de l&#8217;Europe. N\u00fam. 553 (05-11-1868)<\/em><\/figcaption><\/figure>\n\n\n\n<p>Pero, sobre todo, esta historia nos recuerda algo fundamental: que el manantial de Alzola no solo ha sido un lugar de salud, sino tambi\u00e9n un lugar de conocimiento. Un manantial que, incluso a cientos de kil\u00f3metros de distancia, en los salones cient\u00edficos de Par\u00eds, despertaba preguntas, discusiones y la <strong>voluntad de comprender mejor el origen y el valor de sus aguas<\/strong>.<\/p>\n","protected":false},"excerpt":{"rendered":"<p>En la primavera de 1868, el manantial de Alzola ocup\u00f3 las deliberaciones de una de las instituciones cient\u00edficas m\u00e1s influyentes de su tiempo: la Soci\u00e9t\u00e9 d&#8217;hydrologie m\u00e9dicale de Paris. Fundada en 1853 por el m\u00e9dico Isidore Guitard, esta instituci\u00f3n estaba considerada una de las principales autoridades cient\u00edficas europeas en el estudio de las aguas minerales y la medicina termal. Sus miembros analizaban, clasificaban y evaluaban las fuentes mineromedicinales de toda Europa, estableciendo criterios que influ\u00edan en su reconocimiento y uso terap\u00e9utico. Lo que estaba en juego no era la calidad de nuestra agua de Alzola, ya reconocida desde hac\u00eda tiempo, sino algo aparentemente menor: su nombre. Un malentendido ling\u00fc\u00edstico que puso a nuestro manantial en el centro de un debate de cient\u00edficos en varias ocasiones. La Ubernaga de Jules Lefort Todo comenz\u00f3 cuando el qu\u00edmico franc\u00e9s Jules Lefort (1819-1896), farmac\u00e9utico especializado en el estudio de aguas minerales, miembro de la Soci\u00e9t\u00e9 d&#8217;hydrologie m\u00e9dicale de Paris y futuro integrante de la Acad\u00e9mie nationale de m\u00e9decine, present\u00f3 ante la sociedad el an\u00e1lisis de una supuesta nueva fuente mineral en Alzola. Seg\u00fan el documento que hab\u00eda recibido, la fuente se llamaba \u201cUbernaga\u201d. Sin embargo, aquel nombre despert\u00f3 inmediatamente las dudas de otro experto,&#8230;<\/p>\n","protected":false},"author":2,"featured_media":55568,"comment_status":"closed","ping_status":"open","sticky":false,"template":"","format":"standard","meta":{"om_disable_all_campaigns":false,"_monsterinsights_skip_tracking":false,"_monsterinsights_sitenote_active":false,"_monsterinsights_sitenote_note":"","_monsterinsights_sitenote_category":0,"footnotes":""},"categories":[136,49],"tags":[215,214,529],"class_list":["post-55566","post","type-post","status-publish","format-standard","has-post-thumbnail","hentry","category-alzola","category-balneario-de-alzola","tag-balneario-de-alzola","tag-cultura-del-agua","tag-siglo-xix"],"yoast_head":"<!-- This site is optimized with the Yoast SEO plugin v27.5 - https:\/\/yoast.com\/product\/yoast-seo-wordpress\/ -->\n<title>El manantial vasco que no ten\u00eda nombre - Alzola Basque Water<\/title>\n<meta name=\"description\" content=\"El error que confundi\u00f3 el nombre del manantial de Alzola en 1868.\" \/>\n<meta name=\"robots\" content=\"index, follow, max-snippet:-1, max-image-preview:large, max-video-preview:-1\" \/>\n<link rel=\"canonical\" href=\"https:\/\/www.alzola.com\/es\/el-manantial-vasco-que-no-tenia-nombre\/\" \/>\n<meta property=\"og:locale\" content=\"es_ES\" \/>\n<meta property=\"og:type\" content=\"article\" \/>\n<meta property=\"og:title\" content=\"El manantial vasco que no ten\u00eda nombre - Alzola Basque Water\" \/>\n<meta property=\"og:description\" content=\"El error que confundi\u00f3 el nombre del manantial de Alzola en 1868.\" \/>\n<meta property=\"og:url\" content=\"https:\/\/www.alzola.com\/es\/el-manantial-vasco-que-no-tenia-nombre\/\" \/>\n<meta property=\"og:site_name\" content=\"Alzola Basque Water\" \/>\n<meta property=\"article:publisher\" content=\"https:\/\/www.facebook.com\/alzolabasquewater\/\" \/>\n<meta property=\"article:author\" content=\"www.facebook.com\/AlzolaBasqueWater\" \/>\n<meta property=\"article:published_time\" content=\"2026-02-25T23:50:41+00:00\" \/>\n<meta property=\"article:modified_time\" content=\"2026-02-26T10:36:58+00:00\" \/>\n<meta property=\"og:image\" content=\"https:\/\/www.alzola.com\/wp-content\/uploads\/2026\/02\/La-Gazette-des-eaux-revue-generale-des-etablissements-de-lEurope.-Num.-555-19-11-1868-1.-Portada.jpg\" \/>\n\t<meta property=\"og:image:width\" content=\"800\" \/>\n\t<meta property=\"og:image:height\" content=\"533\" \/>\n\t<meta property=\"og:image:type\" content=\"image\/jpeg\" \/>\n<meta name=\"author\" content=\"Alzola Basque Water\" \/>\n<meta name=\"twitter:card\" content=\"summary_large_image\" \/>\n<meta name=\"twitter:creator\" content=\"@basquewater\" \/>\n<meta name=\"twitter:site\" content=\"@BasqueWater\" \/>\n<meta name=\"twitter:label1\" content=\"Escrito por\" \/>\n\t<meta name=\"twitter:data1\" content=\"Alzola Basque Water\" \/>\n\t<meta name=\"twitter:label2\" content=\"Tiempo de lectura\" \/>\n\t<meta name=\"twitter:data2\" content=\"6 minutos\" \/>\n<script type=\"application\/ld+json\" class=\"yoast-schema-graph\">{\"@context\":\"https:\\\/\\\/schema.org\",\"@graph\":[{\"@type\":\"Article\",\"@id\":\"https:\\\/\\\/www.alzola.com\\\/es\\\/el-manantial-vasco-que-no-tenia-nombre\\\/#article\",\"isPartOf\":{\"@id\":\"https:\\\/\\\/www.alzola.com\\\/es\\\/el-manantial-vasco-que-no-tenia-nombre\\\/\"},\"author\":{\"name\":\"Alzola Basque Water\",\"@id\":\"https:\\\/\\\/www.alzola.com\\\/es\\\/#\\\/schema\\\/person\\\/67ba21fcc68e23f591865e5457edc378\"},\"headline\":\"El manantial vasco que no ten\u00eda nombre\",\"datePublished\":\"2026-02-25T23:50:41+00:00\",\"dateModified\":\"2026-02-26T10:36:58+00:00\",\"mainEntityOfPage\":{\"@id\":\"https:\\\/\\\/www.alzola.com\\\/es\\\/el-manantial-vasco-que-no-tenia-nombre\\\/\"},\"wordCount\":1046,\"publisher\":{\"@id\":\"https:\\\/\\\/www.alzola.com\\\/es\\\/#organization\"},\"image\":{\"@id\":\"https:\\\/\\\/www.alzola.com\\\/es\\\/el-manantial-vasco-que-no-tenia-nombre\\\/#primaryimage\"},\"thumbnailUrl\":\"https:\\\/\\\/www.alzola.com\\\/wp-content\\\/uploads\\\/2026\\\/02\\\/La-Gazette-des-eaux-revue-generale-des-etablissements-de-lEurope.-Num.-555-19-11-1868-1.-Portada.jpg\",\"keywords\":[\"Balneario de Alzola\",\"Cultura del Agua\",\"siglo XIX\"],\"articleSection\":[\"Alzola\",\"Balneario de Alzola\"],\"inLanguage\":\"es\"},{\"@type\":\"WebPage\",\"@id\":\"https:\\\/\\\/www.alzola.com\\\/es\\\/el-manantial-vasco-que-no-tenia-nombre\\\/\",\"url\":\"https:\\\/\\\/www.alzola.com\\\/es\\\/el-manantial-vasco-que-no-tenia-nombre\\\/\",\"name\":\"El manantial vasco que no ten\u00eda nombre - Alzola Basque Water\",\"isPartOf\":{\"@id\":\"https:\\\/\\\/www.alzola.com\\\/es\\\/#website\"},\"primaryImageOfPage\":{\"@id\":\"https:\\\/\\\/www.alzola.com\\\/es\\\/el-manantial-vasco-que-no-tenia-nombre\\\/#primaryimage\"},\"image\":{\"@id\":\"https:\\\/\\\/www.alzola.com\\\/es\\\/el-manantial-vasco-que-no-tenia-nombre\\\/#primaryimage\"},\"thumbnailUrl\":\"https:\\\/\\\/www.alzola.com\\\/wp-content\\\/uploads\\\/2026\\\/02\\\/La-Gazette-des-eaux-revue-generale-des-etablissements-de-lEurope.-Num.-555-19-11-1868-1.-Portada.jpg\",\"datePublished\":\"2026-02-25T23:50:41+00:00\",\"dateModified\":\"2026-02-26T10:36:58+00:00\",\"description\":\"El error que confundi\u00f3 el nombre del manantial de Alzola en 1868.\",\"breadcrumb\":{\"@id\":\"https:\\\/\\\/www.alzola.com\\\/es\\\/el-manantial-vasco-que-no-tenia-nombre\\\/#breadcrumb\"},\"inLanguage\":\"es\",\"potentialAction\":[{\"@type\":\"ReadAction\",\"target\":[\"https:\\\/\\\/www.alzola.com\\\/es\\\/el-manantial-vasco-que-no-tenia-nombre\\\/\"]}]},{\"@type\":\"ImageObject\",\"inLanguage\":\"es\",\"@id\":\"https:\\\/\\\/www.alzola.com\\\/es\\\/el-manantial-vasco-que-no-tenia-nombre\\\/#primaryimage\",\"url\":\"https:\\\/\\\/www.alzola.com\\\/wp-content\\\/uploads\\\/2026\\\/02\\\/La-Gazette-des-eaux-revue-generale-des-etablissements-de-lEurope.-Num.-555-19-11-1868-1.-Portada.jpg\",\"contentUrl\":\"https:\\\/\\\/www.alzola.com\\\/wp-content\\\/uploads\\\/2026\\\/02\\\/La-Gazette-des-eaux-revue-generale-des-etablissements-de-lEurope.-Num.-555-19-11-1868-1.-Portada.jpg\",\"width\":800,\"height\":533},{\"@type\":\"BreadcrumbList\",\"@id\":\"https:\\\/\\\/www.alzola.com\\\/es\\\/el-manantial-vasco-que-no-tenia-nombre\\\/#breadcrumb\",\"itemListElement\":[{\"@type\":\"ListItem\",\"position\":1,\"name\":\"Portada\",\"item\":\"https:\\\/\\\/www.alzola.com\\\/es\\\/\"},{\"@type\":\"ListItem\",\"position\":2,\"name\":\"El manantial vasco que no ten\u00eda nombre\"}]},{\"@type\":\"WebSite\",\"@id\":\"https:\\\/\\\/www.alzola.com\\\/es\\\/#website\",\"url\":\"https:\\\/\\\/www.alzola.com\\\/es\\\/\",\"name\":\"Alzola Basque Water\",\"description\":\"Agua Mineral Natural desde 1801\",\"publisher\":{\"@id\":\"https:\\\/\\\/www.alzola.com\\\/es\\\/#organization\"},\"potentialAction\":[{\"@type\":\"SearchAction\",\"target\":{\"@type\":\"EntryPoint\",\"urlTemplate\":\"https:\\\/\\\/www.alzola.com\\\/es\\\/?s={search_term_string}\"},\"query-input\":{\"@type\":\"PropertyValueSpecification\",\"valueRequired\":true,\"valueName\":\"search_term_string\"}}],\"inLanguage\":\"es\"},{\"@type\":\"Organization\",\"@id\":\"https:\\\/\\\/www.alzola.com\\\/es\\\/#organization\",\"name\":\"BalenzateguiSA - Alzola Basque Water\",\"url\":\"https:\\\/\\\/www.alzola.com\\\/es\\\/\",\"logo\":{\"@type\":\"ImageObject\",\"inLanguage\":\"es\",\"@id\":\"https:\\\/\\\/www.alzola.com\\\/es\\\/#\\\/schema\\\/logo\\\/image\\\/\",\"url\":\"https:\\\/\\\/www.alzola.com\\\/wp-content\\\/uploads\\\/2013\\\/09\\\/Logo-alzola-baja.png\",\"contentUrl\":\"https:\\\/\\\/www.alzola.com\\\/wp-content\\\/uploads\\\/2013\\\/09\\\/Logo-alzola-baja.png\",\"width\":892,\"height\":600,\"caption\":\"BalenzateguiSA - Alzola Basque Water\"},\"image\":{\"@id\":\"https:\\\/\\\/www.alzola.com\\\/es\\\/#\\\/schema\\\/logo\\\/image\\\/\"},\"sameAs\":[\"https:\\\/\\\/www.facebook.com\\\/alzolabasquewater\\\/\",\"https:\\\/\\\/x.com\\\/BasqueWater\",\"https:\\\/\\\/www.instagram.com\\\/basquewater\\\/\",\"https:\\\/\\\/www.linkedin.com\\\/company\\\/3155611\\\/\",\"https:\\\/\\\/es.pinterest.com\\\/basquewater\\\/\",\"https:\\\/\\\/www.youtube.com\\\/AlzolaBasqueWater\"]},{\"@type\":\"Person\",\"@id\":\"https:\\\/\\\/www.alzola.com\\\/es\\\/#\\\/schema\\\/person\\\/67ba21fcc68e23f591865e5457edc378\",\"name\":\"Alzola Basque Water\",\"image\":{\"@type\":\"ImageObject\",\"inLanguage\":\"es\",\"@id\":\"https:\\\/\\\/secure.gravatar.com\\\/avatar\\\/6c16b08ba125fac103c3b367e4bd71c56459032ae0395aef4da6ab3a913593ba?s=96&d=mm&r=g\",\"url\":\"https:\\\/\\\/secure.gravatar.com\\\/avatar\\\/6c16b08ba125fac103c3b367e4bd71c56459032ae0395aef4da6ab3a913593ba?s=96&d=mm&r=g\",\"contentUrl\":\"https:\\\/\\\/secure.gravatar.com\\\/avatar\\\/6c16b08ba125fac103c3b367e4bd71c56459032ae0395aef4da6ab3a913593ba?s=96&d=mm&r=g\",\"caption\":\"Alzola Basque Water\"},\"description\":\"Agua Mineral Natural declarada de Utilidad P\u00fablica en 1843.\",\"sameAs\":[\"https:\\\/\\\/www.alzola.com\",\"www.facebook.com\\\/AlzolaBasqueWater\",\"https:\\\/\\\/www.instagram.com\\\/basquewater\\\/\",\"https:\\\/\\\/x.com\\\/basquewater\"]}]}<\/script>\n<!-- \/ Yoast SEO plugin. -->","yoast_head_json":{"title":"El manantial vasco que no ten\u00eda nombre - Alzola Basque Water","description":"El error que confundi\u00f3 el nombre del manantial de Alzola en 1868.","robots":{"index":"index","follow":"follow","max-snippet":"max-snippet:-1","max-image-preview":"max-image-preview:large","max-video-preview":"max-video-preview:-1"},"canonical":"https:\/\/www.alzola.com\/es\/el-manantial-vasco-que-no-tenia-nombre\/","og_locale":"es_ES","og_type":"article","og_title":"El manantial vasco que no ten\u00eda nombre - Alzola Basque Water","og_description":"El error que confundi\u00f3 el nombre del manantial de Alzola en 1868.","og_url":"https:\/\/www.alzola.com\/es\/el-manantial-vasco-que-no-tenia-nombre\/","og_site_name":"Alzola Basque Water","article_publisher":"https:\/\/www.facebook.com\/alzolabasquewater\/","article_author":"www.facebook.com\/AlzolaBasqueWater","article_published_time":"2026-02-25T23:50:41+00:00","article_modified_time":"2026-02-26T10:36:58+00:00","og_image":[{"width":800,"height":533,"url":"https:\/\/www.alzola.com\/wp-content\/uploads\/2026\/02\/La-Gazette-des-eaux-revue-generale-des-etablissements-de-lEurope.-Num.-555-19-11-1868-1.-Portada.jpg","type":"image\/jpeg"}],"author":"Alzola Basque Water","twitter_card":"summary_large_image","twitter_creator":"@basquewater","twitter_site":"@BasqueWater","twitter_misc":{"Escrito por":"Alzola Basque Water","Tiempo de lectura":"6 minutos"},"schema":{"@context":"https:\/\/schema.org","@graph":[{"@type":"Article","@id":"https:\/\/www.alzola.com\/es\/el-manantial-vasco-que-no-tenia-nombre\/#article","isPartOf":{"@id":"https:\/\/www.alzola.com\/es\/el-manantial-vasco-que-no-tenia-nombre\/"},"author":{"name":"Alzola Basque Water","@id":"https:\/\/www.alzola.com\/es\/#\/schema\/person\/67ba21fcc68e23f591865e5457edc378"},"headline":"El manantial vasco que no ten\u00eda nombre","datePublished":"2026-02-25T23:50:41+00:00","dateModified":"2026-02-26T10:36:58+00:00","mainEntityOfPage":{"@id":"https:\/\/www.alzola.com\/es\/el-manantial-vasco-que-no-tenia-nombre\/"},"wordCount":1046,"publisher":{"@id":"https:\/\/www.alzola.com\/es\/#organization"},"image":{"@id":"https:\/\/www.alzola.com\/es\/el-manantial-vasco-que-no-tenia-nombre\/#primaryimage"},"thumbnailUrl":"https:\/\/www.alzola.com\/wp-content\/uploads\/2026\/02\/La-Gazette-des-eaux-revue-generale-des-etablissements-de-lEurope.-Num.-555-19-11-1868-1.-Portada.jpg","keywords":["Balneario de Alzola","Cultura del Agua","siglo XIX"],"articleSection":["Alzola","Balneario de Alzola"],"inLanguage":"es"},{"@type":"WebPage","@id":"https:\/\/www.alzola.com\/es\/el-manantial-vasco-que-no-tenia-nombre\/","url":"https:\/\/www.alzola.com\/es\/el-manantial-vasco-que-no-tenia-nombre\/","name":"El manantial vasco que no ten\u00eda nombre - Alzola Basque Water","isPartOf":{"@id":"https:\/\/www.alzola.com\/es\/#website"},"primaryImageOfPage":{"@id":"https:\/\/www.alzola.com\/es\/el-manantial-vasco-que-no-tenia-nombre\/#primaryimage"},"image":{"@id":"https:\/\/www.alzola.com\/es\/el-manantial-vasco-que-no-tenia-nombre\/#primaryimage"},"thumbnailUrl":"https:\/\/www.alzola.com\/wp-content\/uploads\/2026\/02\/La-Gazette-des-eaux-revue-generale-des-etablissements-de-lEurope.-Num.-555-19-11-1868-1.-Portada.jpg","datePublished":"2026-02-25T23:50:41+00:00","dateModified":"2026-02-26T10:36:58+00:00","description":"El error que confundi\u00f3 el nombre del manantial de Alzola en 1868.","breadcrumb":{"@id":"https:\/\/www.alzola.com\/es\/el-manantial-vasco-que-no-tenia-nombre\/#breadcrumb"},"inLanguage":"es","potentialAction":[{"@type":"ReadAction","target":["https:\/\/www.alzola.com\/es\/el-manantial-vasco-que-no-tenia-nombre\/"]}]},{"@type":"ImageObject","inLanguage":"es","@id":"https:\/\/www.alzola.com\/es\/el-manantial-vasco-que-no-tenia-nombre\/#primaryimage","url":"https:\/\/www.alzola.com\/wp-content\/uploads\/2026\/02\/La-Gazette-des-eaux-revue-generale-des-etablissements-de-lEurope.-Num.-555-19-11-1868-1.-Portada.jpg","contentUrl":"https:\/\/www.alzola.com\/wp-content\/uploads\/2026\/02\/La-Gazette-des-eaux-revue-generale-des-etablissements-de-lEurope.-Num.-555-19-11-1868-1.-Portada.jpg","width":800,"height":533},{"@type":"BreadcrumbList","@id":"https:\/\/www.alzola.com\/es\/el-manantial-vasco-que-no-tenia-nombre\/#breadcrumb","itemListElement":[{"@type":"ListItem","position":1,"name":"Portada","item":"https:\/\/www.alzola.com\/es\/"},{"@type":"ListItem","position":2,"name":"El manantial vasco que no ten\u00eda nombre"}]},{"@type":"WebSite","@id":"https:\/\/www.alzola.com\/es\/#website","url":"https:\/\/www.alzola.com\/es\/","name":"Alzola Basque Water","description":"Agua Mineral Natural desde 1801","publisher":{"@id":"https:\/\/www.alzola.com\/es\/#organization"},"potentialAction":[{"@type":"SearchAction","target":{"@type":"EntryPoint","urlTemplate":"https:\/\/www.alzola.com\/es\/?s={search_term_string}"},"query-input":{"@type":"PropertyValueSpecification","valueRequired":true,"valueName":"search_term_string"}}],"inLanguage":"es"},{"@type":"Organization","@id":"https:\/\/www.alzola.com\/es\/#organization","name":"BalenzateguiSA - Alzola Basque Water","url":"https:\/\/www.alzola.com\/es\/","logo":{"@type":"ImageObject","inLanguage":"es","@id":"https:\/\/www.alzola.com\/es\/#\/schema\/logo\/image\/","url":"https:\/\/www.alzola.com\/wp-content\/uploads\/2013\/09\/Logo-alzola-baja.png","contentUrl":"https:\/\/www.alzola.com\/wp-content\/uploads\/2013\/09\/Logo-alzola-baja.png","width":892,"height":600,"caption":"BalenzateguiSA - Alzola Basque Water"},"image":{"@id":"https:\/\/www.alzola.com\/es\/#\/schema\/logo\/image\/"},"sameAs":["https:\/\/www.facebook.com\/alzolabasquewater\/","https:\/\/x.com\/BasqueWater","https:\/\/www.instagram.com\/basquewater\/","https:\/\/www.linkedin.com\/company\/3155611\/","https:\/\/es.pinterest.com\/basquewater\/","https:\/\/www.youtube.com\/AlzolaBasqueWater"]},{"@type":"Person","@id":"https:\/\/www.alzola.com\/es\/#\/schema\/person\/67ba21fcc68e23f591865e5457edc378","name":"Alzola Basque Water","image":{"@type":"ImageObject","inLanguage":"es","@id":"https:\/\/secure.gravatar.com\/avatar\/6c16b08ba125fac103c3b367e4bd71c56459032ae0395aef4da6ab3a913593ba?s=96&d=mm&r=g","url":"https:\/\/secure.gravatar.com\/avatar\/6c16b08ba125fac103c3b367e4bd71c56459032ae0395aef4da6ab3a913593ba?s=96&d=mm&r=g","contentUrl":"https:\/\/secure.gravatar.com\/avatar\/6c16b08ba125fac103c3b367e4bd71c56459032ae0395aef4da6ab3a913593ba?s=96&d=mm&r=g","caption":"Alzola Basque Water"},"description":"Agua Mineral Natural declarada de Utilidad P\u00fablica en 1843.","sameAs":["https:\/\/www.alzola.com","www.facebook.com\/AlzolaBasqueWater","https:\/\/www.instagram.com\/basquewater\/","https:\/\/x.com\/basquewater"]}]}},"_links":{"self":[{"href":"https:\/\/www.alzola.com\/es\/wp-json\/wp\/v2\/posts\/55566","targetHints":{"allow":["GET"]}}],"collection":[{"href":"https:\/\/www.alzola.com\/es\/wp-json\/wp\/v2\/posts"}],"about":[{"href":"https:\/\/www.alzola.com\/es\/wp-json\/wp\/v2\/types\/post"}],"author":[{"embeddable":true,"href":"https:\/\/www.alzola.com\/es\/wp-json\/wp\/v2\/users\/2"}],"replies":[{"embeddable":true,"href":"https:\/\/www.alzola.com\/es\/wp-json\/wp\/v2\/comments?post=55566"}],"version-history":[{"count":10,"href":"https:\/\/www.alzola.com\/es\/wp-json\/wp\/v2\/posts\/55566\/revisions"}],"predecessor-version":[{"id":55588,"href":"https:\/\/www.alzola.com\/es\/wp-json\/wp\/v2\/posts\/55566\/revisions\/55588"}],"wp:featuredmedia":[{"embeddable":true,"href":"https:\/\/www.alzola.com\/es\/wp-json\/wp\/v2\/media\/55568"}],"wp:attachment":[{"href":"https:\/\/www.alzola.com\/es\/wp-json\/wp\/v2\/media?parent=55566"}],"wp:term":[{"taxonomy":"category","embeddable":true,"href":"https:\/\/www.alzola.com\/es\/wp-json\/wp\/v2\/categories?post=55566"},{"taxonomy":"post_tag","embeddable":true,"href":"https:\/\/www.alzola.com\/es\/wp-json\/wp\/v2\/tags?post=55566"}],"curies":[{"name":"wp","href":"https:\/\/api.w.org\/{rel}","templated":true}]}}