{"id":55014,"date":"2024-10-29T00:32:05","date_gmt":"2024-10-28T23:32:05","guid":{"rendered":"https:\/\/www.alzola.com\/?p=55014"},"modified":"2024-10-29T00:32:06","modified_gmt":"2024-10-28T23:32:06","slug":"el-farol-del-pecado-un-relato-terrorifico-a-orillas-del-deva","status":"publish","type":"post","link":"https:\/\/www.alzola.com\/es\/el-farol-del-pecado-un-relato-terrorifico-a-orillas-del-deva\/","title":{"rendered":"El Farol del Pecado: Un relato terror\u00edfico a orillas del Deva"},"content":{"rendered":"\n<figure class=\"wp-block-image size-full\"><img loading=\"lazy\" decoding=\"async\" width=\"800\" height=\"799\" src=\"https:\/\/www.alzola.com\/wp-content\/uploads\/2024\/10\/Retrato-de-Victor-Balaguer-realizado-por-Juan-Luna-y-Novicio-1888.-Museo-de-El-Prado.jpg\" alt=\"\" class=\"wp-image-55027\" srcset=\"https:\/\/www.alzola.com\/wp-content\/uploads\/2024\/10\/Retrato-de-Victor-Balaguer-realizado-por-Juan-Luna-y-Novicio-1888.-Museo-de-El-Prado.jpg 800w, https:\/\/www.alzola.com\/wp-content\/uploads\/2024\/10\/Retrato-de-Victor-Balaguer-realizado-por-Juan-Luna-y-Novicio-1888.-Museo-de-El-Prado-300x300.jpg 300w, https:\/\/www.alzola.com\/wp-content\/uploads\/2024\/10\/Retrato-de-Victor-Balaguer-realizado-por-Juan-Luna-y-Novicio-1888.-Museo-de-El-Prado-150x150.jpg 150w, https:\/\/www.alzola.com\/wp-content\/uploads\/2024\/10\/Retrato-de-Victor-Balaguer-realizado-por-Juan-Luna-y-Novicio-1888.-Museo-de-El-Prado-768x767.jpg 768w, https:\/\/www.alzola.com\/wp-content\/uploads\/2024\/10\/Retrato-de-Victor-Balaguer-realizado-por-Juan-Luna-y-Novicio-1888.-Museo-de-El-Prado-678x677.jpg 678w, https:\/\/www.alzola.com\/wp-content\/uploads\/2024\/10\/Retrato-de-Victor-Balaguer-realizado-por-Juan-Luna-y-Novicio-1888.-Museo-de-El-Prado-64x64.jpg 64w, https:\/\/www.alzola.com\/wp-content\/uploads\/2024\/10\/Retrato-de-Victor-Balaguer-realizado-por-Juan-Luna-y-Novicio-1888.-Museo-de-El-Prado-84x84.jpg 84w, https:\/\/www.alzola.com\/wp-content\/uploads\/2024\/10\/Retrato-de-Victor-Balaguer-realizado-por-Juan-Luna-y-Novicio-1888.-Museo-de-El-Prado-200x200.jpg 200w, https:\/\/www.alzola.com\/wp-content\/uploads\/2024\/10\/Retrato-de-Victor-Balaguer-realizado-por-Juan-Luna-y-Novicio-1888.-Museo-de-El-Prado-450x449.jpg 450w, https:\/\/www.alzola.com\/wp-content\/uploads\/2024\/10\/Retrato-de-Victor-Balaguer-realizado-por-Juan-Luna-y-Novicio-1888.-Museo-de-El-Prado-791x790.jpg 791w\" sizes=\"auto, (max-width: 800px) 100vw, 800px\" \/><figcaption class=\"wp-element-caption\">Retrato de V\u00edctor Balaguer realizado por Juan Luna y Novicio (1888). Museo de El Prado<\/figcaption><\/figure>\n\n\n\n<p>En septiembre de 1893, <strong>tras su estancia en el Balneario de Alzola, V\u00edctor Balaguer escribi\u00f3 una serie de cartas dirigidas a Emma de Madrazo<\/strong>, quien tambi\u00e9n hab\u00eda pasado aquel verano en nuestra casa de ba\u00f1os. Como parte de aquellas misivas se encontraba <strong>la leyenda de \u201cEl Farol del Pecado\u201d<\/strong>. Esta historia, ambientada en el Convento de San Francisco de Sasiola (aunque Balaguer escribi\u00f3 Salsiola) y la torre de la casa se\u00f1orial de Oriz\u00e1bal.<\/p>\n\n\n\n<figure class=\"wp-block-image size-full\"><img loading=\"lazy\" decoding=\"async\" width=\"800\" height=\"400\" src=\"https:\/\/www.alzola.com\/wp-content\/uploads\/2024\/10\/Revista-contemporanea-publicada-en-octubre-de-1893.jpg\" alt=\"\" class=\"wp-image-55035\" srcset=\"https:\/\/www.alzola.com\/wp-content\/uploads\/2024\/10\/Revista-contemporanea-publicada-en-octubre-de-1893.jpg 800w, https:\/\/www.alzola.com\/wp-content\/uploads\/2024\/10\/Revista-contemporanea-publicada-en-octubre-de-1893-300x150.jpg 300w, https:\/\/www.alzola.com\/wp-content\/uploads\/2024\/10\/Revista-contemporanea-publicada-en-octubre-de-1893-768x384.jpg 768w, https:\/\/www.alzola.com\/wp-content\/uploads\/2024\/10\/Revista-contemporanea-publicada-en-octubre-de-1893-678x339.jpg 678w, https:\/\/www.alzola.com\/wp-content\/uploads\/2024\/10\/Revista-contemporanea-publicada-en-octubre-de-1893-84x42.jpg 84w, https:\/\/www.alzola.com\/wp-content\/uploads\/2024\/10\/Revista-contemporanea-publicada-en-octubre-de-1893-200x100.jpg 200w, https:\/\/www.alzola.com\/wp-content\/uploads\/2024\/10\/Revista-contemporanea-publicada-en-octubre-de-1893-450x225.jpg 450w\" sizes=\"auto, (max-width: 800px) 100vw, 800px\" \/><\/figure>\n\n\n\n<p>El texto fue publicado en el n\u00famero 92 de la \u201cRevista contempor\u00e1nea\u201d en octubre de 1893, en el n\u00famero 621 de la revista \u201cIlustraci\u00f3n art\u00edstica\u201d en noviembre de 1893 y posteriormente apareci\u00f3 en 1894 en el libro \u00abA\u00f1oranzas\u00bb. Pod\u00e9is leer m\u00e1s sobre estas cartas del escritor en: <a href=\"https:\/\/www.alzola.com\/es\/victor-balaguer-y-emma-de-madrazo-una-posible-historia-de-amor-en-el-balneario-de-alzola\/\">V\u00edctor Balaguer y Emma de Madrazo, una posible historia de amor en el Balneario de Alzola<\/a>. <\/p>\n\n\n\n<h2 class=\"wp-block-heading\"><strong>Historia del Convento de San Francisco de Sasiola de Deba<\/strong><\/h2>\n\n\n\n<figure class=\"wp-block-image size-full\"><img loading=\"lazy\" decoding=\"async\" width=\"1024\" height=\"768\" src=\"https:\/\/www.alzola.com\/wp-content\/uploads\/2024\/10\/Grupo-de-monjes-franciscanos.jpg\" alt=\"\" class=\"wp-image-55028\" srcset=\"https:\/\/www.alzola.com\/wp-content\/uploads\/2024\/10\/Grupo-de-monjes-franciscanos.jpg 1024w, https:\/\/www.alzola.com\/wp-content\/uploads\/2024\/10\/Grupo-de-monjes-franciscanos-300x225.jpg 300w, https:\/\/www.alzola.com\/wp-content\/uploads\/2024\/10\/Grupo-de-monjes-franciscanos-768x576.jpg 768w, https:\/\/www.alzola.com\/wp-content\/uploads\/2024\/10\/Grupo-de-monjes-franciscanos-678x509.jpg 678w, https:\/\/www.alzola.com\/wp-content\/uploads\/2024\/10\/Grupo-de-monjes-franciscanos-84x63.jpg 84w, https:\/\/www.alzola.com\/wp-content\/uploads\/2024\/10\/Grupo-de-monjes-franciscanos-200x150.jpg 200w, https:\/\/www.alzola.com\/wp-content\/uploads\/2024\/10\/Grupo-de-monjes-franciscanos-450x338.jpg 450w\" sizes=\"auto, (max-width: 1024px) 100vw, 1024px\" \/><\/figure>\n\n\n\n<p>El Convento de San Francisco de Sasiola, ubicado en la pintoresca localidad de Deba, en Guip\u00fazcoa, es un testimonio vivo de la rica historia religiosa y cultural del Pa\u00eds Vasco. Sus or\u00edgenes se remontan a principios del siglo XVI, cuando, tras superar diversas trabas burocr\u00e1ticas, un grupo de franciscanos logr\u00f3 establecerse en este enclave gracias a la generosidad de <strong>Juan P\u00e9rez de Licona<\/strong> (1430\u20131517) <strong>y Mar\u00eda Ib\u00e1\u00f1ez de Sasiola<\/strong> (1445-?), que el 3 de julio de 1503 <strong>hab\u00edan donado los terrenos cercanos al astillero de Sasiola para la construcci\u00f3n del convento<\/strong>.<\/p>\n\n\n\n<figure class=\"wp-block-image size-full\"><img loading=\"lazy\" decoding=\"async\" width=\"800\" height=\"600\" src=\"https:\/\/www.alzola.com\/wp-content\/uploads\/2024\/10\/Peregrino.jpg\" alt=\"\" class=\"wp-image-55029\" srcset=\"https:\/\/www.alzola.com\/wp-content\/uploads\/2024\/10\/Peregrino.jpg 800w, https:\/\/www.alzola.com\/wp-content\/uploads\/2024\/10\/Peregrino-300x225.jpg 300w, https:\/\/www.alzola.com\/wp-content\/uploads\/2024\/10\/Peregrino-768x576.jpg 768w, https:\/\/www.alzola.com\/wp-content\/uploads\/2024\/10\/Peregrino-678x509.jpg 678w, https:\/\/www.alzola.com\/wp-content\/uploads\/2024\/10\/Peregrino-84x63.jpg 84w, https:\/\/www.alzola.com\/wp-content\/uploads\/2024\/10\/Peregrino-200x150.jpg 200w, https:\/\/www.alzola.com\/wp-content\/uploads\/2024\/10\/Peregrino-450x338.jpg 450w\" sizes=\"auto, (max-width: 800px) 100vw, 800px\" \/><\/figure>\n\n\n\n<p>La elecci\u00f3n de Sasiola no fue casual. Su estrat\u00e9gica ubicaci\u00f3n, junto al r\u00edo Deva y en las inmediaciones del Camino de Santiago, lo convert\u00eda en un <strong>lugar ideal para la evangelizaci\u00f3n y la asistencia a peregrinos<\/strong>. Sin embargo, a pesar de que <strong>el Convento de San Francisco de Sasiola se convirti\u00f3 en el segundo santuario de Guip\u00fazcoa<\/strong>, tras el de Ar\u00e1nzazu, la historia del convento estuvo marcada desde sus inicios por la convulsi\u00f3n pol\u00edtica y social. <\/p>\n\n\n\n<figure class=\"wp-block-image size-large\"><img loading=\"lazy\" decoding=\"async\" width=\"726\" height=\"1024\" src=\"https:\/\/www.alzola.com\/wp-content\/uploads\/2024\/10\/Testamento-de-Juan-Sebastian-Elcano-10-Ducados-para-el-Monasterio-de-Sasiola-726x1024.jpg\" alt=\"\" class=\"wp-image-55015\" srcset=\"https:\/\/www.alzola.com\/wp-content\/uploads\/2024\/10\/Testamento-de-Juan-Sebastian-Elcano-10-Ducados-para-el-Monasterio-de-Sasiola-726x1024.jpg 726w, https:\/\/www.alzola.com\/wp-content\/uploads\/2024\/10\/Testamento-de-Juan-Sebastian-Elcano-10-Ducados-para-el-Monasterio-de-Sasiola-213x300.jpg 213w, https:\/\/www.alzola.com\/wp-content\/uploads\/2024\/10\/Testamento-de-Juan-Sebastian-Elcano-10-Ducados-para-el-Monasterio-de-Sasiola-768x1083.jpg 768w, https:\/\/www.alzola.com\/wp-content\/uploads\/2024\/10\/Testamento-de-Juan-Sebastian-Elcano-10-Ducados-para-el-Monasterio-de-Sasiola-678x956.jpg 678w, https:\/\/www.alzola.com\/wp-content\/uploads\/2024\/10\/Testamento-de-Juan-Sebastian-Elcano-10-Ducados-para-el-Monasterio-de-Sasiola-84x118.jpg 84w, https:\/\/www.alzola.com\/wp-content\/uploads\/2024\/10\/Testamento-de-Juan-Sebastian-Elcano-10-Ducados-para-el-Monasterio-de-Sasiola-200x282.jpg 200w, https:\/\/www.alzola.com\/wp-content\/uploads\/2024\/10\/Testamento-de-Juan-Sebastian-Elcano-10-Ducados-para-el-Monasterio-de-Sasiola-450x634.jpg 450w, https:\/\/www.alzola.com\/wp-content\/uploads\/2024\/10\/Testamento-de-Juan-Sebastian-Elcano-10-Ducados-para-el-Monasterio-de-Sasiola-560x790.jpg 560w, https:\/\/www.alzola.com\/wp-content\/uploads\/2024\/10\/Testamento-de-Juan-Sebastian-Elcano-10-Ducados-para-el-Monasterio-de-Sasiola.jpg 830w\" sizes=\"auto, (max-width: 726px) 100vw, 726px\" \/><figcaption class=\"wp-element-caption\">Testamento de Juan Sebasti\u00e1n Elcano donde deja 10 ducados de oro al Monasterio de Sasiola<\/figcaption><\/figure>\n\n\n\n<p>Durante la Guerra de las Comunidades (1520-1522), el convento se convirti\u00f3 en un <strong>refugio para los l\u00edderes comuneros guipuzcoanos<\/strong>, quienes encontraron en sus muros un espacio seguro para organizar la resistencia. A lo largo de los siglos, el convento de Sasiola fue un referente religioso y cultural para Guip\u00fazcoa. Numerosas personalidades, como el c\u00e9lebre marino <strong>Juan Sebasti\u00e1n Elcano<\/strong> (c. 1486-1526), que <strong>dej\u00f3 en su testamento<\/strong>, en 1526, <strong>10 ducados de oro de renta al convento<\/strong>, contribuyendo a su enriquecimiento y prestigio.<\/p>\n\n\n\n<figure class=\"wp-block-image size-full\"><img loading=\"lazy\" decoding=\"async\" width=\"800\" height=\"600\" src=\"https:\/\/www.alzola.com\/wp-content\/uploads\/2024\/10\/Monasterio-Franciscano-abandonado.jpg\" alt=\"\" class=\"wp-image-55030\" srcset=\"https:\/\/www.alzola.com\/wp-content\/uploads\/2024\/10\/Monasterio-Franciscano-abandonado.jpg 800w, https:\/\/www.alzola.com\/wp-content\/uploads\/2024\/10\/Monasterio-Franciscano-abandonado-300x225.jpg 300w, https:\/\/www.alzola.com\/wp-content\/uploads\/2024\/10\/Monasterio-Franciscano-abandonado-768x576.jpg 768w, https:\/\/www.alzola.com\/wp-content\/uploads\/2024\/10\/Monasterio-Franciscano-abandonado-678x509.jpg 678w, https:\/\/www.alzola.com\/wp-content\/uploads\/2024\/10\/Monasterio-Franciscano-abandonado-84x63.jpg 84w, https:\/\/www.alzola.com\/wp-content\/uploads\/2024\/10\/Monasterio-Franciscano-abandonado-200x150.jpg 200w, https:\/\/www.alzola.com\/wp-content\/uploads\/2024\/10\/Monasterio-Franciscano-abandonado-450x338.jpg 450w\" sizes=\"auto, (max-width: 800px) 100vw, 800px\" \/><\/figure>\n\n\n\n<p>El primer cierre del convento en 1809 por orden de Jos\u00e9 Napole\u00f3n (1768-1844), la I Guerra Carlista (1833-1840) y las leyes de desamortizaci\u00f3n de Mendiz\u00e1bal de 1835, marcaron el inicio de su declive. A pesar de los esfuerzos de los franciscanos por mantener vivo el convento, los avatares de la historia resultaron demasiado feroces. <strong>En 1840, el convento de San Francisco de Sasiola fue definitivamente clausurado<\/strong>, poniendo fin a siglos de historia. Cuando V\u00edctor Balaguer lleg\u00f3 en agosto de 1893, esto es lo que describe literalmente:<\/p>\n\n\n\n<h2 class=\"wp-block-heading\"><strong>La leyenda debarra de \u201cEl Farol del Pecado\u201d por V\u00edctor Balaguer<\/strong><\/h2>\n\n\n\n<figure class=\"wp-block-image size-full\"><img loading=\"lazy\" decoding=\"async\" width=\"800\" height=\"600\" src=\"https:\/\/www.alzola.com\/wp-content\/uploads\/2024\/10\/Locomotora-entrando-en-el-bosque.jpg\" alt=\"\" class=\"wp-image-55016\" srcset=\"https:\/\/www.alzola.com\/wp-content\/uploads\/2024\/10\/Locomotora-entrando-en-el-bosque.jpg 800w, https:\/\/www.alzola.com\/wp-content\/uploads\/2024\/10\/Locomotora-entrando-en-el-bosque-300x225.jpg 300w, https:\/\/www.alzola.com\/wp-content\/uploads\/2024\/10\/Locomotora-entrando-en-el-bosque-768x576.jpg 768w, https:\/\/www.alzola.com\/wp-content\/uploads\/2024\/10\/Locomotora-entrando-en-el-bosque-678x509.jpg 678w, https:\/\/www.alzola.com\/wp-content\/uploads\/2024\/10\/Locomotora-entrando-en-el-bosque-84x63.jpg 84w, https:\/\/www.alzola.com\/wp-content\/uploads\/2024\/10\/Locomotora-entrando-en-el-bosque-200x150.jpg 200w, https:\/\/www.alzola.com\/wp-content\/uploads\/2024\/10\/Locomotora-entrando-en-el-bosque-450x338.jpg 450w\" sizes=\"auto, (max-width: 800px) 100vw, 800px\" \/><\/figure>\n\n\n\n<p><em>Nuestros compa\u00f1eros de viaje apremiaban, y dimos la vuelta para el Balneario de Alzola, pasando otra vez por aquellas orillas que, si son encantadoras llenas de color, de luz y de vida, a la hora del sol, no lo son menos ciertamente a la hora del crep\u00fasculo vespertino, cuando avanzan las sombras de la noche y se llenan aquellos bosques de misterios y aquellas hondonadas de visiones. La luna enviaba un rayo de moribunda luz a aquellas soledades de nunca turbado silencio hasta que vino a romperlo el silbato de la locomotora, que, silbando y rugiendo, pas\u00f3 por junto a nosotros como alma que lleva el diablo, envuelta en nubes de humo y de fuego.<\/em><\/p>\n\n\n\n<figure class=\"wp-block-image size-full\"><img loading=\"lazy\" decoding=\"async\" width=\"800\" height=\"600\" src=\"https:\/\/www.alzola.com\/wp-content\/uploads\/2024\/10\/Monasterio-en-la-noche.jpg\" alt=\"\" class=\"wp-image-55017\" srcset=\"https:\/\/www.alzola.com\/wp-content\/uploads\/2024\/10\/Monasterio-en-la-noche.jpg 800w, https:\/\/www.alzola.com\/wp-content\/uploads\/2024\/10\/Monasterio-en-la-noche-300x225.jpg 300w, https:\/\/www.alzola.com\/wp-content\/uploads\/2024\/10\/Monasterio-en-la-noche-768x576.jpg 768w, https:\/\/www.alzola.com\/wp-content\/uploads\/2024\/10\/Monasterio-en-la-noche-678x509.jpg 678w, https:\/\/www.alzola.com\/wp-content\/uploads\/2024\/10\/Monasterio-en-la-noche-84x63.jpg 84w, https:\/\/www.alzola.com\/wp-content\/uploads\/2024\/10\/Monasterio-en-la-noche-200x150.jpg 200w, https:\/\/www.alzola.com\/wp-content\/uploads\/2024\/10\/Monasterio-en-la-noche-450x338.jpg 450w\" sizes=\"auto, (max-width: 800px) 100vw, 800px\" \/><\/figure>\n\n\n\n<p><em>Junto a Salsiola nos ense\u00f1aron un monasterio abandonado y en ruina, que proyectaba su descarnada silueta a la luz de la luna, por entre los \u00e1rboles. Es un sitio rom\u00e1ntico, all\u00e1 en lo profundo, a orillas del r\u00edo, lugar triste y solitario, rodeado de sombras y misterios, al que la obscuridad de la noche daba m\u00e1s atractivo y m\u00e1s car\u00e1cter.<\/em><\/p>\n\n\n\n<p><em>&#8211; Es un sitio adrede para leyendas, dije. Por fuerza debe tenerla.<\/em><\/p>\n\n\n\n<p><em>Y la tiene, seg\u00fan luego me la contaron. Por cierto, que no es una de esas leyendas \u00f1o\u00f1as y sin miga, como tantas otras. No: tiene vida, tiene color, tiene luz, tiene drama, con algo de la de Hero y Leandro en sus comienzos, y con mucho de Dante en sus finales.<\/em><\/p>\n\n\n\n<figure class=\"wp-block-image size-full\"><img loading=\"lazy\" decoding=\"async\" width=\"800\" height=\"574\" src=\"https:\/\/www.alzola.com\/wp-content\/uploads\/2024\/10\/Hero-laments-the-dead-Leander-by-Jan-van-den-Hoecke-1635.jpg\" alt=\"\" class=\"wp-image-55018\" srcset=\"https:\/\/www.alzola.com\/wp-content\/uploads\/2024\/10\/Hero-laments-the-dead-Leander-by-Jan-van-den-Hoecke-1635.jpg 800w, https:\/\/www.alzola.com\/wp-content\/uploads\/2024\/10\/Hero-laments-the-dead-Leander-by-Jan-van-den-Hoecke-1635-300x215.jpg 300w, https:\/\/www.alzola.com\/wp-content\/uploads\/2024\/10\/Hero-laments-the-dead-Leander-by-Jan-van-den-Hoecke-1635-768x551.jpg 768w, https:\/\/www.alzola.com\/wp-content\/uploads\/2024\/10\/Hero-laments-the-dead-Leander-by-Jan-van-den-Hoecke-1635-678x486.jpg 678w, https:\/\/www.alzola.com\/wp-content\/uploads\/2024\/10\/Hero-laments-the-dead-Leander-by-Jan-van-den-Hoecke-1635-84x60.jpg 84w, https:\/\/www.alzola.com\/wp-content\/uploads\/2024\/10\/Hero-laments-the-dead-Leander-by-Jan-van-den-Hoecke-1635-200x144.jpg 200w, https:\/\/www.alzola.com\/wp-content\/uploads\/2024\/10\/Hero-laments-the-dead-Leander-by-Jan-van-den-Hoecke-1635-450x323.jpg 450w\" sizes=\"auto, (max-width: 800px) 100vw, 800px\" \/><figcaption class=\"wp-element-caption\">Hero, habi\u00e9ndose lanzado desde la torre al ver a Leandro ahogado, muere sobre su cuerpo. William Etty (1829)<\/figcaption><\/figure>\n\n\n\n<p><em>Voy a narr\u00e1rsela a V&#8230; si acierto, que lo dudo. Para contar, para referir esta leyenda, que yo titular\u00eda el farol del pecado, si me atreviese a escribirla, se necesitar\u00eda algo de aquel quid que pocos tienen&#8230; y que tambi\u00e9n es conveniente que tengan pocos.<\/em><\/p>\n\n\n\n<p><em>No pudiendo, pues, hacerlo como quisiera, me limitar\u00e9 a cont\u00e1rsela a V. como sepa y puedo, breve y sencillamente, para que, a falta de mayor m\u00e9rito, tenga el de su sobriedad, al menos.<\/em><\/p>\n\n\n\n<p><em>Comenzaremos por titularla El farol del pecado. Ya que no se escribe como debiera, conviene nominarla, que en el t\u00edtulo, o yo me enga\u00f1o mucho, est\u00e1 lo m\u00e1s se\u00f1alado.<\/em><\/p>\n\n\n\n<figure class=\"wp-block-image size-full\"><img loading=\"lazy\" decoding=\"async\" width=\"800\" height=\"600\" src=\"https:\/\/www.alzola.com\/wp-content\/uploads\/2024\/10\/Monje-franciscano.jpg\" alt=\"\" class=\"wp-image-55019\" srcset=\"https:\/\/www.alzola.com\/wp-content\/uploads\/2024\/10\/Monje-franciscano.jpg 800w, https:\/\/www.alzola.com\/wp-content\/uploads\/2024\/10\/Monje-franciscano-300x225.jpg 300w, https:\/\/www.alzola.com\/wp-content\/uploads\/2024\/10\/Monje-franciscano-768x576.jpg 768w, https:\/\/www.alzola.com\/wp-content\/uploads\/2024\/10\/Monje-franciscano-678x509.jpg 678w, https:\/\/www.alzola.com\/wp-content\/uploads\/2024\/10\/Monje-franciscano-84x63.jpg 84w, https:\/\/www.alzola.com\/wp-content\/uploads\/2024\/10\/Monje-franciscano-200x150.jpg 200w, https:\/\/www.alzola.com\/wp-content\/uploads\/2024\/10\/Monje-franciscano-450x338.jpg 450w\" sizes=\"auto, (max-width: 800px) 100vw, 800px\" \/><\/figure>\n\n\n\n<p><em>En el monasterio de Salsiola, y en \u00e9poca de su esplendor, viv\u00eda un monje que andaba siempre solo y retra\u00eddo. Hab\u00eda sido en el mundo noble hidalgo, capit\u00e1n de caballos intr\u00e9pido y gallardo, galanteador afortunado. Cuitas de amores o reveses de fortuna le llevaron a buscar la paz del claustro, que no hall\u00f3 por cierto en el solitario monasterio. La frialdad del h\u00e1bito no apag\u00f3 las pasiones que en \u00e9l ard\u00edan. La soledad, el rezo, la penitencia, no fueron flagelaci\u00f3n, sino yesca de pecado y espuela de apetito para su alma, que cuanto m\u00e1s opresa se hallaba, m\u00e1s salteada se sent\u00eda por ansias de lanzarse a mayores y m\u00e1s arrebatados vuelos.<\/em><\/p>\n\n\n\n<figure class=\"wp-block-image size-full\"><img loading=\"lazy\" decoding=\"async\" width=\"800\" height=\"600\" src=\"https:\/\/www.alzola.com\/wp-content\/uploads\/2024\/10\/La-dama-de-Orizabal.jpg\" alt=\"\" class=\"wp-image-55020\" srcset=\"https:\/\/www.alzola.com\/wp-content\/uploads\/2024\/10\/La-dama-de-Orizabal.jpg 800w, https:\/\/www.alzola.com\/wp-content\/uploads\/2024\/10\/La-dama-de-Orizabal-300x225.jpg 300w, https:\/\/www.alzola.com\/wp-content\/uploads\/2024\/10\/La-dama-de-Orizabal-768x576.jpg 768w, https:\/\/www.alzola.com\/wp-content\/uploads\/2024\/10\/La-dama-de-Orizabal-678x509.jpg 678w, https:\/\/www.alzola.com\/wp-content\/uploads\/2024\/10\/La-dama-de-Orizabal-84x63.jpg 84w, https:\/\/www.alzola.com\/wp-content\/uploads\/2024\/10\/La-dama-de-Orizabal-200x150.jpg 200w, https:\/\/www.alzola.com\/wp-content\/uploads\/2024\/10\/La-dama-de-Orizabal-450x338.jpg 450w\" sizes=\"auto, (max-width: 800px) 100vw, 800px\" \/><\/figure>\n\n\n\n<p><em>No hay que averiguar c\u00f3mo principiaron sus amores con la dama de Oriz\u00e1bal.<\/em><\/p>\n\n\n\n<p><em>Desde las ventanas de su celda ve\u00eda a lo lejos la torre cuadrada de la casa se\u00f1orial donde moraba su amada.<\/em><\/p>\n\n\n\n<p><em>S\u00f3lo muy de tarde en tarde pod\u00edan verse y hablarse los dos amantes, y siempre en el secreto de la noche, rodeados de tinieblas y peligros; que era el marido de la dama tan celoso de su mujer, como guardador de su honra.<\/em><\/p>\n\n\n\n<p><em>Cuando el se\u00f1or de Oriz\u00e1bal se ausentaba de su casa, empujado por sus goces o requerido por deberes, la dama encend\u00eda un farol en lo alto de la torre, se\u00f1uelo pecador que llamaba al monje, atray\u00e9ndole a clandestinas y ad\u00falteras citas.<\/em><\/p>\n\n\n\n<figure class=\"wp-block-image size-full\"><img loading=\"lazy\" decoding=\"async\" width=\"800\" height=\"600\" src=\"https:\/\/www.alzola.com\/wp-content\/uploads\/2024\/10\/Monje-en-la-casa-de-Orizabal.jpg\" alt=\"\" class=\"wp-image-55021\" srcset=\"https:\/\/www.alzola.com\/wp-content\/uploads\/2024\/10\/Monje-en-la-casa-de-Orizabal.jpg 800w, https:\/\/www.alzola.com\/wp-content\/uploads\/2024\/10\/Monje-en-la-casa-de-Orizabal-300x225.jpg 300w, https:\/\/www.alzola.com\/wp-content\/uploads\/2024\/10\/Monje-en-la-casa-de-Orizabal-768x576.jpg 768w, https:\/\/www.alzola.com\/wp-content\/uploads\/2024\/10\/Monje-en-la-casa-de-Orizabal-678x509.jpg 678w, https:\/\/www.alzola.com\/wp-content\/uploads\/2024\/10\/Monje-en-la-casa-de-Orizabal-84x63.jpg 84w, https:\/\/www.alzola.com\/wp-content\/uploads\/2024\/10\/Monje-en-la-casa-de-Orizabal-200x150.jpg 200w, https:\/\/www.alzola.com\/wp-content\/uploads\/2024\/10\/Monje-en-la-casa-de-Orizabal-450x338.jpg 450w\" sizes=\"auto, (max-width: 800px) 100vw, 800px\" \/><\/figure>\n\n\n\n<p><em>Por las noches en que el farol aparec\u00eda en la almena de la torre cuadrada, el monje, sosegado el convento, sal\u00eda misteriosamente de su celda, y, encelado, a oscuras y a tientas como quien va a hurto de amores, sin otra luz que aquella que en su coraz\u00f3n ard\u00eda, remontaba la pedregosa orilla del Deva hasta alcanzar un sitio donde era f\u00e1cil vadear el r\u00edo, a la otra banda del cual se alzaba la casa de Oriz\u00e1bal. Muchas noches ocurr\u00eda tener que pasar el r\u00edo a nado; y s\u00f3lo salv\u00e1ndole de esta suerte, era como llegaba a los brazos de la dama de Oriz\u00e1bal, lo mismo precisamente que Leandro a los de su Hero.<\/em><\/p>\n\n\n\n<figure class=\"wp-block-image size-full\"><img loading=\"lazy\" decoding=\"async\" width=\"800\" height=\"600\" src=\"https:\/\/www.alzola.com\/wp-content\/uploads\/2024\/10\/Farol-encendido.jpg\" alt=\"\" class=\"wp-image-55022\" srcset=\"https:\/\/www.alzola.com\/wp-content\/uploads\/2024\/10\/Farol-encendido.jpg 800w, https:\/\/www.alzola.com\/wp-content\/uploads\/2024\/10\/Farol-encendido-300x225.jpg 300w, https:\/\/www.alzola.com\/wp-content\/uploads\/2024\/10\/Farol-encendido-768x576.jpg 768w, https:\/\/www.alzola.com\/wp-content\/uploads\/2024\/10\/Farol-encendido-678x509.jpg 678w, https:\/\/www.alzola.com\/wp-content\/uploads\/2024\/10\/Farol-encendido-84x63.jpg 84w, https:\/\/www.alzola.com\/wp-content\/uploads\/2024\/10\/Farol-encendido-200x150.jpg 200w, https:\/\/www.alzola.com\/wp-content\/uploads\/2024\/10\/Farol-encendido-450x338.jpg 450w\" sizes=\"auto, (max-width: 800px) 100vw, 800px\" \/><\/figure>\n\n\n\n<p><em>Cierta noche, y a hora desacostumbrada, apareci\u00f3 el farol del pecado llamando al monje. No esperaba \u00e9ste la cita. T\u00favola dos noches antes, y no era de creer que el se\u00f1or de Oriz\u00e1bal, llegado precisamente el d\u00eda anterior, hubiese vuelto a marchar al siguiente; pero, aunque extra\u00f1ado, y con la alarma del recelo, acudi\u00f3 con presura. Sali\u00f3 del monasterio, furtivamente como siempre, cuidando de no turbar el sosiego de la santa casa; escal\u00f3 las rocas; se desliz\u00f3 por entre los pe\u00f1ascales con peligrosas prisas que eran diligencias de su ansiedad<\/em>.<\/p>\n\n\n\n<figure class=\"wp-block-image size-full\"><img loading=\"lazy\" decoding=\"async\" width=\"800\" height=\"600\" src=\"https:\/\/www.alzola.com\/wp-content\/uploads\/2024\/10\/Soldados-para-atrapar-al-monje.jpg\" alt=\"\" class=\"wp-image-55033\" srcset=\"https:\/\/www.alzola.com\/wp-content\/uploads\/2024\/10\/Soldados-para-atrapar-al-monje.jpg 800w, https:\/\/www.alzola.com\/wp-content\/uploads\/2024\/10\/Soldados-para-atrapar-al-monje-300x225.jpg 300w, https:\/\/www.alzola.com\/wp-content\/uploads\/2024\/10\/Soldados-para-atrapar-al-monje-768x576.jpg 768w, https:\/\/www.alzola.com\/wp-content\/uploads\/2024\/10\/Soldados-para-atrapar-al-monje-678x509.jpg 678w, https:\/\/www.alzola.com\/wp-content\/uploads\/2024\/10\/Soldados-para-atrapar-al-monje-84x63.jpg 84w, https:\/\/www.alzola.com\/wp-content\/uploads\/2024\/10\/Soldados-para-atrapar-al-monje-200x150.jpg 200w, https:\/\/www.alzola.com\/wp-content\/uploads\/2024\/10\/Soldados-para-atrapar-al-monje-450x338.jpg 450w\" sizes=\"auto, (max-width: 800px) 100vw, 800px\" \/><\/figure>\n\n\n\n<p>Y<em>, viendo brillar el farol con luz amorosa, luz que hubo de parecerle m\u00e1s viva que nunca, tan viva cual pudiera ser la de su deseo, vade\u00f3 sin dificultad el r\u00edo, que aquella noche no ven\u00eda crecido, como si quisiera facilitarle el paso, y lleg\u00f3 a la contraria orilla. Pero no acudi\u00f3 a recibirle all\u00ed su amada, sol\u00edcita y diligente como las dem\u00e1s noches. Quien estaba all\u00ed, era el esposo ofendido al frente de un grupo de asalariados servidores, los cuales cayeron sobre el monje sin ventura, cort\u00e1ndole a cerc\u00e9n la cabeza, que entregaron a su se\u00f1or, y despidiendo por las pe\u00f1as el descabezado tronco.<\/em><\/p>\n\n\n\n<figure class=\"wp-block-image size-full\"><img loading=\"lazy\" decoding=\"async\" width=\"800\" height=\"600\" src=\"https:\/\/www.alzola.com\/wp-content\/uploads\/2024\/10\/La-dama-de-Orizabal-en-su-torre.jpg\" alt=\"\" class=\"wp-image-55024\" srcset=\"https:\/\/www.alzola.com\/wp-content\/uploads\/2024\/10\/La-dama-de-Orizabal-en-su-torre.jpg 800w, https:\/\/www.alzola.com\/wp-content\/uploads\/2024\/10\/La-dama-de-Orizabal-en-su-torre-300x225.jpg 300w, https:\/\/www.alzola.com\/wp-content\/uploads\/2024\/10\/La-dama-de-Orizabal-en-su-torre-768x576.jpg 768w, https:\/\/www.alzola.com\/wp-content\/uploads\/2024\/10\/La-dama-de-Orizabal-en-su-torre-678x509.jpg 678w, https:\/\/www.alzola.com\/wp-content\/uploads\/2024\/10\/La-dama-de-Orizabal-en-su-torre-84x63.jpg 84w, https:\/\/www.alzola.com\/wp-content\/uploads\/2024\/10\/La-dama-de-Orizabal-en-su-torre-200x150.jpg 200w, https:\/\/www.alzola.com\/wp-content\/uploads\/2024\/10\/La-dama-de-Orizabal-en-su-torre-450x338.jpg 450w\" sizes=\"auto, (max-width: 800px) 100vw, 800px\" \/><\/figure>\n\n\n\n<p><em>Due\u00f1o ya de aquel sangriento trofeo, el se\u00f1or de Oriz\u00e1bal fuese sosegadamente para su esposa, que a recaudo ten\u00eda desde que hubo descubierto el misterio de sus amores y la clave de sus citas; y dando orden para maniatarla, prendi\u00f3 a su cinto, a guisa de escarcela, la cabeza del amante, y mand\u00f3 en seguida que mujer y cabeza se depositaran en el lecho, que fue t\u00e1lamo de su adulterio, y se emparedasen en la torre, que fue sepulcro de su honra. En seguida abandon\u00f3 para siempre aquella casa, cuyo sitio y cuyas ruinas a\u00fan conservan hoy el nombre de Torre de la emparedada.<\/em><\/p>\n\n\n\n<p><em>As\u00ed acabaron aquellos amores, y as\u00ed los tristes amantes.<\/em><\/p>\n\n\n\n<figure class=\"wp-block-image size-full\"><img loading=\"lazy\" decoding=\"async\" width=\"800\" height=\"600\" src=\"https:\/\/www.alzola.com\/wp-content\/uploads\/2024\/10\/Monje-sin-cabeza.jpg\" alt=\"\" class=\"wp-image-55025\" srcset=\"https:\/\/www.alzola.com\/wp-content\/uploads\/2024\/10\/Monje-sin-cabeza.jpg 800w, https:\/\/www.alzola.com\/wp-content\/uploads\/2024\/10\/Monje-sin-cabeza-300x225.jpg 300w, https:\/\/www.alzola.com\/wp-content\/uploads\/2024\/10\/Monje-sin-cabeza-768x576.jpg 768w, https:\/\/www.alzola.com\/wp-content\/uploads\/2024\/10\/Monje-sin-cabeza-678x509.jpg 678w, https:\/\/www.alzola.com\/wp-content\/uploads\/2024\/10\/Monje-sin-cabeza-84x63.jpg 84w, https:\/\/www.alzola.com\/wp-content\/uploads\/2024\/10\/Monje-sin-cabeza-200x150.jpg 200w, https:\/\/www.alzola.com\/wp-content\/uploads\/2024\/10\/Monje-sin-cabeza-450x338.jpg 450w\" sizes=\"auto, (max-width: 800px) 100vw, 800px\" \/><\/figure>\n\n\n\n<p><em>Pero a\u00fan vive el monje descabezado; a\u00fan vive, ya que no por misericordia, por milagro de Dios. Se cuenta que de entonces ac\u00e1, todas las noches, promediada la media, que es la hora del castigo, as\u00ed en aquellas noches de tranquilidad y luna como en aquellas de obscuridad y tormenta, todas, sin faltar una sola, se ve vagar al monje por las orillas del Deva, vestido con su h\u00e1bito penitente, pero descabezado y llevando en la diestra el mismo farol de la torre que le llamaba a sus criminosas citas, condenado por voluntad divina a no tener paz ni reposo en su sepulcro hasta encontrar su cabeza, que eternamente busca, eternamente en vano, alumbrando siempre sus pasos y pesquisas con el farol del pecado.<\/em><\/p>\n\n\n\n<p><em>Y esta es la leyenda del monje de Salsiola, mi amiga Emma. Esta es; y ya con ella doy fin a esta segunda y larga carta, que ha debido hallar difusa y somn\u00edfera, sin duda. Dichosa ella, y m\u00e1s yo, se\u00f1ora m\u00eda, si por suerte no comunic\u00f3 a V. el sue\u00f1o que al m\u00edo rob\u00e9 yo para escribirla.<\/em><\/p>\n\n\n\n<p><em>FIN DE ORILLAS DEL DEVA<\/em><\/p>\n\n\n\n<h2 class=\"wp-block-heading\">El relato de V\u00edctor Balaguer<\/h2>\n\n\n\n<figure class=\"wp-block-image size-full\"><img loading=\"lazy\" decoding=\"async\" width=\"800\" height=\"600\" src=\"https:\/\/www.alzola.com\/wp-content\/uploads\/2024\/10\/Monasterio-franciscano-en-ruinas.jpg\" alt=\"\" class=\"wp-image-55026\" srcset=\"https:\/\/www.alzola.com\/wp-content\/uploads\/2024\/10\/Monasterio-franciscano-en-ruinas.jpg 800w, https:\/\/www.alzola.com\/wp-content\/uploads\/2024\/10\/Monasterio-franciscano-en-ruinas-300x225.jpg 300w, https:\/\/www.alzola.com\/wp-content\/uploads\/2024\/10\/Monasterio-franciscano-en-ruinas-768x576.jpg 768w, https:\/\/www.alzola.com\/wp-content\/uploads\/2024\/10\/Monasterio-franciscano-en-ruinas-678x509.jpg 678w, https:\/\/www.alzola.com\/wp-content\/uploads\/2024\/10\/Monasterio-franciscano-en-ruinas-84x63.jpg 84w, https:\/\/www.alzola.com\/wp-content\/uploads\/2024\/10\/Monasterio-franciscano-en-ruinas-200x150.jpg 200w, https:\/\/www.alzola.com\/wp-content\/uploads\/2024\/10\/Monasterio-franciscano-en-ruinas-450x338.jpg 450w\" sizes=\"auto, (max-width: 800px) 100vw, 800px\" \/><\/figure>\n\n\n\n<p>En este relato de V\u00edctor Balaguer, \u00abEl farol del pecado\u00bb, es una muestra perfecta del romanticismo oscuro y lleno de misterio que caracteriz\u00f3 a la literatura del siglo XIX. El relato presenta elementos caracter\u00edsticos del g\u00f3tico como escenarios misteriosos (un monasterio en ruinas, un r\u00edo oscuro), personajes atormentados (el monje penitente), y sucesos sobrenaturales (el monje descabezado).<\/p>\n\n\n\n<p>La historia gira en torno a una pasi\u00f3n prohibida que lleva a la tragedia. El farol se convierte en un s\u00edmbolo de tentaci\u00f3n y pecado, guiando al monje a su destino fatal. El final tr\u00e1gico del monje sugiere una visi\u00f3n moralizante, donde el pecado es castigado y el alma es condenada a vagar eternamente. V\u00edctor Balaguer utiliza un lenguaje rico en descripciones y met\u00e1foras, creando una atm\u00f3sfera evocadora y llena de simbolismo, que quedar\u00e1 por siempre ligado a estas tierras.<\/p>\n","protected":false},"excerpt":{"rendered":"<p>En septiembre de 1893, tras su estancia en el Balneario de Alzola, V\u00edctor Balaguer escribi\u00f3 una serie de cartas dirigidas a Emma de Madrazo, quien tambi\u00e9n hab\u00eda pasado aquel verano en nuestra casa de ba\u00f1os. Como parte de aquellas misivas se encontraba la leyenda de \u201cEl Farol del Pecado\u201d. Esta historia, ambientada en el Convento de San Francisco de Sasiola (aunque Balaguer escribi\u00f3 Salsiola) y la torre de la casa se\u00f1orial de Oriz\u00e1bal. El texto fue publicado en el n\u00famero 92 de la \u201cRevista contempor\u00e1nea\u201d en octubre de 1893, en el n\u00famero 621 de la revista \u201cIlustraci\u00f3n art\u00edstica\u201d en noviembre de 1893 y posteriormente apareci\u00f3 en 1894 en el libro \u00abA\u00f1oranzas\u00bb. Pod\u00e9is leer m\u00e1s sobre estas cartas del escritor en: V\u00edctor Balaguer y Emma de Madrazo, una posible historia de amor en el Balneario de Alzola. Historia del Convento de San Francisco de Sasiola de Deba El Convento de San Francisco de Sasiola, ubicado en la pintoresca localidad de Deba, en Guip\u00fazcoa, es un testimonio vivo de la rica historia religiosa y cultural del Pa\u00eds Vasco. Sus or\u00edgenes se remontan a principios del siglo XVI, cuando, tras superar diversas trabas burocr\u00e1ticas, un grupo de franciscanos logr\u00f3 establecerse en este enclave&#8230;<\/p>\n","protected":false},"author":2,"featured_media":55022,"comment_status":"closed","ping_status":"open","sticky":false,"template":"","format":"standard","meta":{"om_disable_all_campaigns":false,"_monsterinsights_skip_tracking":false,"_monsterinsights_sitenote_active":false,"_monsterinsights_sitenote_note":"","_monsterinsights_sitenote_category":0,"footnotes":""},"categories":[49],"tags":[215,531,533,532],"class_list":["post-55014","post","type-post","status-publish","format-standard","has-post-thumbnail","hentry","category-balneario-de-alzola","tag-balneario-de-alzola","tag-deva","tag-historias-de-fantasmas","tag-victor-balaguer"],"yoast_head":"<!-- This site is optimized with the Yoast SEO plugin v27.5 - https:\/\/yoast.com\/product\/yoast-seo-wordpress\/ -->\n<title>El Farol del Pecado: Un relato terror\u00edfico a orillas del Deva - Alzola Basque Water<\/title>\n<meta name=\"description\" content=\"La leyenda de &quot;El farol del pecado&quot; fue escrita en 1893 por V\u00edctor Balaguer tras pasar el verano en el balneario de Alzola. Este relato de fantasmas est\u00e1 ambientado en el Convento de San Francisco de Sasiola en Deba y en la casa se\u00f1orial de Oriz\u00e1bal.\" \/>\n<meta name=\"robots\" content=\"index, follow, max-snippet:-1, max-image-preview:large, max-video-preview:-1\" \/>\n<link rel=\"canonical\" href=\"https:\/\/www.alzola.com\/es\/el-farol-del-pecado-un-relato-terrorifico-a-orillas-del-deva\/\" \/>\n<meta property=\"og:locale\" content=\"es_ES\" \/>\n<meta property=\"og:type\" content=\"article\" \/>\n<meta property=\"og:title\" content=\"El Farol del Pecado: Un relato terror\u00edfico a orillas del Deva - Alzola Basque Water\" \/>\n<meta property=\"og:description\" content=\"La leyenda de &quot;El farol del pecado&quot; fue escrita en 1893 por V\u00edctor Balaguer tras pasar el verano en el balneario de Alzola. Este relato de fantasmas est\u00e1 ambientado en el Convento de San Francisco de Sasiola en Deba y en la casa se\u00f1orial de Oriz\u00e1bal.\" \/>\n<meta property=\"og:url\" content=\"https:\/\/www.alzola.com\/es\/el-farol-del-pecado-un-relato-terrorifico-a-orillas-del-deva\/\" \/>\n<meta property=\"og:site_name\" content=\"Alzola Basque Water\" \/>\n<meta property=\"article:publisher\" content=\"https:\/\/www.facebook.com\/alzolabasquewater\/\" \/>\n<meta property=\"article:author\" content=\"www.facebook.com\/AlzolaBasqueWater\" \/>\n<meta property=\"article:published_time\" content=\"2024-10-28T23:32:05+00:00\" \/>\n<meta property=\"article:modified_time\" content=\"2024-10-28T23:32:06+00:00\" \/>\n<meta property=\"og:image\" content=\"https:\/\/www.alzola.com\/wp-content\/uploads\/2024\/10\/Farol-encendido.jpg\" \/>\n\t<meta property=\"og:image:width\" content=\"800\" \/>\n\t<meta property=\"og:image:height\" content=\"600\" \/>\n\t<meta property=\"og:image:type\" content=\"image\/jpeg\" \/>\n<meta name=\"author\" content=\"Alzola Basque Water\" \/>\n<meta name=\"twitter:card\" content=\"summary_large_image\" \/>\n<meta name=\"twitter:creator\" content=\"@basquewater\" \/>\n<meta name=\"twitter:site\" content=\"@BasqueWater\" \/>\n<meta name=\"twitter:label1\" content=\"Escrito por\" \/>\n\t<meta name=\"twitter:data1\" content=\"Alzola Basque Water\" \/>\n\t<meta name=\"twitter:label2\" content=\"Tiempo de lectura\" \/>\n\t<meta name=\"twitter:data2\" content=\"13 minutos\" \/>\n<script type=\"application\/ld+json\" class=\"yoast-schema-graph\">{\"@context\":\"https:\\\/\\\/schema.org\",\"@graph\":[{\"@type\":\"Article\",\"@id\":\"https:\\\/\\\/www.alzola.com\\\/es\\\/el-farol-del-pecado-un-relato-terrorifico-a-orillas-del-deva\\\/#article\",\"isPartOf\":{\"@id\":\"https:\\\/\\\/www.alzola.com\\\/es\\\/el-farol-del-pecado-un-relato-terrorifico-a-orillas-del-deva\\\/\"},\"author\":{\"name\":\"Alzola Basque Water\",\"@id\":\"https:\\\/\\\/www.alzola.com\\\/es\\\/#\\\/schema\\\/person\\\/67ba21fcc68e23f591865e5457edc378\"},\"headline\":\"El Farol del Pecado: Un relato terror\u00edfico a orillas del Deva\",\"datePublished\":\"2024-10-28T23:32:05+00:00\",\"dateModified\":\"2024-10-28T23:32:06+00:00\",\"mainEntityOfPage\":{\"@id\":\"https:\\\/\\\/www.alzola.com\\\/es\\\/el-farol-del-pecado-un-relato-terrorifico-a-orillas-del-deva\\\/\"},\"wordCount\":2004,\"publisher\":{\"@id\":\"https:\\\/\\\/www.alzola.com\\\/es\\\/#organization\"},\"image\":{\"@id\":\"https:\\\/\\\/www.alzola.com\\\/es\\\/el-farol-del-pecado-un-relato-terrorifico-a-orillas-del-deva\\\/#primaryimage\"},\"thumbnailUrl\":\"https:\\\/\\\/www.alzola.com\\\/wp-content\\\/uploads\\\/2024\\\/10\\\/Farol-encendido.jpg\",\"keywords\":[\"Balneario de Alzola\",\"Deva\",\"Historias de fantasmas\",\"V\u00edctor Balaguer\"],\"articleSection\":[\"Balneario de Alzola\"],\"inLanguage\":\"es\"},{\"@type\":\"WebPage\",\"@id\":\"https:\\\/\\\/www.alzola.com\\\/es\\\/el-farol-del-pecado-un-relato-terrorifico-a-orillas-del-deva\\\/\",\"url\":\"https:\\\/\\\/www.alzola.com\\\/es\\\/el-farol-del-pecado-un-relato-terrorifico-a-orillas-del-deva\\\/\",\"name\":\"El Farol del Pecado: Un relato terror\u00edfico a orillas del Deva - Alzola Basque Water\",\"isPartOf\":{\"@id\":\"https:\\\/\\\/www.alzola.com\\\/es\\\/#website\"},\"primaryImageOfPage\":{\"@id\":\"https:\\\/\\\/www.alzola.com\\\/es\\\/el-farol-del-pecado-un-relato-terrorifico-a-orillas-del-deva\\\/#primaryimage\"},\"image\":{\"@id\":\"https:\\\/\\\/www.alzola.com\\\/es\\\/el-farol-del-pecado-un-relato-terrorifico-a-orillas-del-deva\\\/#primaryimage\"},\"thumbnailUrl\":\"https:\\\/\\\/www.alzola.com\\\/wp-content\\\/uploads\\\/2024\\\/10\\\/Farol-encendido.jpg\",\"datePublished\":\"2024-10-28T23:32:05+00:00\",\"dateModified\":\"2024-10-28T23:32:06+00:00\",\"description\":\"La leyenda de \\\"El farol del pecado\\\" fue escrita en 1893 por V\u00edctor Balaguer tras pasar el verano en el balneario de Alzola. Este relato de fantasmas est\u00e1 ambientado en el Convento de San Francisco de Sasiola en Deba y en la casa se\u00f1orial de Oriz\u00e1bal.\",\"breadcrumb\":{\"@id\":\"https:\\\/\\\/www.alzola.com\\\/es\\\/el-farol-del-pecado-un-relato-terrorifico-a-orillas-del-deva\\\/#breadcrumb\"},\"inLanguage\":\"es\",\"potentialAction\":[{\"@type\":\"ReadAction\",\"target\":[\"https:\\\/\\\/www.alzola.com\\\/es\\\/el-farol-del-pecado-un-relato-terrorifico-a-orillas-del-deva\\\/\"]}]},{\"@type\":\"ImageObject\",\"inLanguage\":\"es\",\"@id\":\"https:\\\/\\\/www.alzola.com\\\/es\\\/el-farol-del-pecado-un-relato-terrorifico-a-orillas-del-deva\\\/#primaryimage\",\"url\":\"https:\\\/\\\/www.alzola.com\\\/wp-content\\\/uploads\\\/2024\\\/10\\\/Farol-encendido.jpg\",\"contentUrl\":\"https:\\\/\\\/www.alzola.com\\\/wp-content\\\/uploads\\\/2024\\\/10\\\/Farol-encendido.jpg\",\"width\":800,\"height\":600},{\"@type\":\"BreadcrumbList\",\"@id\":\"https:\\\/\\\/www.alzola.com\\\/es\\\/el-farol-del-pecado-un-relato-terrorifico-a-orillas-del-deva\\\/#breadcrumb\",\"itemListElement\":[{\"@type\":\"ListItem\",\"position\":1,\"name\":\"Portada\",\"item\":\"https:\\\/\\\/www.alzola.com\\\/es\\\/\"},{\"@type\":\"ListItem\",\"position\":2,\"name\":\"El Farol del Pecado: Un relato terror\u00edfico a orillas del Deva\"}]},{\"@type\":\"WebSite\",\"@id\":\"https:\\\/\\\/www.alzola.com\\\/es\\\/#website\",\"url\":\"https:\\\/\\\/www.alzola.com\\\/es\\\/\",\"name\":\"Alzola Basque Water\",\"description\":\"Agua Mineral Natural desde 1801\",\"publisher\":{\"@id\":\"https:\\\/\\\/www.alzola.com\\\/es\\\/#organization\"},\"potentialAction\":[{\"@type\":\"SearchAction\",\"target\":{\"@type\":\"EntryPoint\",\"urlTemplate\":\"https:\\\/\\\/www.alzola.com\\\/es\\\/?s={search_term_string}\"},\"query-input\":{\"@type\":\"PropertyValueSpecification\",\"valueRequired\":true,\"valueName\":\"search_term_string\"}}],\"inLanguage\":\"es\"},{\"@type\":\"Organization\",\"@id\":\"https:\\\/\\\/www.alzola.com\\\/es\\\/#organization\",\"name\":\"BalenzateguiSA - Alzola Basque Water\",\"url\":\"https:\\\/\\\/www.alzola.com\\\/es\\\/\",\"logo\":{\"@type\":\"ImageObject\",\"inLanguage\":\"es\",\"@id\":\"https:\\\/\\\/www.alzola.com\\\/es\\\/#\\\/schema\\\/logo\\\/image\\\/\",\"url\":\"https:\\\/\\\/www.alzola.com\\\/wp-content\\\/uploads\\\/2013\\\/09\\\/Logo-alzola-baja.png\",\"contentUrl\":\"https:\\\/\\\/www.alzola.com\\\/wp-content\\\/uploads\\\/2013\\\/09\\\/Logo-alzola-baja.png\",\"width\":892,\"height\":600,\"caption\":\"BalenzateguiSA - Alzola Basque Water\"},\"image\":{\"@id\":\"https:\\\/\\\/www.alzola.com\\\/es\\\/#\\\/schema\\\/logo\\\/image\\\/\"},\"sameAs\":[\"https:\\\/\\\/www.facebook.com\\\/alzolabasquewater\\\/\",\"https:\\\/\\\/x.com\\\/BasqueWater\",\"https:\\\/\\\/www.instagram.com\\\/basquewater\\\/\",\"https:\\\/\\\/www.linkedin.com\\\/company\\\/3155611\\\/\",\"https:\\\/\\\/es.pinterest.com\\\/basquewater\\\/\",\"https:\\\/\\\/www.youtube.com\\\/AlzolaBasqueWater\"]},{\"@type\":\"Person\",\"@id\":\"https:\\\/\\\/www.alzola.com\\\/es\\\/#\\\/schema\\\/person\\\/67ba21fcc68e23f591865e5457edc378\",\"name\":\"Alzola Basque Water\",\"image\":{\"@type\":\"ImageObject\",\"inLanguage\":\"es\",\"@id\":\"https:\\\/\\\/secure.gravatar.com\\\/avatar\\\/6c16b08ba125fac103c3b367e4bd71c56459032ae0395aef4da6ab3a913593ba?s=96&d=mm&r=g\",\"url\":\"https:\\\/\\\/secure.gravatar.com\\\/avatar\\\/6c16b08ba125fac103c3b367e4bd71c56459032ae0395aef4da6ab3a913593ba?s=96&d=mm&r=g\",\"contentUrl\":\"https:\\\/\\\/secure.gravatar.com\\\/avatar\\\/6c16b08ba125fac103c3b367e4bd71c56459032ae0395aef4da6ab3a913593ba?s=96&d=mm&r=g\",\"caption\":\"Alzola Basque Water\"},\"description\":\"Agua Mineral Natural declarada de Utilidad P\u00fablica en 1843.\",\"sameAs\":[\"https:\\\/\\\/www.alzola.com\",\"www.facebook.com\\\/AlzolaBasqueWater\",\"https:\\\/\\\/www.instagram.com\\\/basquewater\\\/\",\"https:\\\/\\\/x.com\\\/basquewater\"]}]}<\/script>\n<!-- \/ Yoast SEO plugin. -->","yoast_head_json":{"title":"El Farol del Pecado: Un relato terror\u00edfico a orillas del Deva - Alzola Basque Water","description":"La leyenda de \"El farol del pecado\" fue escrita en 1893 por V\u00edctor Balaguer tras pasar el verano en el balneario de Alzola. Este relato de fantasmas est\u00e1 ambientado en el Convento de San Francisco de Sasiola en Deba y en la casa se\u00f1orial de Oriz\u00e1bal.","robots":{"index":"index","follow":"follow","max-snippet":"max-snippet:-1","max-image-preview":"max-image-preview:large","max-video-preview":"max-video-preview:-1"},"canonical":"https:\/\/www.alzola.com\/es\/el-farol-del-pecado-un-relato-terrorifico-a-orillas-del-deva\/","og_locale":"es_ES","og_type":"article","og_title":"El Farol del Pecado: Un relato terror\u00edfico a orillas del Deva - Alzola Basque Water","og_description":"La leyenda de \"El farol del pecado\" fue escrita en 1893 por V\u00edctor Balaguer tras pasar el verano en el balneario de Alzola. Este relato de fantasmas est\u00e1 ambientado en el Convento de San Francisco de Sasiola en Deba y en la casa se\u00f1orial de Oriz\u00e1bal.","og_url":"https:\/\/www.alzola.com\/es\/el-farol-del-pecado-un-relato-terrorifico-a-orillas-del-deva\/","og_site_name":"Alzola Basque Water","article_publisher":"https:\/\/www.facebook.com\/alzolabasquewater\/","article_author":"www.facebook.com\/AlzolaBasqueWater","article_published_time":"2024-10-28T23:32:05+00:00","article_modified_time":"2024-10-28T23:32:06+00:00","og_image":[{"width":800,"height":600,"url":"https:\/\/www.alzola.com\/wp-content\/uploads\/2024\/10\/Farol-encendido.jpg","type":"image\/jpeg"}],"author":"Alzola Basque Water","twitter_card":"summary_large_image","twitter_creator":"@basquewater","twitter_site":"@BasqueWater","twitter_misc":{"Escrito por":"Alzola Basque Water","Tiempo de lectura":"13 minutos"},"schema":{"@context":"https:\/\/schema.org","@graph":[{"@type":"Article","@id":"https:\/\/www.alzola.com\/es\/el-farol-del-pecado-un-relato-terrorifico-a-orillas-del-deva\/#article","isPartOf":{"@id":"https:\/\/www.alzola.com\/es\/el-farol-del-pecado-un-relato-terrorifico-a-orillas-del-deva\/"},"author":{"name":"Alzola Basque Water","@id":"https:\/\/www.alzola.com\/es\/#\/schema\/person\/67ba21fcc68e23f591865e5457edc378"},"headline":"El Farol del Pecado: Un relato terror\u00edfico a orillas del Deva","datePublished":"2024-10-28T23:32:05+00:00","dateModified":"2024-10-28T23:32:06+00:00","mainEntityOfPage":{"@id":"https:\/\/www.alzola.com\/es\/el-farol-del-pecado-un-relato-terrorifico-a-orillas-del-deva\/"},"wordCount":2004,"publisher":{"@id":"https:\/\/www.alzola.com\/es\/#organization"},"image":{"@id":"https:\/\/www.alzola.com\/es\/el-farol-del-pecado-un-relato-terrorifico-a-orillas-del-deva\/#primaryimage"},"thumbnailUrl":"https:\/\/www.alzola.com\/wp-content\/uploads\/2024\/10\/Farol-encendido.jpg","keywords":["Balneario de Alzola","Deva","Historias de fantasmas","V\u00edctor Balaguer"],"articleSection":["Balneario de Alzola"],"inLanguage":"es"},{"@type":"WebPage","@id":"https:\/\/www.alzola.com\/es\/el-farol-del-pecado-un-relato-terrorifico-a-orillas-del-deva\/","url":"https:\/\/www.alzola.com\/es\/el-farol-del-pecado-un-relato-terrorifico-a-orillas-del-deva\/","name":"El Farol del Pecado: Un relato terror\u00edfico a orillas del Deva - Alzola Basque Water","isPartOf":{"@id":"https:\/\/www.alzola.com\/es\/#website"},"primaryImageOfPage":{"@id":"https:\/\/www.alzola.com\/es\/el-farol-del-pecado-un-relato-terrorifico-a-orillas-del-deva\/#primaryimage"},"image":{"@id":"https:\/\/www.alzola.com\/es\/el-farol-del-pecado-un-relato-terrorifico-a-orillas-del-deva\/#primaryimage"},"thumbnailUrl":"https:\/\/www.alzola.com\/wp-content\/uploads\/2024\/10\/Farol-encendido.jpg","datePublished":"2024-10-28T23:32:05+00:00","dateModified":"2024-10-28T23:32:06+00:00","description":"La leyenda de \"El farol del pecado\" fue escrita en 1893 por V\u00edctor Balaguer tras pasar el verano en el balneario de Alzola. Este relato de fantasmas est\u00e1 ambientado en el Convento de San Francisco de Sasiola en Deba y en la casa se\u00f1orial de Oriz\u00e1bal.","breadcrumb":{"@id":"https:\/\/www.alzola.com\/es\/el-farol-del-pecado-un-relato-terrorifico-a-orillas-del-deva\/#breadcrumb"},"inLanguage":"es","potentialAction":[{"@type":"ReadAction","target":["https:\/\/www.alzola.com\/es\/el-farol-del-pecado-un-relato-terrorifico-a-orillas-del-deva\/"]}]},{"@type":"ImageObject","inLanguage":"es","@id":"https:\/\/www.alzola.com\/es\/el-farol-del-pecado-un-relato-terrorifico-a-orillas-del-deva\/#primaryimage","url":"https:\/\/www.alzola.com\/wp-content\/uploads\/2024\/10\/Farol-encendido.jpg","contentUrl":"https:\/\/www.alzola.com\/wp-content\/uploads\/2024\/10\/Farol-encendido.jpg","width":800,"height":600},{"@type":"BreadcrumbList","@id":"https:\/\/www.alzola.com\/es\/el-farol-del-pecado-un-relato-terrorifico-a-orillas-del-deva\/#breadcrumb","itemListElement":[{"@type":"ListItem","position":1,"name":"Portada","item":"https:\/\/www.alzola.com\/es\/"},{"@type":"ListItem","position":2,"name":"El Farol del Pecado: Un relato terror\u00edfico a orillas del Deva"}]},{"@type":"WebSite","@id":"https:\/\/www.alzola.com\/es\/#website","url":"https:\/\/www.alzola.com\/es\/","name":"Alzola Basque Water","description":"Agua Mineral Natural desde 1801","publisher":{"@id":"https:\/\/www.alzola.com\/es\/#organization"},"potentialAction":[{"@type":"SearchAction","target":{"@type":"EntryPoint","urlTemplate":"https:\/\/www.alzola.com\/es\/?s={search_term_string}"},"query-input":{"@type":"PropertyValueSpecification","valueRequired":true,"valueName":"search_term_string"}}],"inLanguage":"es"},{"@type":"Organization","@id":"https:\/\/www.alzola.com\/es\/#organization","name":"BalenzateguiSA - Alzola Basque Water","url":"https:\/\/www.alzola.com\/es\/","logo":{"@type":"ImageObject","inLanguage":"es","@id":"https:\/\/www.alzola.com\/es\/#\/schema\/logo\/image\/","url":"https:\/\/www.alzola.com\/wp-content\/uploads\/2013\/09\/Logo-alzola-baja.png","contentUrl":"https:\/\/www.alzola.com\/wp-content\/uploads\/2013\/09\/Logo-alzola-baja.png","width":892,"height":600,"caption":"BalenzateguiSA - Alzola Basque Water"},"image":{"@id":"https:\/\/www.alzola.com\/es\/#\/schema\/logo\/image\/"},"sameAs":["https:\/\/www.facebook.com\/alzolabasquewater\/","https:\/\/x.com\/BasqueWater","https:\/\/www.instagram.com\/basquewater\/","https:\/\/www.linkedin.com\/company\/3155611\/","https:\/\/es.pinterest.com\/basquewater\/","https:\/\/www.youtube.com\/AlzolaBasqueWater"]},{"@type":"Person","@id":"https:\/\/www.alzola.com\/es\/#\/schema\/person\/67ba21fcc68e23f591865e5457edc378","name":"Alzola Basque Water","image":{"@type":"ImageObject","inLanguage":"es","@id":"https:\/\/secure.gravatar.com\/avatar\/6c16b08ba125fac103c3b367e4bd71c56459032ae0395aef4da6ab3a913593ba?s=96&d=mm&r=g","url":"https:\/\/secure.gravatar.com\/avatar\/6c16b08ba125fac103c3b367e4bd71c56459032ae0395aef4da6ab3a913593ba?s=96&d=mm&r=g","contentUrl":"https:\/\/secure.gravatar.com\/avatar\/6c16b08ba125fac103c3b367e4bd71c56459032ae0395aef4da6ab3a913593ba?s=96&d=mm&r=g","caption":"Alzola Basque Water"},"description":"Agua Mineral Natural declarada de Utilidad P\u00fablica en 1843.","sameAs":["https:\/\/www.alzola.com","www.facebook.com\/AlzolaBasqueWater","https:\/\/www.instagram.com\/basquewater\/","https:\/\/x.com\/basquewater"]}]}},"_links":{"self":[{"href":"https:\/\/www.alzola.com\/es\/wp-json\/wp\/v2\/posts\/55014","targetHints":{"allow":["GET"]}}],"collection":[{"href":"https:\/\/www.alzola.com\/es\/wp-json\/wp\/v2\/posts"}],"about":[{"href":"https:\/\/www.alzola.com\/es\/wp-json\/wp\/v2\/types\/post"}],"author":[{"embeddable":true,"href":"https:\/\/www.alzola.com\/es\/wp-json\/wp\/v2\/users\/2"}],"replies":[{"embeddable":true,"href":"https:\/\/www.alzola.com\/es\/wp-json\/wp\/v2\/comments?post=55014"}],"version-history":[{"count":5,"href":"https:\/\/www.alzola.com\/es\/wp-json\/wp\/v2\/posts\/55014\/revisions"}],"predecessor-version":[{"id":55036,"href":"https:\/\/www.alzola.com\/es\/wp-json\/wp\/v2\/posts\/55014\/revisions\/55036"}],"wp:featuredmedia":[{"embeddable":true,"href":"https:\/\/www.alzola.com\/es\/wp-json\/wp\/v2\/media\/55022"}],"wp:attachment":[{"href":"https:\/\/www.alzola.com\/es\/wp-json\/wp\/v2\/media?parent=55014"}],"wp:term":[{"taxonomy":"category","embeddable":true,"href":"https:\/\/www.alzola.com\/es\/wp-json\/wp\/v2\/categories?post=55014"},{"taxonomy":"post_tag","embeddable":true,"href":"https:\/\/www.alzola.com\/es\/wp-json\/wp\/v2\/tags?post=55014"}],"curies":[{"name":"wp","href":"https:\/\/api.w.org\/{rel}","templated":true}]}}