{"id":54975,"date":"2024-10-21T19:49:49","date_gmt":"2024-10-21T18:49:49","guid":{"rendered":"https:\/\/www.alzola.com\/?p=54975"},"modified":"2024-10-22T06:26:50","modified_gmt":"2024-10-22T05:26:50","slug":"banos-de-alzola-en-agosto-de-1891","status":"publish","type":"post","link":"https:\/\/www.alzola.com\/es\/banos-de-alzola-en-agosto-de-1891\/","title":{"rendered":"Ba\u00f1os de Alzola en agosto de 1891"},"content":{"rendered":"\n<figure class=\"wp-block-image size-large\"><img loading=\"lazy\" decoding=\"async\" width=\"680\" height=\"1024\" src=\"https:\/\/www.alzola.com\/wp-content\/uploads\/2024\/10\/La-Rioja-diario-politico.-11-08-1891-1-680x1024.jpg\" alt=\"Portada del peri\u00f3dico La Rioja, diario pol\u00edtico. 11 de agosto de 1891\" class=\"wp-image-54995\" title=\"Portada del peri\u00f3dico La Rioja, diario pol\u00edtico (11 de agosto de 1891)\" srcset=\"https:\/\/www.alzola.com\/wp-content\/uploads\/2024\/10\/La-Rioja-diario-politico.-11-08-1891-1-680x1024.jpg 680w, https:\/\/www.alzola.com\/wp-content\/uploads\/2024\/10\/La-Rioja-diario-politico.-11-08-1891-1-199x300.jpg 199w, https:\/\/www.alzola.com\/wp-content\/uploads\/2024\/10\/La-Rioja-diario-politico.-11-08-1891-1-768x1156.jpg 768w, https:\/\/www.alzola.com\/wp-content\/uploads\/2024\/10\/La-Rioja-diario-politico.-11-08-1891-1-1020x1536.jpg 1020w, https:\/\/www.alzola.com\/wp-content\/uploads\/2024\/10\/La-Rioja-diario-politico.-11-08-1891-1-1361x2048.jpg 1361w, https:\/\/www.alzola.com\/wp-content\/uploads\/2024\/10\/La-Rioja-diario-politico.-11-08-1891-1-678x1021.jpg 678w, https:\/\/www.alzola.com\/wp-content\/uploads\/2024\/10\/La-Rioja-diario-politico.-11-08-1891-1-84x126.jpg 84w, https:\/\/www.alzola.com\/wp-content\/uploads\/2024\/10\/La-Rioja-diario-politico.-11-08-1891-1-200x301.jpg 200w, https:\/\/www.alzola.com\/wp-content\/uploads\/2024\/10\/La-Rioja-diario-politico.-11-08-1891-1-450x677.jpg 450w, https:\/\/www.alzola.com\/wp-content\/uploads\/2024\/10\/La-Rioja-diario-politico.-11-08-1891-1-525x790.jpg 525w, https:\/\/www.alzola.com\/wp-content\/uploads\/2024\/10\/La-Rioja-diario-politico.-11-08-1891-1-scaled.jpg 1701w\" sizes=\"auto, (max-width: 680px) 100vw, 680px\" \/><figcaption class=\"wp-element-caption\">Portada del peri\u00f3dico La Rioja del 11 de agosto de 1891 donde se publica una carta al director desde los Ba\u00f1os de Alzola<\/figcaption><\/figure>\n\n\n\n<p>En el <strong>verano de 1891<\/strong>, el balneario de Alzola se convirti\u00f3, una vez m\u00e1s, en el escenario de encuentros de la alta sociedad espa\u00f1ola que buscaba mejorar su salud f\u00edsica. La carta publicada por <em>Isidoro Lazcano<\/em> en el peri\u00f3dico \u201cLa Rioja\u201d el 8 de agosto de ese mismo a\u00f1o, nos ofrece un detallado retrato de la vida en este id\u00edlico lugar, donde <strong>nuestras aguas medicinales atra\u00edan a personalidades de renombre del \u00e1mbito pol\u00edtico, social y econ\u00f3mico<\/strong>. <\/p>\n\n\n\n<figure class=\"wp-block-image size-large\"><img loading=\"lazy\" decoding=\"async\" width=\"994\" height=\"1024\" src=\"https:\/\/www.alzola.com\/wp-content\/uploads\/2024\/10\/Los-Lideres-de-la-Opinion-Espanola-en-1898-994x1024.jpg\" alt=\"Los L\u00edderes de la Opini\u00f3n Espa\u00f1ola en 1898\" class=\"wp-image-55000\" title=\"Los L\u00edderes de la Opini\u00f3n Espa\u00f1ola en 1898\" srcset=\"https:\/\/www.alzola.com\/wp-content\/uploads\/2024\/10\/Los-Lideres-de-la-Opinion-Espanola-en-1898-994x1024.jpg 994w, https:\/\/www.alzola.com\/wp-content\/uploads\/2024\/10\/Los-Lideres-de-la-Opinion-Espanola-en-1898-291x300.jpg 291w, https:\/\/www.alzola.com\/wp-content\/uploads\/2024\/10\/Los-Lideres-de-la-Opinion-Espanola-en-1898-768x791.jpg 768w, https:\/\/www.alzola.com\/wp-content\/uploads\/2024\/10\/Los-Lideres-de-la-Opinion-Espanola-en-1898-678x699.jpg 678w, https:\/\/www.alzola.com\/wp-content\/uploads\/2024\/10\/Los-Lideres-de-la-Opinion-Espanola-en-1898-84x87.jpg 84w, https:\/\/www.alzola.com\/wp-content\/uploads\/2024\/10\/Los-Lideres-de-la-Opinion-Espanola-en-1898-200x206.jpg 200w, https:\/\/www.alzola.com\/wp-content\/uploads\/2024\/10\/Los-Lideres-de-la-Opinion-Espanola-en-1898-450x464.jpg 450w, https:\/\/www.alzola.com\/wp-content\/uploads\/2024\/10\/Los-Lideres-de-la-Opinion-Espanola-en-1898-767x790.jpg 767w, https:\/\/www.alzola.com\/wp-content\/uploads\/2024\/10\/Los-Lideres-de-la-Opinion-Espanola-en-1898.jpg 1223w\" sizes=\"auto, (max-width: 994px) 100vw, 994px\" \/><figcaption class=\"wp-element-caption\">En esta galer\u00eda de \u00abL\u00edderes de la Opini\u00f3n Espa\u00f1ola\u00bb podemos ver dos miembros que acudieron al balneario de Alzola en 1891<\/figcaption><\/figure>\n\n\n\n<p>Este art\u00edculo busca abrir una ventana al pasado de Alzola en el siglo XIX, cuando las estad\u00edas en los balnearios eran una tradici\u00f3n bien asentada entre <strong>las clases m\u00e1s acomodadas<\/strong>, y Alzola se consolidaba como uno de los destinos de <strong>balneoterapia<\/strong> m\u00e1s importantes del norte de Espa\u00f1a.<\/p>\n\n\n\n<h2 class=\"wp-block-heading\"><strong>Un ba\u00f1o de salud en un entorno privilegiado<\/strong><\/h2>\n\n\n\n<figure class=\"wp-block-image size-full\"><img loading=\"lazy\" decoding=\"async\" width=\"800\" height=\"533\" src=\"https:\/\/www.alzola.com\/wp-content\/uploads\/2024\/10\/1-Banos-de-Alzola-y-Don-Praxedes-Mateo-Sagasta.jpg\" alt=\"Pr\u00e1xedes Mateo Sagasta \" class=\"wp-image-54977\" title=\"Pr\u00e1xedes Mateo Sagasta (21 de julio de 1825- 5 de enero de 1903) frecuentaba el Balneario de Alzola para tomar sus aguas\" srcset=\"https:\/\/www.alzola.com\/wp-content\/uploads\/2024\/10\/1-Banos-de-Alzola-y-Don-Praxedes-Mateo-Sagasta.jpg 800w, https:\/\/www.alzola.com\/wp-content\/uploads\/2024\/10\/1-Banos-de-Alzola-y-Don-Praxedes-Mateo-Sagasta-300x200.jpg 300w, https:\/\/www.alzola.com\/wp-content\/uploads\/2024\/10\/1-Banos-de-Alzola-y-Don-Praxedes-Mateo-Sagasta-768x512.jpg 768w, https:\/\/www.alzola.com\/wp-content\/uploads\/2024\/10\/1-Banos-de-Alzola-y-Don-Praxedes-Mateo-Sagasta-678x452.jpg 678w, https:\/\/www.alzola.com\/wp-content\/uploads\/2024\/10\/1-Banos-de-Alzola-y-Don-Praxedes-Mateo-Sagasta-84x56.jpg 84w, https:\/\/www.alzola.com\/wp-content\/uploads\/2024\/10\/1-Banos-de-Alzola-y-Don-Praxedes-Mateo-Sagasta-200x133.jpg 200w, https:\/\/www.alzola.com\/wp-content\/uploads\/2024\/10\/1-Banos-de-Alzola-y-Don-Praxedes-Mateo-Sagasta-450x300.jpg 450w\" sizes=\"auto, (max-width: 800px) 100vw, 800px\" \/><figcaption class=\"wp-element-caption\">Don Pr\u00e1xedes Mateo Sagasta era un asiduo del balneario de Alzola<\/figcaption><\/figure>\n\n\n\n<p>El balneario de Alzola ofrec\u00eda <strong>tratamientos terap\u00e9uticos<\/strong> con sus aguas sulfurosas y bicarbonatadas, y tambi\u00e9n <strong>descanso y socializaci\u00f3n<\/strong>. Como relata <em>Lazcano<\/em>, el <strong>clima<\/strong> de la regi\u00f3n era <strong>especialmente agradable en pleno verano<\/strong>, lo que hac\u00eda de Alzola un sitio ideal para escapar del calor sofocante de las grandes ciudades. El cronista describe c\u00f3mo la vida en el balneario de Alzola transcurr\u00eda sosegadamente entre <strong>paseos matutinos para beber las aguas<\/strong>, actividad recomendada por los m\u00e9dicos de la \u00e9poca, y las <strong>tertulias de la tarde<\/strong> en las fondas.<\/p>\n\n\n\n<figure class=\"wp-block-image size-full is-resized\"><img loading=\"lazy\" decoding=\"async\" width=\"800\" height=\"533\" src=\"https:\/\/www.alzola.com\/wp-content\/uploads\/2024\/10\/Landau-c.-1896.jpg\" alt=\"Landau (c. 1896)\" class=\"wp-image-54992\" style=\"width:699px;height:auto\" title=\"Carruaje Landau o Land\u00f3 (c. 1896)\" srcset=\"https:\/\/www.alzola.com\/wp-content\/uploads\/2024\/10\/Landau-c.-1896.jpg 800w, https:\/\/www.alzola.com\/wp-content\/uploads\/2024\/10\/Landau-c.-1896-300x200.jpg 300w, https:\/\/www.alzola.com\/wp-content\/uploads\/2024\/10\/Landau-c.-1896-768x512.jpg 768w, https:\/\/www.alzola.com\/wp-content\/uploads\/2024\/10\/Landau-c.-1896-678x452.jpg 678w, https:\/\/www.alzola.com\/wp-content\/uploads\/2024\/10\/Landau-c.-1896-84x56.jpg 84w, https:\/\/www.alzola.com\/wp-content\/uploads\/2024\/10\/Landau-c.-1896-200x133.jpg 200w, https:\/\/www.alzola.com\/wp-content\/uploads\/2024\/10\/Landau-c.-1896-450x300.jpg 450w\" sizes=\"auto, (max-width: 800px) 100vw, 800px\" \/><figcaption class=\"wp-element-caption\">Carruaje del tipo Landau similar al utilizado desde Alzola por Pr\u00e1xedes Mateo Sagasta<\/figcaption><\/figure>\n\n\n\n<p>En aquel momento, las principales opciones de alojamiento eran <strong>la fonda de nuestro establecimiento<\/strong>, el <strong>Boulevard<\/strong>, y la <strong>fonda Urquiza<\/strong>, regentada por <em>Ignacio Urquiza<\/em>. Seg\u00fan <em>Lazcano<\/em>, esta \u00faltima destacaba por su <strong>comedor espacioso y una magn\u00edfica huerta<\/strong>, donde los hu\u00e9spedes se entreten\u00edan y relajaban despu\u00e9s de los tratamientos. Adem\u00e1s, el ambiente de la fonda era alegre y distendido, con <strong>partidas de cartas y billar<\/strong>, que amenizaban las tardes de los ba\u00f1istas.<\/p>\n\n\n\n<figure class=\"wp-block-image size-full\"><img loading=\"lazy\" decoding=\"async\" width=\"800\" height=\"533\" src=\"https:\/\/www.alzola.com\/wp-content\/uploads\/2024\/10\/2-Banos-de-Alzola-y-Santos-Isasa-pintado-por-Vicente-Palmaroli-1895.jpg\" alt=\"Santos Isasa y Valseca (1822\u20131907) \" class=\"wp-image-54979\" title=\"Santos Isasa y Valseca (1822\u20131907) pintado por Vicente Palmaroli y Gonz\u00e1lez (1895)\" srcset=\"https:\/\/www.alzola.com\/wp-content\/uploads\/2024\/10\/2-Banos-de-Alzola-y-Santos-Isasa-pintado-por-Vicente-Palmaroli-1895.jpg 800w, https:\/\/www.alzola.com\/wp-content\/uploads\/2024\/10\/2-Banos-de-Alzola-y-Santos-Isasa-pintado-por-Vicente-Palmaroli-1895-300x200.jpg 300w, https:\/\/www.alzola.com\/wp-content\/uploads\/2024\/10\/2-Banos-de-Alzola-y-Santos-Isasa-pintado-por-Vicente-Palmaroli-1895-768x512.jpg 768w, https:\/\/www.alzola.com\/wp-content\/uploads\/2024\/10\/2-Banos-de-Alzola-y-Santos-Isasa-pintado-por-Vicente-Palmaroli-1895-678x452.jpg 678w, https:\/\/www.alzola.com\/wp-content\/uploads\/2024\/10\/2-Banos-de-Alzola-y-Santos-Isasa-pintado-por-Vicente-Palmaroli-1895-84x56.jpg 84w, https:\/\/www.alzola.com\/wp-content\/uploads\/2024\/10\/2-Banos-de-Alzola-y-Santos-Isasa-pintado-por-Vicente-Palmaroli-1895-200x133.jpg 200w, https:\/\/www.alzola.com\/wp-content\/uploads\/2024\/10\/2-Banos-de-Alzola-y-Santos-Isasa-pintado-por-Vicente-Palmaroli-1895-450x300.jpg 450w\" sizes=\"auto, (max-width: 800px) 100vw, 800px\" \/><figcaption class=\"wp-element-caption\">Santos Isasa y Valseca (1822\u20131907) pintado por Vicente Palmaroli y Gonz\u00e1lez (1895)<\/figcaption><\/figure>\n\n\n\n<p>A trav\u00e9s del relato de <em>Isidoro Lazcano<\/em>, podemos vislumbrar no solo las caracter\u00edsticas de nuestro balneario y su entorno, sino tambi\u00e9n <strong>la vida cotidiana de los ba\u00f1istas<\/strong>, las personalidades que lo frecuentaban y el rol que Alzola jug\u00f3 como punto de referencia en la sociedad de la \u00e9poca. A pesar de la modestia del lugar, en comparaci\u00f3n con otros balnearios m\u00e1s lujosos de su tiempo, <strong>Alzola contaba con una buena afluencia de hu\u00e9spedes<\/strong> que superaban las 300 personas durante el verano. Esto muestra que, aunque quiz\u00e1s no era el balneario m\u00e1s opulento, <strong>su \u00e9xito radicaba en la calidad de sus aguas<\/strong>, y estaba bien considerado entre aquellos que buscaban una mejora en su salud.<\/p>\n\n\n\n<h2 class=\"wp-block-heading\"><strong>La \u00e9lite pol\u00edtica y social en Alzola<\/strong><\/h2>\n\n\n\n<figure class=\"wp-block-image size-full\"><img loading=\"lazy\" decoding=\"async\" width=\"800\" height=\"533\" src=\"https:\/\/www.alzola.com\/wp-content\/uploads\/2024\/10\/Deva.-El-puente-y-la-ria.-Hauser-y-Menet-c.1920.jpg\" alt=\"Deva. El puente y la r\u00eda. Hauser y Menet (c.1920)\" class=\"wp-image-54993\" title=\"El puente y la r\u00eda de Deva. Fotograf\u00eda de Hauser y Menet (c.1920)\" srcset=\"https:\/\/www.alzola.com\/wp-content\/uploads\/2024\/10\/Deva.-El-puente-y-la-ria.-Hauser-y-Menet-c.1920.jpg 800w, https:\/\/www.alzola.com\/wp-content\/uploads\/2024\/10\/Deva.-El-puente-y-la-ria.-Hauser-y-Menet-c.1920-300x200.jpg 300w, https:\/\/www.alzola.com\/wp-content\/uploads\/2024\/10\/Deva.-El-puente-y-la-ria.-Hauser-y-Menet-c.1920-768x512.jpg 768w, https:\/\/www.alzola.com\/wp-content\/uploads\/2024\/10\/Deva.-El-puente-y-la-ria.-Hauser-y-Menet-c.1920-678x452.jpg 678w, https:\/\/www.alzola.com\/wp-content\/uploads\/2024\/10\/Deva.-El-puente-y-la-ria.-Hauser-y-Menet-c.1920-84x56.jpg 84w, https:\/\/www.alzola.com\/wp-content\/uploads\/2024\/10\/Deva.-El-puente-y-la-ria.-Hauser-y-Menet-c.1920-200x133.jpg 200w, https:\/\/www.alzola.com\/wp-content\/uploads\/2024\/10\/Deva.-El-puente-y-la-ria.-Hauser-y-Menet-c.1920-450x300.jpg 450w\" sizes=\"auto, (max-width: 800px) 100vw, 800px\" \/><figcaption class=\"wp-element-caption\">El puente y la r\u00eda de Deva. Fotograf\u00eda de Hauser y Menet (c. 1920)<\/figcaption><\/figure>\n\n\n\n<p>Uno de los aspectos m\u00e1s interesantes de la publicaci\u00f3n de <em>Lazcano<\/em> es la menci\u00f3n a las figuras pol\u00edticas y sociales que acud\u00edan a Alzola. El primer nombre que resalta es el de <strong>Pr\u00e1xedes Mateo Sagasta<\/strong>, una de las personalidades m\u00e1s influyentes de la pol\u00edtica espa\u00f1ola del siglo XIX. <em>Sagasta<\/em>, quien fue presidente del Consejo de Ministros del Reino de Espa\u00f1a en varias ocasiones durante la Restauraci\u00f3n borb\u00f3nica, gozaba de una buena salud durante su estancia en Alzola, seg\u00fan relata <em>Lazcano<\/em>. De hecho, el cronista menciona que <strong>vio a <em>Sagasta<\/em> tomando sus \u00faltimos vasitos de agua medicinal antes de partir hacia Biarritz<\/strong>, lo que indica que su tratamiento en Alzola fue exitoso. <\/p>\n\n\n\n<figure class=\"wp-block-image size-full is-resized\"><img loading=\"lazy\" decoding=\"async\" width=\"800\" height=\"533\" src=\"https:\/\/www.alzola.com\/wp-content\/uploads\/2024\/10\/3-Banos-de-Alzola-y-Alejandro-Groizard-realizado-por-Andres-Garcia-Prieto.jpg\" alt=\"Excmo. Sr. D. Alejandro Groizard y G\u00f3mez de la Serna (1830-1919)\" class=\"wp-image-54980\" style=\"width:699px;height:auto\" title=\"Excmo. Sr. D. Alejandro Groizard y G\u00f3mez de la Serna (1830-1919)\" srcset=\"https:\/\/www.alzola.com\/wp-content\/uploads\/2024\/10\/3-Banos-de-Alzola-y-Alejandro-Groizard-realizado-por-Andres-Garcia-Prieto.jpg 800w, https:\/\/www.alzola.com\/wp-content\/uploads\/2024\/10\/3-Banos-de-Alzola-y-Alejandro-Groizard-realizado-por-Andres-Garcia-Prieto-300x200.jpg 300w, https:\/\/www.alzola.com\/wp-content\/uploads\/2024\/10\/3-Banos-de-Alzola-y-Alejandro-Groizard-realizado-por-Andres-Garcia-Prieto-768x512.jpg 768w, https:\/\/www.alzola.com\/wp-content\/uploads\/2024\/10\/3-Banos-de-Alzola-y-Alejandro-Groizard-realizado-por-Andres-Garcia-Prieto-678x452.jpg 678w, https:\/\/www.alzola.com\/wp-content\/uploads\/2024\/10\/3-Banos-de-Alzola-y-Alejandro-Groizard-realizado-por-Andres-Garcia-Prieto-84x56.jpg 84w, https:\/\/www.alzola.com\/wp-content\/uploads\/2024\/10\/3-Banos-de-Alzola-y-Alejandro-Groizard-realizado-por-Andres-Garcia-Prieto-200x133.jpg 200w, https:\/\/www.alzola.com\/wp-content\/uploads\/2024\/10\/3-Banos-de-Alzola-y-Alejandro-Groizard-realizado-por-Andres-Garcia-Prieto-450x300.jpg 450w\" sizes=\"auto, (max-width: 800px) 100vw, 800px\" \/><figcaption class=\"wp-element-caption\">Excmo. Sr. D. Alejandro Groizard y G\u00f3mez de la Serna (1830-1919) veraneaba con su familia en Alzola<\/figcaption><\/figure>\n\n\n\n<p>Adem\u00e1s de <em>Sagasta<\/em>, en Alzola se encontraban otras personalidades de la pol\u00edtica y la aristocracia. <strong>Santos Isasa<\/strong>, Ministro de Fomento y Gobernador del Banco de Espa\u00f1a, era uno de los ba\u00f1istas habituales. Tambi\u00e9n estaban presentes <strong>Hilario Ig\u00f3n<\/strong>, Presidente del Supremo; y el Marqu\u00e9s de la Conquista, <strong>Don Luis Goyoaga<\/strong>. El Marquesado de la Conquista es un t\u00edtulo nobiliario espa\u00f1ol, que fue otorgado por primera vez por el rey <em>Carlos I<\/em> al Capit\u00e1n <em>Francisco Pizarro<\/em>, Conquistador del Per\u00fa.<\/p>\n\n\n\n<figure class=\"wp-block-image size-full is-resized\"><img loading=\"lazy\" decoding=\"async\" width=\"800\" height=\"533\" src=\"https:\/\/www.alzola.com\/wp-content\/uploads\/2024\/10\/4-Banos-de-Alzola-y-Victor-Chavarri-Salazar.jpg\" alt=\"V\u00edctor Ch\u00e1varri Salazar (Portugalete el 23 de diciembre de 1854 - Marsella 29 de marzo de 1900) \" class=\"wp-image-54982\" style=\"width:699px;height:auto\" title=\"V\u00edctor Ch\u00e1varri Salazar (Portugalete el 23 de diciembre de 1854 - Marsella 29 de marzo de 1900) \" srcset=\"https:\/\/www.alzola.com\/wp-content\/uploads\/2024\/10\/4-Banos-de-Alzola-y-Victor-Chavarri-Salazar.jpg 800w, https:\/\/www.alzola.com\/wp-content\/uploads\/2024\/10\/4-Banos-de-Alzola-y-Victor-Chavarri-Salazar-300x200.jpg 300w, https:\/\/www.alzola.com\/wp-content\/uploads\/2024\/10\/4-Banos-de-Alzola-y-Victor-Chavarri-Salazar-768x512.jpg 768w, https:\/\/www.alzola.com\/wp-content\/uploads\/2024\/10\/4-Banos-de-Alzola-y-Victor-Chavarri-Salazar-678x452.jpg 678w, https:\/\/www.alzola.com\/wp-content\/uploads\/2024\/10\/4-Banos-de-Alzola-y-Victor-Chavarri-Salazar-84x56.jpg 84w, https:\/\/www.alzola.com\/wp-content\/uploads\/2024\/10\/4-Banos-de-Alzola-y-Victor-Chavarri-Salazar-200x133.jpg 200w, https:\/\/www.alzola.com\/wp-content\/uploads\/2024\/10\/4-Banos-de-Alzola-y-Victor-Chavarri-Salazar-450x300.jpg 450w\" sizes=\"auto, (max-width: 800px) 100vw, 800px\" \/><figcaption class=\"wp-element-caption\">V\u00edctor Ch\u00e1varri Salazar y su familia veraneaban en Alzola<\/figcaption><\/figure>\n\n\n\n<p>La carta menciona con frecuencia a familias enteras, lo que sugiere que Alzola adem\u00e1s de ser un destino para tratamientos m\u00e9dicos, era un lugar de vacaciones para las \u00e9lites. <strong>Don Alejandro Groizard<\/strong>, destacado abogado y Ministro de Justicia, asisti\u00f3 al balneario de Alzola con su familia, al igual que el <strong>general Zapata<\/strong> y la del general de brigada <strong>don Jos\u00e9 Salcedo<\/strong>. La familia <strong>Ch\u00e1varri<\/strong> es otro de los ejemplos mencionados, concretamente los hermanos don <em>V\u00edctor<\/em> y don <em>Leonardo Ch\u00e1varri<\/em>.<\/p>\n\n\n\n<figure class=\"wp-block-image size-full\"><img loading=\"lazy\" decoding=\"async\" width=\"800\" height=\"533\" src=\"https:\/\/www.alzola.com\/wp-content\/uploads\/2024\/10\/El-Palacio-Chavarri-en-1894.jpg\" alt=\"El Palacio Chavarri en 1894\" class=\"wp-image-54991\" title=\"El Palacio Chavarri en 1894\" srcset=\"https:\/\/www.alzola.com\/wp-content\/uploads\/2024\/10\/El-Palacio-Chavarri-en-1894.jpg 800w, https:\/\/www.alzola.com\/wp-content\/uploads\/2024\/10\/El-Palacio-Chavarri-en-1894-300x200.jpg 300w, https:\/\/www.alzola.com\/wp-content\/uploads\/2024\/10\/El-Palacio-Chavarri-en-1894-768x512.jpg 768w, https:\/\/www.alzola.com\/wp-content\/uploads\/2024\/10\/El-Palacio-Chavarri-en-1894-678x452.jpg 678w, https:\/\/www.alzola.com\/wp-content\/uploads\/2024\/10\/El-Palacio-Chavarri-en-1894-84x56.jpg 84w, https:\/\/www.alzola.com\/wp-content\/uploads\/2024\/10\/El-Palacio-Chavarri-en-1894-200x133.jpg 200w, https:\/\/www.alzola.com\/wp-content\/uploads\/2024\/10\/El-Palacio-Chavarri-en-1894-450x300.jpg 450w\" sizes=\"auto, (max-width: 800px) 100vw, 800px\" \/><figcaption class=\"wp-element-caption\">El Palacio Chavarri en 1894<\/figcaption><\/figure>\n\n\n\n<p><strong>V\u00edctor Ch\u00e1varri<\/strong> fue un empresario vinculado a la Revoluci\u00f3n Industrial de Vizcaya, que mandar\u00eda construir en 1894, al arquitecto belga Paul Hankar, en la actual Plaza Federico Moy\u00faa de Bilbao, el <strong>Palacio Ch\u00e1varri<\/strong> de estilo neoflamenco. En el momento de la visita al balneario de Alzola, los hermanos <em>Ch\u00e1varri<\/em> eran propietarios del <strong>yate Laurac-Bat<\/strong>, en el que partieron desde Deva junto a <em>Sagasta<\/em> y el diputado por Bilbao, don <strong>Eduardo de Aguirre<\/strong>, hacia Biarritz.<\/p>\n\n\n\n<figure class=\"wp-block-image size-full\"><img loading=\"lazy\" decoding=\"async\" width=\"800\" height=\"533\" src=\"https:\/\/www.alzola.com\/wp-content\/uploads\/2024\/10\/Yate-de-los-senores-Chavarri-hermanos.jpg\" alt=\"El yate Laurac-Bat de los hermanos Ch\u00e1varri\" class=\"wp-image-54987\" title=\"El yate Laurac-Bat, de 95 toneladas, construido en Glasgow, adquirido por los hermanos Ch\u00e1varri en noviembre de 1889\" srcset=\"https:\/\/www.alzola.com\/wp-content\/uploads\/2024\/10\/Yate-de-los-senores-Chavarri-hermanos.jpg 800w, https:\/\/www.alzola.com\/wp-content\/uploads\/2024\/10\/Yate-de-los-senores-Chavarri-hermanos-300x200.jpg 300w, https:\/\/www.alzola.com\/wp-content\/uploads\/2024\/10\/Yate-de-los-senores-Chavarri-hermanos-768x512.jpg 768w, https:\/\/www.alzola.com\/wp-content\/uploads\/2024\/10\/Yate-de-los-senores-Chavarri-hermanos-678x452.jpg 678w, https:\/\/www.alzola.com\/wp-content\/uploads\/2024\/10\/Yate-de-los-senores-Chavarri-hermanos-84x56.jpg 84w, https:\/\/www.alzola.com\/wp-content\/uploads\/2024\/10\/Yate-de-los-senores-Chavarri-hermanos-200x133.jpg 200w, https:\/\/www.alzola.com\/wp-content\/uploads\/2024\/10\/Yate-de-los-senores-Chavarri-hermanos-450x300.jpg 450w\" sizes=\"auto, (max-width: 800px) 100vw, 800px\" \/><figcaption class=\"wp-element-caption\">El yate Laurac-Bat, de 95 toneladas, construido en Glasgow, adquirido en noviembre de 1889 por los hermanos Ch\u00e1varri<\/figcaption><\/figure>\n\n\n\n<p>Este dato <strong>refleja la opulencia y el estatus social de algunos de los ba\u00f1istas de Alzola<\/strong>, que disfrutaban de la vida social y el lujo que ofrec\u00edan tanto el balneario como los alrededores. El relato de <em>Lazcano<\/em> concluye con la despedida de <em>Pr\u00e1xedes Mateo Sagasta<\/em>, quien tras su estancia en Alzola y una c\u00e1lida despedida por parte de los ba\u00f1istas, parti\u00f3 hacia Biarritz en el yate de los <em>Ch\u00e1varri<\/em>. <\/p>\n\n\n\n<figure class=\"wp-block-image size-full is-resized\"><img loading=\"lazy\" decoding=\"async\" width=\"800\" height=\"533\" src=\"https:\/\/www.alzola.com\/wp-content\/uploads\/2024\/10\/Biarritz.-Estudio-fotografico-Leon-et-Levy-c.-1905.jpg\" alt=\"Biarritz. Estudio fotogr\u00e1fico L\u00e9on et L\u00e9vy (c. 1905)\" class=\"wp-image-54990\" style=\"width:698px;height:auto\" title=\"Biarritz. Fotograf\u00eda de L\u00e9on et L\u00e9vy (c. 1905)\" srcset=\"https:\/\/www.alzola.com\/wp-content\/uploads\/2024\/10\/Biarritz.-Estudio-fotografico-Leon-et-Levy-c.-1905.jpg 800w, https:\/\/www.alzola.com\/wp-content\/uploads\/2024\/10\/Biarritz.-Estudio-fotografico-Leon-et-Levy-c.-1905-300x200.jpg 300w, https:\/\/www.alzola.com\/wp-content\/uploads\/2024\/10\/Biarritz.-Estudio-fotografico-Leon-et-Levy-c.-1905-768x512.jpg 768w, https:\/\/www.alzola.com\/wp-content\/uploads\/2024\/10\/Biarritz.-Estudio-fotografico-Leon-et-Levy-c.-1905-678x452.jpg 678w, https:\/\/www.alzola.com\/wp-content\/uploads\/2024\/10\/Biarritz.-Estudio-fotografico-Leon-et-Levy-c.-1905-84x56.jpg 84w, https:\/\/www.alzola.com\/wp-content\/uploads\/2024\/10\/Biarritz.-Estudio-fotografico-Leon-et-Levy-c.-1905-200x133.jpg 200w, https:\/\/www.alzola.com\/wp-content\/uploads\/2024\/10\/Biarritz.-Estudio-fotografico-Leon-et-Levy-c.-1905-450x300.jpg 450w\" sizes=\"auto, (max-width: 800px) 100vw, 800px\" \/><figcaption class=\"wp-element-caption\">Biarritz. Fotograf\u00eda de L\u00e9on et L\u00e9vy (c. 1905)<\/figcaption><\/figure>\n\n\n\n<p>La marcha de <em>Sagasta<\/em> a Biarritz fue un acontecimiento que marc\u00f3 a la comunidad veraniega de Alzola, pero la satisfacci\u00f3n de haberlo visto mejorar de salud fue el consuelo para aquellos que lamentaban su partida. De alguna manera, el balneario de Alzola era un lugar de encuentro entre las \u00e9lites, <strong>donde las relaciones sociales y los cuidados m\u00e9dicos iban de la mano<\/strong>.<\/p>\n\n\n\n<h2 class=\"wp-block-heading\"><strong>El ambiente y la vida cotidiana en el balneario<\/strong><\/h2>\n\n\n\n<figure class=\"wp-block-image size-full\"><img loading=\"lazy\" decoding=\"async\" width=\"800\" height=\"533\" src=\"https:\/\/www.alzola.com\/wp-content\/uploads\/2024\/10\/5-Banos-de-Alzola-e-iglesia.jpg\" alt=\"Iglesia de San Juan Bautista en Alzola\" class=\"wp-image-54983\" title=\"Iglesia de San Juan Bautista, Alzola\" srcset=\"https:\/\/www.alzola.com\/wp-content\/uploads\/2024\/10\/5-Banos-de-Alzola-e-iglesia.jpg 800w, https:\/\/www.alzola.com\/wp-content\/uploads\/2024\/10\/5-Banos-de-Alzola-e-iglesia-300x200.jpg 300w, https:\/\/www.alzola.com\/wp-content\/uploads\/2024\/10\/5-Banos-de-Alzola-e-iglesia-768x512.jpg 768w, https:\/\/www.alzola.com\/wp-content\/uploads\/2024\/10\/5-Banos-de-Alzola-e-iglesia-678x452.jpg 678w, https:\/\/www.alzola.com\/wp-content\/uploads\/2024\/10\/5-Banos-de-Alzola-e-iglesia-84x56.jpg 84w, https:\/\/www.alzola.com\/wp-content\/uploads\/2024\/10\/5-Banos-de-Alzola-e-iglesia-200x133.jpg 200w, https:\/\/www.alzola.com\/wp-content\/uploads\/2024\/10\/5-Banos-de-Alzola-e-iglesia-450x300.jpg 450w\" sizes=\"auto, (max-width: 800px) 100vw, 800px\" \/><figcaption class=\"wp-element-caption\">Iglesia de San Juan Bautista en Alzola. Fototipia Thomas (1915)<\/figcaption><\/figure>\n\n\n\n<p>M\u00e1s all\u00e1 de las figuras destacadas, <em>Lazcano<\/em> describe con detalle c\u00f3mo era la vida cotidiana en el balneario. El cronista hace hincapi\u00e9 en el entorno natural, aunque nuestra aldea no ten\u00eda nada extraordinario, se menciona las casas y la peque\u00f1a iglesia que a\u00fan sigue en pie. Adem\u00e1s, se\u00f1ala que <strong>el clima y la tranquilidad eran m\u00e1s que suficientes para atraer a los ba\u00f1istas<\/strong>. <\/p>\n\n\n\n<figure class=\"wp-block-image size-full\"><img loading=\"lazy\" decoding=\"async\" width=\"800\" height=\"533\" src=\"https:\/\/www.alzola.com\/wp-content\/uploads\/2024\/10\/6-Banos-de-Alzola-y-Fonda-Boulevard.jpg\" alt=\"Anuncio del Hotel Boulevart en Alzola\" class=\"wp-image-54984\" title=\"Anuncio del Hotel Boulevart en Alzola\" srcset=\"https:\/\/www.alzola.com\/wp-content\/uploads\/2024\/10\/6-Banos-de-Alzola-y-Fonda-Boulevard.jpg 800w, https:\/\/www.alzola.com\/wp-content\/uploads\/2024\/10\/6-Banos-de-Alzola-y-Fonda-Boulevard-300x200.jpg 300w, https:\/\/www.alzola.com\/wp-content\/uploads\/2024\/10\/6-Banos-de-Alzola-y-Fonda-Boulevard-768x512.jpg 768w, https:\/\/www.alzola.com\/wp-content\/uploads\/2024\/10\/6-Banos-de-Alzola-y-Fonda-Boulevard-678x452.jpg 678w, https:\/\/www.alzola.com\/wp-content\/uploads\/2024\/10\/6-Banos-de-Alzola-y-Fonda-Boulevard-84x56.jpg 84w, https:\/\/www.alzola.com\/wp-content\/uploads\/2024\/10\/6-Banos-de-Alzola-y-Fonda-Boulevard-200x133.jpg 200w, https:\/\/www.alzola.com\/wp-content\/uploads\/2024\/10\/6-Banos-de-Alzola-y-Fonda-Boulevard-450x300.jpg 450w\" sizes=\"auto, (max-width: 800px) 100vw, 800px\" \/><figcaption class=\"wp-element-caption\">Anuncio de 1881 del Hotel del Boulevart en Alzola<\/figcaption><\/figure>\n\n\n\n<p>La carretera que un\u00eda Alzola con Deva, y por la que circulaban los coches de caballos, era una de las principales v\u00edas de comunicaci\u00f3n, y tambi\u00e9n una ruta frecuentada para los paseos vespertinos de los ba\u00f1istas. En cuanto a las actividades diarias, <strong>los ba\u00f1istas dedicaban las ma\u00f1anas a pasear y tomar las aguas<\/strong>, mientras que por las tardes se realizaban <strong>visitas a Mendaro<\/strong>, donde se pod\u00edan degustar los famosos bizcochos de la localidad. <\/p>\n\n\n\n<figure class=\"wp-block-image size-full\"><img loading=\"lazy\" decoding=\"async\" width=\"940\" height=\"627\" src=\"https:\/\/www.alzola.com\/wp-content\/uploads\/2024\/10\/Los-cuatro-estuches-de-la-concentracion-o-partida-de-tresillo-politico-por-Joaquin-Xaudaro-26-10-1901.jpg\" alt=\"Vi\u00f1eta de Joaqu\u00edn Xaudar\u00f3 donde aparece Sagasta y se hace referencia a la \u201cpartida de tresillo pol\u00edtico\u201d\" class=\"wp-image-54989\" title=\"En esta vi\u00f1eta de Joaqu\u00edn Xaudar\u00f3 publicada el 26 de octubre de 1901, aparece Sagasta y se hace referencia a la \u201cpartida de tresillo pol\u00edtico\u201d\" srcset=\"https:\/\/www.alzola.com\/wp-content\/uploads\/2024\/10\/Los-cuatro-estuches-de-la-concentracion-o-partida-de-tresillo-politico-por-Joaquin-Xaudaro-26-10-1901.jpg 940w, https:\/\/www.alzola.com\/wp-content\/uploads\/2024\/10\/Los-cuatro-estuches-de-la-concentracion-o-partida-de-tresillo-politico-por-Joaquin-Xaudaro-26-10-1901-300x200.jpg 300w, https:\/\/www.alzola.com\/wp-content\/uploads\/2024\/10\/Los-cuatro-estuches-de-la-concentracion-o-partida-de-tresillo-politico-por-Joaquin-Xaudaro-26-10-1901-768x512.jpg 768w, https:\/\/www.alzola.com\/wp-content\/uploads\/2024\/10\/Los-cuatro-estuches-de-la-concentracion-o-partida-de-tresillo-politico-por-Joaquin-Xaudaro-26-10-1901-678x452.jpg 678w, https:\/\/www.alzola.com\/wp-content\/uploads\/2024\/10\/Los-cuatro-estuches-de-la-concentracion-o-partida-de-tresillo-politico-por-Joaquin-Xaudaro-26-10-1901-84x56.jpg 84w, https:\/\/www.alzola.com\/wp-content\/uploads\/2024\/10\/Los-cuatro-estuches-de-la-concentracion-o-partida-de-tresillo-politico-por-Joaquin-Xaudaro-26-10-1901-200x133.jpg 200w, https:\/\/www.alzola.com\/wp-content\/uploads\/2024\/10\/Los-cuatro-estuches-de-la-concentracion-o-partida-de-tresillo-politico-por-Joaquin-Xaudaro-26-10-1901-450x300.jpg 450w\" sizes=\"auto, (max-width: 940px) 100vw, 940px\" \/><figcaption class=\"wp-element-caption\">En esta vi\u00f1eta de Joaqu\u00edn Xaudar\u00f3 de 1901, aparece Sagasta en una \u201cpartida de tresillo pol\u00edtico\u201d<\/figcaption><\/figure>\n\n\n\n<p>El d\u00eda transcurr\u00eda de manera relajada, en un ambiente de ocio y reposo. Las tertulias y los <strong>juegos de cartas, como el tresillo<\/strong>, eran una parte importante de la vida social en el balneario, mientras que aquellos menos interesados en los juegos se entreten\u00edan con las caminatas o simplemente disfrutaban del clima y la compa\u00f1\u00eda. A pesar de la afluencia de visitantes y del prestigio de algunos de ellos, <em>Lazcano<\/em> no duda en se\u00f1alar que <strong>el balneario de Alzola necesitaba algunas mejoras<\/strong>.<\/p>\n\n\n\n<figure class=\"wp-block-image size-full is-resized\"><img loading=\"lazy\" decoding=\"async\" width=\"800\" height=\"533\" src=\"https:\/\/www.alzola.com\/wp-content\/uploads\/2024\/10\/7-Banos-de-Alzola-y-Juego-del-Tresillo.jpg\" alt=\"Juego del Tresillo\" class=\"wp-image-54985\" style=\"width:702px;height:auto\" title=\"El Juego del Tresillo era un juego de cartas muy popular en Espa\u00f1a en el siglo XIX\" srcset=\"https:\/\/www.alzola.com\/wp-content\/uploads\/2024\/10\/7-Banos-de-Alzola-y-Juego-del-Tresillo.jpg 800w, https:\/\/www.alzola.com\/wp-content\/uploads\/2024\/10\/7-Banos-de-Alzola-y-Juego-del-Tresillo-300x200.jpg 300w, https:\/\/www.alzola.com\/wp-content\/uploads\/2024\/10\/7-Banos-de-Alzola-y-Juego-del-Tresillo-768x512.jpg 768w, https:\/\/www.alzola.com\/wp-content\/uploads\/2024\/10\/7-Banos-de-Alzola-y-Juego-del-Tresillo-678x452.jpg 678w, https:\/\/www.alzola.com\/wp-content\/uploads\/2024\/10\/7-Banos-de-Alzola-y-Juego-del-Tresillo-84x56.jpg 84w, https:\/\/www.alzola.com\/wp-content\/uploads\/2024\/10\/7-Banos-de-Alzola-y-Juego-del-Tresillo-200x133.jpg 200w, https:\/\/www.alzola.com\/wp-content\/uploads\/2024\/10\/7-Banos-de-Alzola-y-Juego-del-Tresillo-450x300.jpg 450w\" sizes=\"auto, (max-width: 800px) 100vw, 800px\" \/><figcaption class=\"wp-element-caption\">El Juego del Tresillo era un juego de cartas muy popular en Espa\u00f1a en el siglo XIX<\/figcaption><\/figure>\n\n\n\n<p>Aunque las fondas ofrec\u00edan un servicio excelente y los hu\u00e9spedes se sent\u00edan bien atendidos, el cronista sugiere que el propietario del balneario de Alzola deb\u00eda <strong>invertir en mejoras para aumentar la capacidad y el confort del establecimiento<\/strong>. En comparaci\u00f3n con otros balnearios de la \u00e9poca, Alzola parec\u00eda menos ostentoso, pero su popularidad segu\u00eda en aumento, y <em>Lazcano<\/em> preve\u00eda que, con algunas mejoras, podr\u00eda consolidarse como <strong>uno de los mejores destinos termales de Espa\u00f1a<\/strong>.<\/p>\n\n\n\n<figure class=\"wp-block-image size-full\"><img loading=\"lazy\" decoding=\"async\" width=\"800\" height=\"533\" src=\"https:\/\/www.alzola.com\/wp-content\/uploads\/2024\/10\/8-Banos-de-Alzola-y-Agua-Mineral-Natural.jpg\" alt=\"\" class=\"wp-image-54986\" srcset=\"https:\/\/www.alzola.com\/wp-content\/uploads\/2024\/10\/8-Banos-de-Alzola-y-Agua-Mineral-Natural.jpg 800w, https:\/\/www.alzola.com\/wp-content\/uploads\/2024\/10\/8-Banos-de-Alzola-y-Agua-Mineral-Natural-300x200.jpg 300w, https:\/\/www.alzola.com\/wp-content\/uploads\/2024\/10\/8-Banos-de-Alzola-y-Agua-Mineral-Natural-768x512.jpg 768w, https:\/\/www.alzola.com\/wp-content\/uploads\/2024\/10\/8-Banos-de-Alzola-y-Agua-Mineral-Natural-678x452.jpg 678w, https:\/\/www.alzola.com\/wp-content\/uploads\/2024\/10\/8-Banos-de-Alzola-y-Agua-Mineral-Natural-84x56.jpg 84w, https:\/\/www.alzola.com\/wp-content\/uploads\/2024\/10\/8-Banos-de-Alzola-y-Agua-Mineral-Natural-200x133.jpg 200w, https:\/\/www.alzola.com\/wp-content\/uploads\/2024\/10\/8-Banos-de-Alzola-y-Agua-Mineral-Natural-450x300.jpg 450w\" sizes=\"auto, (max-width: 800px) 100vw, 800px\" \/><\/figure>\n\n\n\n<p>Por un anuncio publicado dos a\u00f1os m\u00e1s tarde, sabemos que en el Balneario de Alzola se llevaron a cabo obras de mejora. <em>Lazcano<\/em> destaca tambi\u00e9n <strong>el buen trato que recib\u00edan los ba\u00f1istas en Alzola<\/strong>, quienes eran atendidos con solicitud y afecto por el personal del establecimiento y de las fondas. Parece ser que en nuestro antiguo balneario profesaban la atenci\u00f3n personalizada y el trato cercano.<\/p>\n","protected":false},"excerpt":{"rendered":"<p>En el verano de 1891, el balneario de Alzola se convirti\u00f3, una vez m\u00e1s, en el escenario de encuentros de la alta sociedad espa\u00f1ola que buscaba mejorar su salud f\u00edsica. La carta publicada por Isidoro Lazcano en el peri\u00f3dico \u201cLa Rioja\u201d el 8 de agosto de ese mismo a\u00f1o, nos ofrece un detallado retrato de la vida en este id\u00edlico lugar, donde nuestras aguas medicinales atra\u00edan a personalidades de renombre del \u00e1mbito pol\u00edtico, social y econ\u00f3mico. Este art\u00edculo busca abrir una ventana al pasado de Alzola en el siglo XIX, cuando las estad\u00edas en los balnearios eran una tradici\u00f3n bien asentada entre las clases m\u00e1s acomodadas, y Alzola se consolidaba como uno de los destinos de balneoterapia m\u00e1s importantes del norte de Espa\u00f1a. Un ba\u00f1o de salud en un entorno privilegiado El balneario de Alzola ofrec\u00eda tratamientos terap\u00e9uticos con sus aguas sulfurosas y bicarbonatadas, y tambi\u00e9n descanso y socializaci\u00f3n. Como relata Lazcano, el clima de la regi\u00f3n era especialmente agradable en pleno verano, lo que hac\u00eda de Alzola un sitio ideal para escapar del calor sofocante de las grandes ciudades. El cronista describe c\u00f3mo la vida en el balneario de Alzola transcurr\u00eda sosegadamente entre paseos matutinos para beber las aguas,&#8230;<\/p>\n","protected":false},"author":2,"featured_media":55002,"comment_status":"closed","ping_status":"open","sticky":false,"template":"","format":"standard","meta":{"om_disable_all_campaigns":false,"_monsterinsights_skip_tracking":false,"_monsterinsights_sitenote_active":false,"_monsterinsights_sitenote_note":"","_monsterinsights_sitenote_category":0,"footnotes":""},"categories":[49],"tags":[215,530,529,528],"class_list":["post-54975","post","type-post","status-publish","format-standard","has-post-thumbnail","hentry","category-balneario-de-alzola","tag-balneario-de-alzola","tag-banistas","tag-siglo-xix","tag-sociedad"],"yoast_head":"<!-- This site is optimized with the Yoast SEO plugin v27.5 - https:\/\/yoast.com\/product\/yoast-seo-wordpress\/ -->\n<title>Ba\u00f1os de Alzola en agosto de 1891 - Alzola Basque Water<\/title>\n<meta name=\"description\" content=\"Descubre la historia del balneario de Alzola en 1891 de la mano de Isidoro Lazcano. Fue un refugio para la \u00e9lite pol\u00edtica y social, que ofrec\u00eda descanso y salud con sus aguas y ba\u00f1os medicinales.\" \/>\n<meta name=\"robots\" content=\"index, follow, max-snippet:-1, max-image-preview:large, max-video-preview:-1\" \/>\n<link rel=\"canonical\" href=\"https:\/\/www.alzola.com\/es\/banos-de-alzola-en-agosto-de-1891\/\" \/>\n<meta property=\"og:locale\" content=\"es_ES\" \/>\n<meta property=\"og:type\" content=\"article\" \/>\n<meta property=\"og:title\" content=\"Ba\u00f1os de Alzola en agosto de 1891 - Alzola Basque Water\" \/>\n<meta property=\"og:description\" content=\"Descubre la historia del balneario de Alzola en 1891 de la mano de Isidoro Lazcano. Fue un refugio para la \u00e9lite pol\u00edtica y social, que ofrec\u00eda descanso y salud con sus aguas y ba\u00f1os medicinales.\" \/>\n<meta property=\"og:url\" content=\"https:\/\/www.alzola.com\/es\/banos-de-alzola-en-agosto-de-1891\/\" \/>\n<meta property=\"og:site_name\" content=\"Alzola Basque Water\" \/>\n<meta property=\"article:publisher\" content=\"https:\/\/www.facebook.com\/alzolabasquewater\/\" \/>\n<meta property=\"article:author\" content=\"www.facebook.com\/AlzolaBasqueWater\" \/>\n<meta property=\"article:published_time\" content=\"2024-10-21T18:49:49+00:00\" \/>\n<meta property=\"article:modified_time\" content=\"2024-10-22T05:26:50+00:00\" \/>\n<meta property=\"og:image\" content=\"https:\/\/www.alzola.com\/wp-content\/uploads\/2024\/10\/Leonardo_Kino_XL_Imagine_a_Spanish_press_correspondent_in_Augu_1.jpg\" \/>\n\t<meta property=\"og:image:width\" content=\"1024\" \/>\n\t<meta property=\"og:image:height\" content=\"768\" \/>\n\t<meta property=\"og:image:type\" content=\"image\/jpeg\" \/>\n<meta name=\"author\" content=\"Alzola Basque Water\" \/>\n<meta name=\"twitter:card\" content=\"summary_large_image\" \/>\n<meta name=\"twitter:creator\" content=\"@basquewater\" \/>\n<meta name=\"twitter:site\" content=\"@BasqueWater\" \/>\n<meta name=\"twitter:label1\" content=\"Escrito por\" \/>\n\t<meta name=\"twitter:data1\" content=\"Alzola Basque Water\" \/>\n\t<meta name=\"twitter:label2\" content=\"Tiempo de lectura\" \/>\n\t<meta name=\"twitter:data2\" content=\"11 minutos\" \/>\n<script type=\"application\/ld+json\" class=\"yoast-schema-graph\">{\"@context\":\"https:\\\/\\\/schema.org\",\"@graph\":[{\"@type\":\"Article\",\"@id\":\"https:\\\/\\\/www.alzola.com\\\/es\\\/banos-de-alzola-en-agosto-de-1891\\\/#article\",\"isPartOf\":{\"@id\":\"https:\\\/\\\/www.alzola.com\\\/es\\\/banos-de-alzola-en-agosto-de-1891\\\/\"},\"author\":{\"name\":\"Alzola Basque Water\",\"@id\":\"https:\\\/\\\/www.alzola.com\\\/es\\\/#\\\/schema\\\/person\\\/67ba21fcc68e23f591865e5457edc378\"},\"headline\":\"Ba\u00f1os de Alzola en agosto de 1891\",\"datePublished\":\"2024-10-21T18:49:49+00:00\",\"dateModified\":\"2024-10-22T05:26:50+00:00\",\"mainEntityOfPage\":{\"@id\":\"https:\\\/\\\/www.alzola.com\\\/es\\\/banos-de-alzola-en-agosto-de-1891\\\/\"},\"wordCount\":1584,\"publisher\":{\"@id\":\"https:\\\/\\\/www.alzola.com\\\/es\\\/#organization\"},\"image\":{\"@id\":\"https:\\\/\\\/www.alzola.com\\\/es\\\/banos-de-alzola-en-agosto-de-1891\\\/#primaryimage\"},\"thumbnailUrl\":\"https:\\\/\\\/www.alzola.com\\\/wp-content\\\/uploads\\\/2024\\\/10\\\/Leonardo_Kino_XL_Imagine_a_Spanish_press_correspondent_in_Augu_1.jpg\",\"keywords\":[\"Balneario de Alzola\",\"ba\u00f1istas\",\"siglo XIX\",\"sociedad\"],\"articleSection\":[\"Balneario de Alzola\"],\"inLanguage\":\"es\"},{\"@type\":\"WebPage\",\"@id\":\"https:\\\/\\\/www.alzola.com\\\/es\\\/banos-de-alzola-en-agosto-de-1891\\\/\",\"url\":\"https:\\\/\\\/www.alzola.com\\\/es\\\/banos-de-alzola-en-agosto-de-1891\\\/\",\"name\":\"Ba\u00f1os de Alzola en agosto de 1891 - Alzola Basque Water\",\"isPartOf\":{\"@id\":\"https:\\\/\\\/www.alzola.com\\\/es\\\/#website\"},\"primaryImageOfPage\":{\"@id\":\"https:\\\/\\\/www.alzola.com\\\/es\\\/banos-de-alzola-en-agosto-de-1891\\\/#primaryimage\"},\"image\":{\"@id\":\"https:\\\/\\\/www.alzola.com\\\/es\\\/banos-de-alzola-en-agosto-de-1891\\\/#primaryimage\"},\"thumbnailUrl\":\"https:\\\/\\\/www.alzola.com\\\/wp-content\\\/uploads\\\/2024\\\/10\\\/Leonardo_Kino_XL_Imagine_a_Spanish_press_correspondent_in_Augu_1.jpg\",\"datePublished\":\"2024-10-21T18:49:49+00:00\",\"dateModified\":\"2024-10-22T05:26:50+00:00\",\"description\":\"Descubre la historia del balneario de Alzola en 1891 de la mano de Isidoro Lazcano. Fue un refugio para la \u00e9lite pol\u00edtica y social, que ofrec\u00eda descanso y salud con sus aguas y ba\u00f1os medicinales.\",\"breadcrumb\":{\"@id\":\"https:\\\/\\\/www.alzola.com\\\/es\\\/banos-de-alzola-en-agosto-de-1891\\\/#breadcrumb\"},\"inLanguage\":\"es\",\"potentialAction\":[{\"@type\":\"ReadAction\",\"target\":[\"https:\\\/\\\/www.alzola.com\\\/es\\\/banos-de-alzola-en-agosto-de-1891\\\/\"]}]},{\"@type\":\"ImageObject\",\"inLanguage\":\"es\",\"@id\":\"https:\\\/\\\/www.alzola.com\\\/es\\\/banos-de-alzola-en-agosto-de-1891\\\/#primaryimage\",\"url\":\"https:\\\/\\\/www.alzola.com\\\/wp-content\\\/uploads\\\/2024\\\/10\\\/Leonardo_Kino_XL_Imagine_a_Spanish_press_correspondent_in_Augu_1.jpg\",\"contentUrl\":\"https:\\\/\\\/www.alzola.com\\\/wp-content\\\/uploads\\\/2024\\\/10\\\/Leonardo_Kino_XL_Imagine_a_Spanish_press_correspondent_in_Augu_1.jpg\",\"width\":1024,\"height\":768},{\"@type\":\"BreadcrumbList\",\"@id\":\"https:\\\/\\\/www.alzola.com\\\/es\\\/banos-de-alzola-en-agosto-de-1891\\\/#breadcrumb\",\"itemListElement\":[{\"@type\":\"ListItem\",\"position\":1,\"name\":\"Portada\",\"item\":\"https:\\\/\\\/www.alzola.com\\\/es\\\/\"},{\"@type\":\"ListItem\",\"position\":2,\"name\":\"Ba\u00f1os de Alzola en agosto de 1891\"}]},{\"@type\":\"WebSite\",\"@id\":\"https:\\\/\\\/www.alzola.com\\\/es\\\/#website\",\"url\":\"https:\\\/\\\/www.alzola.com\\\/es\\\/\",\"name\":\"Alzola Basque Water\",\"description\":\"Agua Mineral Natural desde 1801\",\"publisher\":{\"@id\":\"https:\\\/\\\/www.alzola.com\\\/es\\\/#organization\"},\"potentialAction\":[{\"@type\":\"SearchAction\",\"target\":{\"@type\":\"EntryPoint\",\"urlTemplate\":\"https:\\\/\\\/www.alzola.com\\\/es\\\/?s={search_term_string}\"},\"query-input\":{\"@type\":\"PropertyValueSpecification\",\"valueRequired\":true,\"valueName\":\"search_term_string\"}}],\"inLanguage\":\"es\"},{\"@type\":\"Organization\",\"@id\":\"https:\\\/\\\/www.alzola.com\\\/es\\\/#organization\",\"name\":\"BalenzateguiSA - Alzola Basque Water\",\"url\":\"https:\\\/\\\/www.alzola.com\\\/es\\\/\",\"logo\":{\"@type\":\"ImageObject\",\"inLanguage\":\"es\",\"@id\":\"https:\\\/\\\/www.alzola.com\\\/es\\\/#\\\/schema\\\/logo\\\/image\\\/\",\"url\":\"https:\\\/\\\/www.alzola.com\\\/wp-content\\\/uploads\\\/2013\\\/09\\\/Logo-alzola-baja.png\",\"contentUrl\":\"https:\\\/\\\/www.alzola.com\\\/wp-content\\\/uploads\\\/2013\\\/09\\\/Logo-alzola-baja.png\",\"width\":892,\"height\":600,\"caption\":\"BalenzateguiSA - Alzola Basque Water\"},\"image\":{\"@id\":\"https:\\\/\\\/www.alzola.com\\\/es\\\/#\\\/schema\\\/logo\\\/image\\\/\"},\"sameAs\":[\"https:\\\/\\\/www.facebook.com\\\/alzolabasquewater\\\/\",\"https:\\\/\\\/x.com\\\/BasqueWater\",\"https:\\\/\\\/www.instagram.com\\\/basquewater\\\/\",\"https:\\\/\\\/www.linkedin.com\\\/company\\\/3155611\\\/\",\"https:\\\/\\\/es.pinterest.com\\\/basquewater\\\/\",\"https:\\\/\\\/www.youtube.com\\\/AlzolaBasqueWater\"]},{\"@type\":\"Person\",\"@id\":\"https:\\\/\\\/www.alzola.com\\\/es\\\/#\\\/schema\\\/person\\\/67ba21fcc68e23f591865e5457edc378\",\"name\":\"Alzola Basque Water\",\"image\":{\"@type\":\"ImageObject\",\"inLanguage\":\"es\",\"@id\":\"https:\\\/\\\/secure.gravatar.com\\\/avatar\\\/6c16b08ba125fac103c3b367e4bd71c56459032ae0395aef4da6ab3a913593ba?s=96&d=mm&r=g\",\"url\":\"https:\\\/\\\/secure.gravatar.com\\\/avatar\\\/6c16b08ba125fac103c3b367e4bd71c56459032ae0395aef4da6ab3a913593ba?s=96&d=mm&r=g\",\"contentUrl\":\"https:\\\/\\\/secure.gravatar.com\\\/avatar\\\/6c16b08ba125fac103c3b367e4bd71c56459032ae0395aef4da6ab3a913593ba?s=96&d=mm&r=g\",\"caption\":\"Alzola Basque Water\"},\"description\":\"Agua Mineral Natural declarada de Utilidad P\u00fablica en 1843.\",\"sameAs\":[\"https:\\\/\\\/www.alzola.com\",\"www.facebook.com\\\/AlzolaBasqueWater\",\"https:\\\/\\\/www.instagram.com\\\/basquewater\\\/\",\"https:\\\/\\\/x.com\\\/basquewater\"]}]}<\/script>\n<!-- \/ Yoast SEO plugin. -->","yoast_head_json":{"title":"Ba\u00f1os de Alzola en agosto de 1891 - Alzola Basque Water","description":"Descubre la historia del balneario de Alzola en 1891 de la mano de Isidoro Lazcano. Fue un refugio para la \u00e9lite pol\u00edtica y social, que ofrec\u00eda descanso y salud con sus aguas y ba\u00f1os medicinales.","robots":{"index":"index","follow":"follow","max-snippet":"max-snippet:-1","max-image-preview":"max-image-preview:large","max-video-preview":"max-video-preview:-1"},"canonical":"https:\/\/www.alzola.com\/es\/banos-de-alzola-en-agosto-de-1891\/","og_locale":"es_ES","og_type":"article","og_title":"Ba\u00f1os de Alzola en agosto de 1891 - Alzola Basque Water","og_description":"Descubre la historia del balneario de Alzola en 1891 de la mano de Isidoro Lazcano. Fue un refugio para la \u00e9lite pol\u00edtica y social, que ofrec\u00eda descanso y salud con sus aguas y ba\u00f1os medicinales.","og_url":"https:\/\/www.alzola.com\/es\/banos-de-alzola-en-agosto-de-1891\/","og_site_name":"Alzola Basque Water","article_publisher":"https:\/\/www.facebook.com\/alzolabasquewater\/","article_author":"www.facebook.com\/AlzolaBasqueWater","article_published_time":"2024-10-21T18:49:49+00:00","article_modified_time":"2024-10-22T05:26:50+00:00","og_image":[{"width":1024,"height":768,"url":"https:\/\/www.alzola.com\/wp-content\/uploads\/2024\/10\/Leonardo_Kino_XL_Imagine_a_Spanish_press_correspondent_in_Augu_1.jpg","type":"image\/jpeg"}],"author":"Alzola Basque Water","twitter_card":"summary_large_image","twitter_creator":"@basquewater","twitter_site":"@BasqueWater","twitter_misc":{"Escrito por":"Alzola Basque Water","Tiempo de lectura":"11 minutos"},"schema":{"@context":"https:\/\/schema.org","@graph":[{"@type":"Article","@id":"https:\/\/www.alzola.com\/es\/banos-de-alzola-en-agosto-de-1891\/#article","isPartOf":{"@id":"https:\/\/www.alzola.com\/es\/banos-de-alzola-en-agosto-de-1891\/"},"author":{"name":"Alzola Basque Water","@id":"https:\/\/www.alzola.com\/es\/#\/schema\/person\/67ba21fcc68e23f591865e5457edc378"},"headline":"Ba\u00f1os de Alzola en agosto de 1891","datePublished":"2024-10-21T18:49:49+00:00","dateModified":"2024-10-22T05:26:50+00:00","mainEntityOfPage":{"@id":"https:\/\/www.alzola.com\/es\/banos-de-alzola-en-agosto-de-1891\/"},"wordCount":1584,"publisher":{"@id":"https:\/\/www.alzola.com\/es\/#organization"},"image":{"@id":"https:\/\/www.alzola.com\/es\/banos-de-alzola-en-agosto-de-1891\/#primaryimage"},"thumbnailUrl":"https:\/\/www.alzola.com\/wp-content\/uploads\/2024\/10\/Leonardo_Kino_XL_Imagine_a_Spanish_press_correspondent_in_Augu_1.jpg","keywords":["Balneario de Alzola","ba\u00f1istas","siglo XIX","sociedad"],"articleSection":["Balneario de Alzola"],"inLanguage":"es"},{"@type":"WebPage","@id":"https:\/\/www.alzola.com\/es\/banos-de-alzola-en-agosto-de-1891\/","url":"https:\/\/www.alzola.com\/es\/banos-de-alzola-en-agosto-de-1891\/","name":"Ba\u00f1os de Alzola en agosto de 1891 - Alzola Basque Water","isPartOf":{"@id":"https:\/\/www.alzola.com\/es\/#website"},"primaryImageOfPage":{"@id":"https:\/\/www.alzola.com\/es\/banos-de-alzola-en-agosto-de-1891\/#primaryimage"},"image":{"@id":"https:\/\/www.alzola.com\/es\/banos-de-alzola-en-agosto-de-1891\/#primaryimage"},"thumbnailUrl":"https:\/\/www.alzola.com\/wp-content\/uploads\/2024\/10\/Leonardo_Kino_XL_Imagine_a_Spanish_press_correspondent_in_Augu_1.jpg","datePublished":"2024-10-21T18:49:49+00:00","dateModified":"2024-10-22T05:26:50+00:00","description":"Descubre la historia del balneario de Alzola en 1891 de la mano de Isidoro Lazcano. Fue un refugio para la \u00e9lite pol\u00edtica y social, que ofrec\u00eda descanso y salud con sus aguas y ba\u00f1os medicinales.","breadcrumb":{"@id":"https:\/\/www.alzola.com\/es\/banos-de-alzola-en-agosto-de-1891\/#breadcrumb"},"inLanguage":"es","potentialAction":[{"@type":"ReadAction","target":["https:\/\/www.alzola.com\/es\/banos-de-alzola-en-agosto-de-1891\/"]}]},{"@type":"ImageObject","inLanguage":"es","@id":"https:\/\/www.alzola.com\/es\/banos-de-alzola-en-agosto-de-1891\/#primaryimage","url":"https:\/\/www.alzola.com\/wp-content\/uploads\/2024\/10\/Leonardo_Kino_XL_Imagine_a_Spanish_press_correspondent_in_Augu_1.jpg","contentUrl":"https:\/\/www.alzola.com\/wp-content\/uploads\/2024\/10\/Leonardo_Kino_XL_Imagine_a_Spanish_press_correspondent_in_Augu_1.jpg","width":1024,"height":768},{"@type":"BreadcrumbList","@id":"https:\/\/www.alzola.com\/es\/banos-de-alzola-en-agosto-de-1891\/#breadcrumb","itemListElement":[{"@type":"ListItem","position":1,"name":"Portada","item":"https:\/\/www.alzola.com\/es\/"},{"@type":"ListItem","position":2,"name":"Ba\u00f1os de Alzola en agosto de 1891"}]},{"@type":"WebSite","@id":"https:\/\/www.alzola.com\/es\/#website","url":"https:\/\/www.alzola.com\/es\/","name":"Alzola Basque Water","description":"Agua Mineral Natural desde 1801","publisher":{"@id":"https:\/\/www.alzola.com\/es\/#organization"},"potentialAction":[{"@type":"SearchAction","target":{"@type":"EntryPoint","urlTemplate":"https:\/\/www.alzola.com\/es\/?s={search_term_string}"},"query-input":{"@type":"PropertyValueSpecification","valueRequired":true,"valueName":"search_term_string"}}],"inLanguage":"es"},{"@type":"Organization","@id":"https:\/\/www.alzola.com\/es\/#organization","name":"BalenzateguiSA - Alzola Basque Water","url":"https:\/\/www.alzola.com\/es\/","logo":{"@type":"ImageObject","inLanguage":"es","@id":"https:\/\/www.alzola.com\/es\/#\/schema\/logo\/image\/","url":"https:\/\/www.alzola.com\/wp-content\/uploads\/2013\/09\/Logo-alzola-baja.png","contentUrl":"https:\/\/www.alzola.com\/wp-content\/uploads\/2013\/09\/Logo-alzola-baja.png","width":892,"height":600,"caption":"BalenzateguiSA - Alzola Basque Water"},"image":{"@id":"https:\/\/www.alzola.com\/es\/#\/schema\/logo\/image\/"},"sameAs":["https:\/\/www.facebook.com\/alzolabasquewater\/","https:\/\/x.com\/BasqueWater","https:\/\/www.instagram.com\/basquewater\/","https:\/\/www.linkedin.com\/company\/3155611\/","https:\/\/es.pinterest.com\/basquewater\/","https:\/\/www.youtube.com\/AlzolaBasqueWater"]},{"@type":"Person","@id":"https:\/\/www.alzola.com\/es\/#\/schema\/person\/67ba21fcc68e23f591865e5457edc378","name":"Alzola Basque Water","image":{"@type":"ImageObject","inLanguage":"es","@id":"https:\/\/secure.gravatar.com\/avatar\/6c16b08ba125fac103c3b367e4bd71c56459032ae0395aef4da6ab3a913593ba?s=96&d=mm&r=g","url":"https:\/\/secure.gravatar.com\/avatar\/6c16b08ba125fac103c3b367e4bd71c56459032ae0395aef4da6ab3a913593ba?s=96&d=mm&r=g","contentUrl":"https:\/\/secure.gravatar.com\/avatar\/6c16b08ba125fac103c3b367e4bd71c56459032ae0395aef4da6ab3a913593ba?s=96&d=mm&r=g","caption":"Alzola Basque Water"},"description":"Agua Mineral Natural declarada de Utilidad P\u00fablica en 1843.","sameAs":["https:\/\/www.alzola.com","www.facebook.com\/AlzolaBasqueWater","https:\/\/www.instagram.com\/basquewater\/","https:\/\/x.com\/basquewater"]}]}},"_links":{"self":[{"href":"https:\/\/www.alzola.com\/es\/wp-json\/wp\/v2\/posts\/54975","targetHints":{"allow":["GET"]}}],"collection":[{"href":"https:\/\/www.alzola.com\/es\/wp-json\/wp\/v2\/posts"}],"about":[{"href":"https:\/\/www.alzola.com\/es\/wp-json\/wp\/v2\/types\/post"}],"author":[{"embeddable":true,"href":"https:\/\/www.alzola.com\/es\/wp-json\/wp\/v2\/users\/2"}],"replies":[{"embeddable":true,"href":"https:\/\/www.alzola.com\/es\/wp-json\/wp\/v2\/comments?post=54975"}],"version-history":[{"count":16,"href":"https:\/\/www.alzola.com\/es\/wp-json\/wp\/v2\/posts\/54975\/revisions"}],"predecessor-version":[{"id":55009,"href":"https:\/\/www.alzola.com\/es\/wp-json\/wp\/v2\/posts\/54975\/revisions\/55009"}],"wp:featuredmedia":[{"embeddable":true,"href":"https:\/\/www.alzola.com\/es\/wp-json\/wp\/v2\/media\/55002"}],"wp:attachment":[{"href":"https:\/\/www.alzola.com\/es\/wp-json\/wp\/v2\/media?parent=54975"}],"wp:term":[{"taxonomy":"category","embeddable":true,"href":"https:\/\/www.alzola.com\/es\/wp-json\/wp\/v2\/categories?post=54975"},{"taxonomy":"post_tag","embeddable":true,"href":"https:\/\/www.alzola.com\/es\/wp-json\/wp\/v2\/tags?post=54975"}],"curies":[{"name":"wp","href":"https:\/\/api.w.org\/{rel}","templated":true}]}}