{"id":54891,"date":"2024-04-16T13:38:24","date_gmt":"2024-04-16T12:38:24","guid":{"rendered":"https:\/\/www.alzola.com\/?p=54891"},"modified":"2025-12-15T14:08:38","modified_gmt":"2025-12-15T13:08:38","slug":"victor-balaguer-y-emma-de-madrazo-una-posible-historia-de-amor-en-el-balneario-de-alzola","status":"publish","type":"post","link":"https:\/\/www.alzola.com\/es\/victor-balaguer-y-emma-de-madrazo-una-posible-historia-de-amor-en-el-balneario-de-alzola\/","title":{"rendered":"V\u00edctor Balaguer y Emma de Madrazo, una posible historia de amor en el Balneario de Alzola"},"content":{"rendered":"<div class=\"wp-block-image\">\n<figure class=\"aligncenter size-full\"><img loading=\"lazy\" decoding=\"async\" width=\"954\" height=\"636\" src=\"https:\/\/www.alzola.com\/wp-content\/uploads\/2024\/04\/Emma-sale-para-Alzola.-El-Imparcial-Madrid.-1867.-03-08-1893.jpg\" alt=\"\" class=\"wp-image-54894\" title=\"Emma de Madrazo\" srcset=\"https:\/\/www.alzola.com\/wp-content\/uploads\/2024\/04\/Emma-sale-para-Alzola.-El-Imparcial-Madrid.-1867.-03-08-1893.jpg 954w, https:\/\/www.alzola.com\/wp-content\/uploads\/2024\/04\/Emma-sale-para-Alzola.-El-Imparcial-Madrid.-1867.-03-08-1893-300x200.jpg 300w, https:\/\/www.alzola.com\/wp-content\/uploads\/2024\/04\/Emma-sale-para-Alzola.-El-Imparcial-Madrid.-1867.-03-08-1893-768x512.jpg 768w, https:\/\/www.alzola.com\/wp-content\/uploads\/2024\/04\/Emma-sale-para-Alzola.-El-Imparcial-Madrid.-1867.-03-08-1893-678x452.jpg 678w, https:\/\/www.alzola.com\/wp-content\/uploads\/2024\/04\/Emma-sale-para-Alzola.-El-Imparcial-Madrid.-1867.-03-08-1893-84x56.jpg 84w, https:\/\/www.alzola.com\/wp-content\/uploads\/2024\/04\/Emma-sale-para-Alzola.-El-Imparcial-Madrid.-1867.-03-08-1893-200x133.jpg 200w, https:\/\/www.alzola.com\/wp-content\/uploads\/2024\/04\/Emma-sale-para-Alzola.-El-Imparcial-Madrid.-1867.-03-08-1893-450x300.jpg 450w\" sizes=\"auto, (max-width: 954px) 100vw, 954px\" \/><figcaption class=\"wp-element-caption\"><em>Seg\u00fan lo publicado en \u00abEl Imparcial\u00bb, Emma de Madrazo parti\u00f3 hacia Alzola el 3 de agosto de 1893<\/em><\/figcaption><\/figure>\n<\/div>\n\n\n<p>V\u00edctor Balaguer (una de las figuras principales de la Renaixen\u00e7a catalana) y Emma de Madrazo (sobrina de Federico de Madrazo, uno de los m\u00e1s grandes retratistas del siglo XIX) estuvieron en el balneario de Alzola en agosto de 1893. La presencia de <strong>V\u00edctor Balaguer y Emma de Madrazo en el balneario de Alzola <\/strong>aquel verano, se confirma a trav\u00e9s de dos cartas escritas por el propio Balaguer el 3 y 5 de septiembre de ese mismo a\u00f1o, cuando el escritor contaba con 69 a\u00f1os de edad.<\/p>\n\n\n\n<h2 class=\"wp-block-heading\"><strong>A\u00f1oranzas de V\u00edctor Balaguer<\/strong><\/h2>\n\n\n<div class=\"wp-block-image\">\n<figure class=\"aligncenter size-full\"><img loading=\"lazy\" decoding=\"async\" width=\"800\" height=\"533\" src=\"https:\/\/www.alzola.com\/wp-content\/uploads\/2024\/04\/Anoranzas-de-Victor-Balaguer-a-Emma-de-Madrazo.jpg\" alt=\"V\u00edctor Balaguer\" class=\"wp-image-54892\" title=\"V\u00edctor Balaguer\" srcset=\"https:\/\/www.alzola.com\/wp-content\/uploads\/2024\/04\/Anoranzas-de-Victor-Balaguer-a-Emma-de-Madrazo.jpg 800w, https:\/\/www.alzola.com\/wp-content\/uploads\/2024\/04\/Anoranzas-de-Victor-Balaguer-a-Emma-de-Madrazo-300x200.jpg 300w, https:\/\/www.alzola.com\/wp-content\/uploads\/2024\/04\/Anoranzas-de-Victor-Balaguer-a-Emma-de-Madrazo-768x512.jpg 768w, https:\/\/www.alzola.com\/wp-content\/uploads\/2024\/04\/Anoranzas-de-Victor-Balaguer-a-Emma-de-Madrazo-678x452.jpg 678w, https:\/\/www.alzola.com\/wp-content\/uploads\/2024\/04\/Anoranzas-de-Victor-Balaguer-a-Emma-de-Madrazo-84x56.jpg 84w, https:\/\/www.alzola.com\/wp-content\/uploads\/2024\/04\/Anoranzas-de-Victor-Balaguer-a-Emma-de-Madrazo-200x133.jpg 200w, https:\/\/www.alzola.com\/wp-content\/uploads\/2024\/04\/Anoranzas-de-Victor-Balaguer-a-Emma-de-Madrazo-450x300.jpg 450w\" sizes=\"auto, (max-width: 800px) 100vw, 800px\" \/><figcaption class=\"wp-element-caption\"><em>V\u00edctor Balaguer recopil\u00f3 las &#8216;Cartas a la Se\u00f1orita do\u00f1a Emma de Madrazo&#8217; en su libro &#8216;A\u00f1oranzas&#8217; de 1894<\/em><\/figcaption><\/figure>\n<\/div>\n\n\n<p>La primera carta titulada <em>\u201cExcursiones desde Alzola\u201d<\/em> y la segunda titulada <em>\u201cRegreso a Alzola\u201d<\/em> fueron publicadas en la <em>\u201c<a href=\"https:\/\/hemerotecadigital.bne.es\/hd\/es\/viewer?id=90635c8d-2d63-407f-ba32-1a032a782c92&amp;page=225\" target=\"_blank\" rel=\"noreferrer noopener\">Revista contempor\u00e1nea<\/a>\u201d<\/em> n\u00ba 92, en octubre de 1893 y posteriormente en la <em>\u201cLa Ilustraci\u00f3n Art\u00edstica<\/em>\u201d el 13 y el 20 de noviembre de 1893. Os dejamos con algunos extractos que hacen referencia a Alzola: <em>\u201c\u00bfLo recuerda usted, mi gentil amiga, ma genio danto, como dicen los trovadores provenzales? <strong>\u00bfRecuerda usted aquellas excursiones tan deliciosas, y para m\u00ed tan inolvidables, por las cercan\u00edas de la solitaria Alzola?<\/strong><\/em><\/p>\n\n\n<div class=\"wp-block-image\">\n<figure class=\"aligncenter size-full\"><img loading=\"lazy\" decoding=\"async\" width=\"801\" height=\"533\" src=\"https:\/\/www.alzola.com\/wp-content\/uploads\/2024\/04\/Caserios-de-Alzola-por-Pedro-Perez-de-Castro-1853.jpg\" alt=\"\" class=\"wp-image-54905\" title=\"Caser\u00edos de Alzola\" srcset=\"https:\/\/www.alzola.com\/wp-content\/uploads\/2024\/04\/Caserios-de-Alzola-por-Pedro-Perez-de-Castro-1853.jpg 801w, https:\/\/www.alzola.com\/wp-content\/uploads\/2024\/04\/Caserios-de-Alzola-por-Pedro-Perez-de-Castro-1853-300x200.jpg 300w, https:\/\/www.alzola.com\/wp-content\/uploads\/2024\/04\/Caserios-de-Alzola-por-Pedro-Perez-de-Castro-1853-768x511.jpg 768w, https:\/\/www.alzola.com\/wp-content\/uploads\/2024\/04\/Caserios-de-Alzola-por-Pedro-Perez-de-Castro-1853-678x451.jpg 678w, https:\/\/www.alzola.com\/wp-content\/uploads\/2024\/04\/Caserios-de-Alzola-por-Pedro-Perez-de-Castro-1853-84x56.jpg 84w, https:\/\/www.alzola.com\/wp-content\/uploads\/2024\/04\/Caserios-de-Alzola-por-Pedro-Perez-de-Castro-1853-200x133.jpg 200w, https:\/\/www.alzola.com\/wp-content\/uploads\/2024\/04\/Caserios-de-Alzola-por-Pedro-Perez-de-Castro-1853-450x299.jpg 450w\" sizes=\"auto, (max-width: 801px) 100vw, 801px\" \/><figcaption class=\"wp-element-caption\"><em>Caser\u00edos de Alzola por Pedro P\u00e9rez de Castro (1853)<\/em><\/figcaption><\/figure>\n<\/div>\n\n\n<p><em>\u00bfRecuerda usted, sobre todo, la \u00faltima, la que realizamos hace apenas cuatro d\u00edas? Por mi parte, declaro que <strong>no puedo ni debo olvidar el encanto de los d\u00edas que juntos hemos pasado en Alzola<\/strong> con esos excelentes compa\u00f1eros y esa sociedad selecta <strong>congregada cada tarde a la sombra del suntuoso platanar que tan gallardamente se eleva ante las puertas del balneario<\/strong>\u201d. <\/em>As\u00ed empezaba V\u00edctor Balaguer su primera carta dirigida a Emma de Madrazo.<\/p>\n\n\n\n<h2 class=\"wp-block-heading\">Recuerdos de Alzola<\/h2>\n\n\n<div class=\"wp-block-image\">\n<figure class=\"aligncenter size-full\"><img loading=\"lazy\" decoding=\"async\" width=\"800\" height=\"533\" src=\"https:\/\/www.alzola.com\/wp-content\/uploads\/2024\/04\/Balneario-de-Alzola-segun-Victor-Balaguer.jpg\" alt=\"\" class=\"wp-image-54903\" title=\"V\u00edctor Balaguer\" srcset=\"https:\/\/www.alzola.com\/wp-content\/uploads\/2024\/04\/Balneario-de-Alzola-segun-Victor-Balaguer.jpg 800w, https:\/\/www.alzola.com\/wp-content\/uploads\/2024\/04\/Balneario-de-Alzola-segun-Victor-Balaguer-300x200.jpg 300w, https:\/\/www.alzola.com\/wp-content\/uploads\/2024\/04\/Balneario-de-Alzola-segun-Victor-Balaguer-768x512.jpg 768w, https:\/\/www.alzola.com\/wp-content\/uploads\/2024\/04\/Balneario-de-Alzola-segun-Victor-Balaguer-678x452.jpg 678w, https:\/\/www.alzola.com\/wp-content\/uploads\/2024\/04\/Balneario-de-Alzola-segun-Victor-Balaguer-84x56.jpg 84w, https:\/\/www.alzola.com\/wp-content\/uploads\/2024\/04\/Balneario-de-Alzola-segun-Victor-Balaguer-200x133.jpg 200w, https:\/\/www.alzola.com\/wp-content\/uploads\/2024\/04\/Balneario-de-Alzola-segun-Victor-Balaguer-450x300.jpg 450w\" sizes=\"auto, (max-width: 800px) 100vw, 800px\" \/><figcaption class=\"wp-element-caption\"><em>Extracto de \u00abRegreso a Alzola\u00bb por V\u00edctor Balaguer<\/em><\/figcaption><\/figure>\n<\/div>\n\n\n<p><em>\u201c\u2026Y dicho ya esto, vuelvo a mi punto de partida. Dec\u00eda, o iba a decir, que vine aqu\u00ed, a estas tierras de la noble Burgos y a las ruinas de Fres del Val, donde me hospedo, <strong>en compa\u00f1\u00eda de todos aquellos recuerdos de Alzola, y con la a\u00f1oranza de ellos<\/strong>. Y como considero que uno de mis primeros deberes es el de escribir a usted, as\u00ed lo cumplo, ante todo, al llegar a mi primer sitio de descanso, fechando mi carta en este monumental claustro del siglo XV, que me recuerda el de Poblet\u2026\u201d<\/em><\/p>\n\n\n<div class=\"wp-block-image\">\n<figure class=\"aligncenter size-full\"><img loading=\"lazy\" decoding=\"async\" width=\"821\" height=\"533\" src=\"https:\/\/www.alzola.com\/wp-content\/uploads\/2024\/04\/ALZOLA.-ALAMEDA-DETALLE.-Fototipia-Hauser-y-Menet-1915.jpg\" alt=\"\" class=\"wp-image-54913\" srcset=\"https:\/\/www.alzola.com\/wp-content\/uploads\/2024\/04\/ALZOLA.-ALAMEDA-DETALLE.-Fototipia-Hauser-y-Menet-1915.jpg 821w, https:\/\/www.alzola.com\/wp-content\/uploads\/2024\/04\/ALZOLA.-ALAMEDA-DETALLE.-Fototipia-Hauser-y-Menet-1915-300x195.jpg 300w, https:\/\/www.alzola.com\/wp-content\/uploads\/2024\/04\/ALZOLA.-ALAMEDA-DETALLE.-Fototipia-Hauser-y-Menet-1915-768x499.jpg 768w, https:\/\/www.alzola.com\/wp-content\/uploads\/2024\/04\/ALZOLA.-ALAMEDA-DETALLE.-Fototipia-Hauser-y-Menet-1915-678x440.jpg 678w, https:\/\/www.alzola.com\/wp-content\/uploads\/2024\/04\/ALZOLA.-ALAMEDA-DETALLE.-Fototipia-Hauser-y-Menet-1915-84x55.jpg 84w, https:\/\/www.alzola.com\/wp-content\/uploads\/2024\/04\/ALZOLA.-ALAMEDA-DETALLE.-Fototipia-Hauser-y-Menet-1915-200x130.jpg 200w, https:\/\/www.alzola.com\/wp-content\/uploads\/2024\/04\/ALZOLA.-ALAMEDA-DETALLE.-Fototipia-Hauser-y-Menet-1915-450x292.jpg 450w\" sizes=\"auto, (max-width: 821px) 100vw, 821px\" \/><figcaption class=\"wp-element-caption\">Asp<em>ecto del platanar del Balneario de Alzola, al que hace referencia V\u00edctor Balaguer, en 1915<\/em><\/figcaption><\/figure>\n<\/div>\n\n\n<p><em>\u201c\u2026Escribiendo a usted, amiga m\u00eda, se me imagina que prosigo conversaciones interrumpidas con la gentil dama, que a los atractivos de sus gracias y bondades de su coraz\u00f3n une las altezas del alma y los vuelos del ingenio, amable compa\u00f1era de nuestras excursiones, y <strong>centro y vida de aquellos corros que al comienzo de cada tarde se forman en el platanar de Alzola<\/strong>, donde precisamente a esta hora en que pongo estas l\u00edneas se departe tan agradablemente, con tanto derroche de ingenio y tanto primor de discreteo\u2026\u201d<\/em><\/p>\n\n\n\n<h2 class=\"wp-block-heading\">Excursi\u00f3n a Deva<\/h2>\n\n\n<div class=\"wp-block-image\">\n<figure class=\"aligncenter size-large\"><img loading=\"lazy\" decoding=\"async\" width=\"696\" height=\"1024\" src=\"https:\/\/www.alzola.com\/wp-content\/uploads\/2024\/04\/Retrato-de-Victor-Balaguer-por-Joaquin-Dieguez-1893-696x1024.jpg\" alt=\"\" class=\"wp-image-54895\" title=\"V\u00edctor Balaguer\" srcset=\"https:\/\/www.alzola.com\/wp-content\/uploads\/2024\/04\/Retrato-de-Victor-Balaguer-por-Joaquin-Dieguez-1893-696x1024.jpg 696w, https:\/\/www.alzola.com\/wp-content\/uploads\/2024\/04\/Retrato-de-Victor-Balaguer-por-Joaquin-Dieguez-1893-204x300.jpg 204w, https:\/\/www.alzola.com\/wp-content\/uploads\/2024\/04\/Retrato-de-Victor-Balaguer-por-Joaquin-Dieguez-1893-768x1130.jpg 768w, https:\/\/www.alzola.com\/wp-content\/uploads\/2024\/04\/Retrato-de-Victor-Balaguer-por-Joaquin-Dieguez-1893-678x998.jpg 678w, https:\/\/www.alzola.com\/wp-content\/uploads\/2024\/04\/Retrato-de-Victor-Balaguer-por-Joaquin-Dieguez-1893-84x124.jpg 84w, https:\/\/www.alzola.com\/wp-content\/uploads\/2024\/04\/Retrato-de-Victor-Balaguer-por-Joaquin-Dieguez-1893-200x294.jpg 200w, https:\/\/www.alzola.com\/wp-content\/uploads\/2024\/04\/Retrato-de-Victor-Balaguer-por-Joaquin-Dieguez-1893-450x662.jpg 450w, https:\/\/www.alzola.com\/wp-content\/uploads\/2024\/04\/Retrato-de-Victor-Balaguer-por-Joaquin-Dieguez-1893-537x790.jpg 537w, https:\/\/www.alzola.com\/wp-content\/uploads\/2024\/04\/Retrato-de-Victor-Balaguer-por-Joaquin-Dieguez-1893.jpg 800w\" sizes=\"auto, (max-width: 696px) 100vw, 696px\" \/><figcaption class=\"wp-element-caption\"><em>Retrato de V\u00edctor Balaguer por Joaqu\u00edn Di\u00e9guez (1893)<\/em><\/figcaption><\/figure>\n<\/div>\n\n\n<p><em>\u201c\u2026Ya recordar\u00e1 usted c\u00f3mo, <strong>al terminar nuestro almuerzo en Alzola, decidimos, de repente, irnos a la cercana villa de Deva<\/strong>, para asistir al espect\u00e1culo de la marea viva, la pleamar, que, seg\u00fan opini\u00f3n de gente entendida, deb\u00eda ocurrir a las cuatro de la tarde de aquel mismo d\u00eda, 29 de agosto. <strong>Salimos de Alzola en animada caravana y en ligeras cestas, todas con su entoldado zarzo<\/strong>, por aquella hermosa carretera, donde se va como por un paseo, gracias a recibir especial y constante cuido\u2026\u201d<\/em><\/p>\n\n\n<div class=\"wp-block-image\">\n<figure class=\"aligncenter size-full\"><img loading=\"lazy\" decoding=\"async\" width=\"1000\" height=\"651\" src=\"https:\/\/www.alzola.com\/wp-content\/uploads\/2023\/04\/Estacion-de-Alzola.-Fototipia-Hauser-y-Menet-1915.jpg\" alt=\"\" class=\"wp-image-54723\" srcset=\"https:\/\/www.alzola.com\/wp-content\/uploads\/2023\/04\/Estacion-de-Alzola.-Fototipia-Hauser-y-Menet-1915.jpg 1000w, https:\/\/www.alzola.com\/wp-content\/uploads\/2023\/04\/Estacion-de-Alzola.-Fototipia-Hauser-y-Menet-1915-300x195.jpg 300w, https:\/\/www.alzola.com\/wp-content\/uploads\/2023\/04\/Estacion-de-Alzola.-Fototipia-Hauser-y-Menet-1915-768x500.jpg 768w, https:\/\/www.alzola.com\/wp-content\/uploads\/2023\/04\/Estacion-de-Alzola.-Fototipia-Hauser-y-Menet-1915-678x441.jpg 678w, https:\/\/www.alzola.com\/wp-content\/uploads\/2023\/04\/Estacion-de-Alzola.-Fototipia-Hauser-y-Menet-1915-84x55.jpg 84w, https:\/\/www.alzola.com\/wp-content\/uploads\/2023\/04\/Estacion-de-Alzola.-Fototipia-Hauser-y-Menet-1915-200x130.jpg 200w, https:\/\/www.alzola.com\/wp-content\/uploads\/2023\/04\/Estacion-de-Alzola.-Fototipia-Hauser-y-Menet-1915-450x293.jpg 450w\" sizes=\"auto, (max-width: 1000px) 100vw, 1000px\" \/><figcaption class=\"wp-element-caption\"><em>Aspecto de la Estaci\u00f3n de Ferrocarril de Alzola en 1915<\/em><\/figcaption><\/figure>\n<\/div>\n\n\n<p><em>\u201c\u2026Y de tal suerte debe ser as\u00ed, que yo <strong>recuerdo perfectamente que,<\/strong> <strong>al encontrarme con usted en Alzola<\/strong>, y al preguntarle: \u00ab\u00bfViene usted en el tren por vez primera?\u00bb se apresur\u00f3 usted misma a contestar, como saliendo al paso a mi pensamiento: \u00abNo, se\u00f1or, no; por \u00faltima.\u00bb \u2026\u201d<\/em> Muy probablemente Emma de Madrazo realiz\u00f3 el viaje en el primer tren con viajeros que sali\u00f3 el 3 de agosto de 1893 de Deva con destino a Elgoibar. Puedes leer m\u00e1s sobre la <a href=\"https:\/\/www.alzola.com\/es\/la-estacion-de-ferrocarril-de-alzola\/\">Estaci\u00f3n de Ferrocarril de Alzola<\/a>, en nuestro otro art\u00edculo.<\/p>\n\n\n\n<h2 class=\"wp-block-heading\">La familia de Eva de Madrazo<\/h2>\n\n\n<div class=\"wp-block-image\">\n<figure class=\"aligncenter size-large\"><img loading=\"lazy\" decoding=\"async\" width=\"710\" height=\"1024\" src=\"https:\/\/www.alzola.com\/wp-content\/uploads\/2024\/04\/Fotografia-de-Jose-Maria-Pando-y-Saavedra-realizada-alrededor-de-1866-710x1024.jpg\" alt=\"\" class=\"wp-image-54896\" title=\"Jos\u00e9 Mar\u00eda Pando y Saavedra\" srcset=\"https:\/\/www.alzola.com\/wp-content\/uploads\/2024\/04\/Fotografia-de-Jose-Maria-Pando-y-Saavedra-realizada-alrededor-de-1866-710x1024.jpg 710w, https:\/\/www.alzola.com\/wp-content\/uploads\/2024\/04\/Fotografia-de-Jose-Maria-Pando-y-Saavedra-realizada-alrededor-de-1866-208x300.jpg 208w, https:\/\/www.alzola.com\/wp-content\/uploads\/2024\/04\/Fotografia-de-Jose-Maria-Pando-y-Saavedra-realizada-alrededor-de-1866-768x1108.jpg 768w, https:\/\/www.alzola.com\/wp-content\/uploads\/2024\/04\/Fotografia-de-Jose-Maria-Pando-y-Saavedra-realizada-alrededor-de-1866-678x978.jpg 678w, https:\/\/www.alzola.com\/wp-content\/uploads\/2024\/04\/Fotografia-de-Jose-Maria-Pando-y-Saavedra-realizada-alrededor-de-1866-84x121.jpg 84w, https:\/\/www.alzola.com\/wp-content\/uploads\/2024\/04\/Fotografia-de-Jose-Maria-Pando-y-Saavedra-realizada-alrededor-de-1866-200x289.jpg 200w, https:\/\/www.alzola.com\/wp-content\/uploads\/2024\/04\/Fotografia-de-Jose-Maria-Pando-y-Saavedra-realizada-alrededor-de-1866-450x649.jpg 450w, https:\/\/www.alzola.com\/wp-content\/uploads\/2024\/04\/Fotografia-de-Jose-Maria-Pando-y-Saavedra-realizada-alrededor-de-1866-548x790.jpg 548w, https:\/\/www.alzola.com\/wp-content\/uploads\/2024\/04\/Fotografia-de-Jose-Maria-Pando-y-Saavedra-realizada-alrededor-de-1866.jpg 800w\" sizes=\"auto, (max-width: 710px) 100vw, 710px\" \/><figcaption class=\"wp-element-caption\"><em>Fotograf\u00eda de Jos\u00e9 Mar\u00eda Pando y Saavedra realizada alrededor de 1866<\/em><\/figcaption><\/figure>\n<\/div>\n\n\n<p>Curiosamente, pocos d\u00edas despu\u00e9s de la publicaci\u00f3n de esas \u201cCartas a la Se\u00f1orita do\u00f1a Emma de Madrazo\u201d, el peri\u00f3dico <em>\u201cLa Iberia\u201d<\/em> anunciaba la <strong>pedida de mano de Emma de Madrazo y Rosales<\/strong>. Exactamente el 26 de noviembre de 1893, se anunciaba el compromiso con Don Jos\u00e9 de Pando y Saavedra, caballero y secretario de la Orden militar de Calatrava, emparentado con los marqueses de Miraflores y Perales.<\/p>\n\n\n<div class=\"wp-block-image\">\n<figure class=\"aligncenter size-large\"><img loading=\"lazy\" decoding=\"async\" width=\"726\" height=\"1024\" src=\"https:\/\/www.alzola.com\/wp-content\/uploads\/2024\/04\/Manuela-de-Rosales-mujer-de-Pedro-de-Madrazo-1861-726x1024.jpg\" alt=\"\" class=\"wp-image-54897\" title=\"Manuela de Rosales\" srcset=\"https:\/\/www.alzola.com\/wp-content\/uploads\/2024\/04\/Manuela-de-Rosales-mujer-de-Pedro-de-Madrazo-1861-726x1024.jpg 726w, https:\/\/www.alzola.com\/wp-content\/uploads\/2024\/04\/Manuela-de-Rosales-mujer-de-Pedro-de-Madrazo-1861-213x300.jpg 213w, https:\/\/www.alzola.com\/wp-content\/uploads\/2024\/04\/Manuela-de-Rosales-mujer-de-Pedro-de-Madrazo-1861-768x1083.jpg 768w, https:\/\/www.alzola.com\/wp-content\/uploads\/2024\/04\/Manuela-de-Rosales-mujer-de-Pedro-de-Madrazo-1861-678x956.jpg 678w, https:\/\/www.alzola.com\/wp-content\/uploads\/2024\/04\/Manuela-de-Rosales-mujer-de-Pedro-de-Madrazo-1861-84x118.jpg 84w, https:\/\/www.alzola.com\/wp-content\/uploads\/2024\/04\/Manuela-de-Rosales-mujer-de-Pedro-de-Madrazo-1861-200x282.jpg 200w, https:\/\/www.alzola.com\/wp-content\/uploads\/2024\/04\/Manuela-de-Rosales-mujer-de-Pedro-de-Madrazo-1861-450x635.jpg 450w, https:\/\/www.alzola.com\/wp-content\/uploads\/2024\/04\/Manuela-de-Rosales-mujer-de-Pedro-de-Madrazo-1861-560x790.jpg 560w, https:\/\/www.alzola.com\/wp-content\/uploads\/2024\/04\/Manuela-de-Rosales-mujer-de-Pedro-de-Madrazo-1861.jpg 800w\" sizes=\"auto, (max-width: 726px) 100vw, 726px\" \/><figcaption class=\"wp-element-caption\"><em>Fotograf\u00eda de Manuela de Rosales realizada el D\u00eda de San Lorenzo de 1861<\/em><\/figcaption><\/figure>\n<\/div>\n\n\n<p>Hemos querido seguir la historia de estos personajes en una b\u00fasqueda detectivesca, al conocer lo que <strong>nos ha parecido un vertiginoso casamiento, justo unos meses despu\u00e9s de ese encuentro<\/strong> en Alzola, entre el escritor catal\u00e1n V\u00edctor Balaguer y esta se\u00f1orita de la alta sociedad madrile\u00f1a. Emma de Madrazo y Rosales era la hija mayor de Don Pedro de Madrazo y de Manuela de Rosales y Lasala, hija del general de Estado Mayor Mart\u00edn de Rosales y Manuela Lasala, camarera de Isabel II.<\/p>\n\n\n\n<h2 class=\"wp-block-heading\">La pedida de mano<\/h2>\n\n\n<div class=\"wp-block-image\">\n<figure class=\"aligncenter size-full\"><img loading=\"lazy\" decoding=\"async\" width=\"800\" height=\"533\" src=\"https:\/\/www.alzola.com\/wp-content\/uploads\/2024\/04\/Emma-pedida-de-mano.-La-Iberia-Madrid.-1868.-26-11-1893.jpg\" alt=\"\" class=\"wp-image-54899\" title=\"Emma de Madrazo\" srcset=\"https:\/\/www.alzola.com\/wp-content\/uploads\/2024\/04\/Emma-pedida-de-mano.-La-Iberia-Madrid.-1868.-26-11-1893.jpg 800w, https:\/\/www.alzola.com\/wp-content\/uploads\/2024\/04\/Emma-pedida-de-mano.-La-Iberia-Madrid.-1868.-26-11-1893-300x200.jpg 300w, https:\/\/www.alzola.com\/wp-content\/uploads\/2024\/04\/Emma-pedida-de-mano.-La-Iberia-Madrid.-1868.-26-11-1893-768x512.jpg 768w, https:\/\/www.alzola.com\/wp-content\/uploads\/2024\/04\/Emma-pedida-de-mano.-La-Iberia-Madrid.-1868.-26-11-1893-678x452.jpg 678w, https:\/\/www.alzola.com\/wp-content\/uploads\/2024\/04\/Emma-pedida-de-mano.-La-Iberia-Madrid.-1868.-26-11-1893-84x56.jpg 84w, https:\/\/www.alzola.com\/wp-content\/uploads\/2024\/04\/Emma-pedida-de-mano.-La-Iberia-Madrid.-1868.-26-11-1893-200x133.jpg 200w, https:\/\/www.alzola.com\/wp-content\/uploads\/2024\/04\/Emma-pedida-de-mano.-La-Iberia-Madrid.-1868.-26-11-1893-450x300.jpg 450w\" sizes=\"auto, (max-width: 800px) 100vw, 800px\" \/><figcaption class=\"wp-element-caption\"><em>Pedida de mano de Emma de Madrazo publicada en \u201cLa Iberia\u201d el 26 de noviembre de 1893<\/em><\/figcaption><\/figure>\n<\/div>\n\n\n<p>Don Pedro de Madrazo era, por aquel entonces, Ministro del Tribunal de lo Contencioso, y hermano de los famosos pintores Federico de Madrazo y Luis de Madrazo. Si record\u00e1is, Federico de Madrazo, era amigo de Sof\u00eda Vela, asidua tambi\u00e9n del Balneario de Alzola y a quien retrat\u00f3 en 1850. Nos hicimos eco de una de las visitas de la artista al balneario en: <em>\u201c<a href=\"https:\/\/www.alzola.com\/es\/guillermo-morphy-y-sofia-vela-en-urberuaga-de-alzola\/\" target=\"_blank\" rel=\"noreferrer noopener\">Guillermo Morphy y Sof\u00eda Vela en Urberuaga de Alzola<\/a>\u201d<\/em>.<\/p>\n\n\n<div class=\"wp-block-image\">\n<figure class=\"aligncenter size-full\"><img loading=\"lazy\" decoding=\"async\" width=\"800\" height=\"533\" src=\"https:\/\/www.alzola.com\/wp-content\/uploads\/2024\/04\/Los-dichos-de-Emma-y-Jose.-El-Liberal-Madrid-1879-15-01-1894.jpg\" alt=\"\" class=\"wp-image-54908\" title=\"Emma de Madrazo y Jos\u00e9 de Pando\" srcset=\"https:\/\/www.alzola.com\/wp-content\/uploads\/2024\/04\/Los-dichos-de-Emma-y-Jose.-El-Liberal-Madrid-1879-15-01-1894.jpg 800w, https:\/\/www.alzola.com\/wp-content\/uploads\/2024\/04\/Los-dichos-de-Emma-y-Jose.-El-Liberal-Madrid-1879-15-01-1894-300x200.jpg 300w, https:\/\/www.alzola.com\/wp-content\/uploads\/2024\/04\/Los-dichos-de-Emma-y-Jose.-El-Liberal-Madrid-1879-15-01-1894-768x512.jpg 768w, https:\/\/www.alzola.com\/wp-content\/uploads\/2024\/04\/Los-dichos-de-Emma-y-Jose.-El-Liberal-Madrid-1879-15-01-1894-678x452.jpg 678w, https:\/\/www.alzola.com\/wp-content\/uploads\/2024\/04\/Los-dichos-de-Emma-y-Jose.-El-Liberal-Madrid-1879-15-01-1894-84x56.jpg 84w, https:\/\/www.alzola.com\/wp-content\/uploads\/2024\/04\/Los-dichos-de-Emma-y-Jose.-El-Liberal-Madrid-1879-15-01-1894-200x133.jpg 200w, https:\/\/www.alzola.com\/wp-content\/uploads\/2024\/04\/Los-dichos-de-Emma-y-Jose.-El-Liberal-Madrid-1879-15-01-1894-450x300.jpg 450w\" sizes=\"auto, (max-width: 800px) 100vw, 800px\" \/><figcaption class=\"wp-element-caption\"><em>Seg\u00fan se publicaba en \u201cEl Liberal\u201d el 15 de enero de 1894, Emma de Madrazo y Jos\u00e9 de Pando tomaban los dichos<\/em><\/figcaption><\/figure>\n<\/div>\n\n\n<p>El 15 de enero de 1894 se publicaba en el peri\u00f3dico <em>\u201cEl Liberal\u201d<\/em> que <strong>la pareja hab\u00eda tomado los dichos<\/strong>, es decir hab\u00edan cumplimentado el expediente matrimonial, teniendo por testigos al Conde de \u00bfSoutao?, primo del novio y los Se\u00f1ores Don Luis de Madrazo y Don Juan de Messa, parientes por parte de la novia.<\/p>\n\n\n\n<h2 class=\"wp-block-heading\">El ajuar de la novia<\/h2>\n\n\n<div class=\"wp-block-image\">\n<figure class=\"aligncenter size-large\"><img loading=\"lazy\" decoding=\"async\" width=\"719\" height=\"1024\" src=\"https:\/\/www.alzola.com\/wp-content\/uploads\/2024\/04\/Los-hijos-de-Pedro-de-Madrazo.-c.1861-719x1024.jpg\" alt=\"\" class=\"wp-image-54901\" title=\"Jos\u00e9 y Emma de Madrazo\" srcset=\"https:\/\/www.alzola.com\/wp-content\/uploads\/2024\/04\/Los-hijos-de-Pedro-de-Madrazo.-c.1861-719x1024.jpg 719w, https:\/\/www.alzola.com\/wp-content\/uploads\/2024\/04\/Los-hijos-de-Pedro-de-Madrazo.-c.1861-211x300.jpg 211w, https:\/\/www.alzola.com\/wp-content\/uploads\/2024\/04\/Los-hijos-de-Pedro-de-Madrazo.-c.1861-768x1093.jpg 768w, https:\/\/www.alzola.com\/wp-content\/uploads\/2024\/04\/Los-hijos-de-Pedro-de-Madrazo.-c.1861-678x965.jpg 678w, https:\/\/www.alzola.com\/wp-content\/uploads\/2024\/04\/Los-hijos-de-Pedro-de-Madrazo.-c.1861-84x120.jpg 84w, https:\/\/www.alzola.com\/wp-content\/uploads\/2024\/04\/Los-hijos-de-Pedro-de-Madrazo.-c.1861-200x285.jpg 200w, https:\/\/www.alzola.com\/wp-content\/uploads\/2024\/04\/Los-hijos-de-Pedro-de-Madrazo.-c.1861-450x641.jpg 450w, https:\/\/www.alzola.com\/wp-content\/uploads\/2024\/04\/Los-hijos-de-Pedro-de-Madrazo.-c.1861-555x790.jpg 555w, https:\/\/www.alzola.com\/wp-content\/uploads\/2024\/04\/Los-hijos-de-Pedro-de-Madrazo.-c.1861.jpg 800w\" sizes=\"auto, (max-width: 719px) 100vw, 719px\" \/><figcaption class=\"wp-element-caption\"><em>Fotograf\u00eda de dos hijos de Pedro de Madrazo, Jos\u00e9 y probablemente Emma, realizada alrededor de 1861<\/em><\/figcaption><\/figure>\n<\/div>\n\n\n<p>El 2 de febrero de 1894 <em>\u201c<a href=\"https:\/\/hemerotecadigital.bne.es\/hd\/es\/viewer?id=8a8a45dd-c887-4cca-b139-97b0035c620d&amp;page=2\">La Correspondencia de Espa\u00f1a<\/a>\u201d<\/em> publicaba en \u201cNoticias de Sociedad\u201d un extenso listado del ajuar de la novia: <em>La casa del ilustre acad\u00e9mico don Pedro Madrazo, es muy visitada estos d\u00edas por los numerosos amigos de la familia que acuden a admirar el elegante equipo que la se\u00f1orita do\u00f1a Emma lleva a sus bodas con el secretario de la orden de Calatrava se\u00f1or Pando.<\/em><\/p>\n\n\n<div class=\"wp-block-image\">\n<figure class=\"aligncenter size-full is-resized\"><img loading=\"lazy\" decoding=\"async\" width=\"639\" height=\"781\" src=\"https:\/\/www.alzola.com\/wp-content\/uploads\/2024\/04\/Sofia-de-Madrazo-y-de-Rosales-1875-1880-pintada-por-Luis-de-Madrazo.jpg\" alt=\"\" class=\"wp-image-54909\" style=\"width:982px;height:auto\" srcset=\"https:\/\/www.alzola.com\/wp-content\/uploads\/2024\/04\/Sofia-de-Madrazo-y-de-Rosales-1875-1880-pintada-por-Luis-de-Madrazo.jpg 639w, https:\/\/www.alzola.com\/wp-content\/uploads\/2024\/04\/Sofia-de-Madrazo-y-de-Rosales-1875-1880-pintada-por-Luis-de-Madrazo-245x300.jpg 245w, https:\/\/www.alzola.com\/wp-content\/uploads\/2024\/04\/Sofia-de-Madrazo-y-de-Rosales-1875-1880-pintada-por-Luis-de-Madrazo-84x103.jpg 84w, https:\/\/www.alzola.com\/wp-content\/uploads\/2024\/04\/Sofia-de-Madrazo-y-de-Rosales-1875-1880-pintada-por-Luis-de-Madrazo-200x244.jpg 200w, https:\/\/www.alzola.com\/wp-content\/uploads\/2024\/04\/Sofia-de-Madrazo-y-de-Rosales-1875-1880-pintada-por-Luis-de-Madrazo-450x550.jpg 450w\" sizes=\"auto, (max-width: 639px) 100vw, 639px\" \/><figcaption class=\"wp-element-caption\"><em>Sof\u00eda de Madrazo y de Rosales (hermana de Emma) pintada por Luis de Madrazo<\/em>, alrededor de 1875-1880<\/figcaption><\/figure>\n<\/div>\n\n\n<p><em>Las obras de arte de los Madrazo y los retratos de los individuos de la noble familia de los Rosales que decoran de ordinario aquella vivienda, desaparecen bajo las telas orladas de valenciennes, guipure y otros primorosos encajes que forman las ricas prendas del equipo.<\/em><\/p>\n\n\n\n<p><em>En bordados hay labores delicad\u00edsimas, especialmente las del juego de cama, que son de una gran novedad. El novio ha hecho presentes riqu\u00edsimos, que consisten en diadema y collar de brillantes de gusto etrusco, una rama de brillantes que puede adornar todo un escote cruzando el pecho, una gran hebilla de brillantes, varias agujas y todo el servicio de tocador de plata.<\/em><\/p>\n\n\n<div class=\"wp-block-image\">\n<figure class=\"aligncenter size-full\"><img loading=\"lazy\" decoding=\"async\" width=\"403\" height=\"525\" src=\"https:\/\/www.alzola.com\/wp-content\/uploads\/2024\/04\/Pedro-de-Madrazo-pintado-por-Luis-de-Madrazo-en-1885.jpg\" alt=\"\" class=\"wp-image-54911\" srcset=\"https:\/\/www.alzola.com\/wp-content\/uploads\/2024\/04\/Pedro-de-Madrazo-pintado-por-Luis-de-Madrazo-en-1885.jpg 403w, https:\/\/www.alzola.com\/wp-content\/uploads\/2024\/04\/Pedro-de-Madrazo-pintado-por-Luis-de-Madrazo-en-1885-230x300.jpg 230w, https:\/\/www.alzola.com\/wp-content\/uploads\/2024\/04\/Pedro-de-Madrazo-pintado-por-Luis-de-Madrazo-en-1885-84x109.jpg 84w, https:\/\/www.alzola.com\/wp-content\/uploads\/2024\/04\/Pedro-de-Madrazo-pintado-por-Luis-de-Madrazo-en-1885-200x261.jpg 200w\" sizes=\"auto, (max-width: 403px) 100vw, 403px\" \/><figcaption class=\"wp-element-caption\"><em>D. Pedro de Madrazo pintado por Luis de Madrazo en 1885<\/em><\/figcaption><\/figure>\n<\/div>\n\n\n<p><em>El Sr. Pando ha hecho a los individuos de su futura familia ricos presentes; a D. Pedro Madrazo le ha regalado un sello de oro, formado por un geniecillo que sostiene una bola de lapisl\u00e1zuli; a la se\u00f1ora de Madrazo un reloj de porcelana de Sajonia, y a la hermana de la novia una sombrilla Luis XV, de brocatel la tela y de saxe el pu\u00f1o.<\/em><\/p>\n\n\n\n<p><em>La se\u00f1orita de Madrazo, regal\u00f3 a su futuro esposo una botonadura de zafiros en caboch\u00f3n, el Sr. Madrazo, un alfiler caboch\u00f3n rodeado de brillantes y la se\u00f1ora y se\u00f1orita de Madrazo una cadena de oro.<\/em><\/p>\n\n\n<div class=\"wp-block-image\">\n<figure class=\"aligncenter size-full\"><img loading=\"lazy\" decoding=\"async\" width=\"512\" height=\"639\" src=\"https:\/\/www.alzola.com\/wp-content\/uploads\/2024\/04\/Mercedes-de-Madrazo-y-Rosales-pintado-por-Federico-de-Madrazo-en-1887.jpg\" alt=\"\" class=\"wp-image-54910\" title=\"Mercedes de Madrazo y Rosales \" srcset=\"https:\/\/www.alzola.com\/wp-content\/uploads\/2024\/04\/Mercedes-de-Madrazo-y-Rosales-pintado-por-Federico-de-Madrazo-en-1887.jpg 512w, https:\/\/www.alzola.com\/wp-content\/uploads\/2024\/04\/Mercedes-de-Madrazo-y-Rosales-pintado-por-Federico-de-Madrazo-en-1887-240x300.jpg 240w, https:\/\/www.alzola.com\/wp-content\/uploads\/2024\/04\/Mercedes-de-Madrazo-y-Rosales-pintado-por-Federico-de-Madrazo-en-1887-84x105.jpg 84w, https:\/\/www.alzola.com\/wp-content\/uploads\/2024\/04\/Mercedes-de-Madrazo-y-Rosales-pintado-por-Federico-de-Madrazo-en-1887-200x250.jpg 200w, https:\/\/www.alzola.com\/wp-content\/uploads\/2024\/04\/Mercedes-de-Madrazo-y-Rosales-pintado-por-Federico-de-Madrazo-en-1887-450x562.jpg 450w\" sizes=\"auto, (max-width: 512px) 100vw, 512px\" \/><figcaption class=\"wp-element-caption\"><em>Mercedes de Madrazo y Rosales (hermana de Emma) pintada por Federico de Madrazo en 1887<\/em><\/figcaption><\/figure>\n<\/div>\n\n\n<p><em>Los vestidos regalados por el novio son tres, el de boda de moire negro con tules bordados y encaje de Bruselas en la delantera; otro de terciopelo color violeta con guarnici\u00f3n en el cuerpo, de encaje de Venecia, y otro de brocatel amarillo, con bordados. A estos vestidos acompa\u00f1an dos abanicos, uno Luis XV, de encaje blanco y n\u00e1car y otro de concha con encaje negro, y una alegor\u00eda de Himeneo. Completan los regalos del novio, un pa\u00f1uelo de encaje de Bruselas y dos mantillas de blonda, blanca una y negra otra. En el equipo figuran otros tres vestidos elegant\u00edsimos hechos como los regalados por el novio, por Mlle. Matilde.<\/em><\/p>\n\n\n<div class=\"wp-block-image\">\n<figure class=\"aligncenter size-large\"><img loading=\"lazy\" decoding=\"async\" width=\"833\" height=\"1024\" src=\"https:\/\/www.alzola.com\/wp-content\/uploads\/2024\/04\/Autorretrato-de-Federico-Madrazo-833x1024.jpg\" alt=\"\" class=\"wp-image-54915\" title=\"Federico de Madrazo y Kuntz\" srcset=\"https:\/\/www.alzola.com\/wp-content\/uploads\/2024\/04\/Autorretrato-de-Federico-Madrazo-833x1024.jpg 833w, https:\/\/www.alzola.com\/wp-content\/uploads\/2024\/04\/Autorretrato-de-Federico-Madrazo-244x300.jpg 244w, https:\/\/www.alzola.com\/wp-content\/uploads\/2024\/04\/Autorretrato-de-Federico-Madrazo-768x944.jpg 768w, https:\/\/www.alzola.com\/wp-content\/uploads\/2024\/04\/Autorretrato-de-Federico-Madrazo-678x833.jpg 678w, https:\/\/www.alzola.com\/wp-content\/uploads\/2024\/04\/Autorretrato-de-Federico-Madrazo-84x103.jpg 84w, https:\/\/www.alzola.com\/wp-content\/uploads\/2024\/04\/Autorretrato-de-Federico-Madrazo-200x246.jpg 200w, https:\/\/www.alzola.com\/wp-content\/uploads\/2024\/04\/Autorretrato-de-Federico-Madrazo-450x553.jpg 450w, https:\/\/www.alzola.com\/wp-content\/uploads\/2024\/04\/Autorretrato-de-Federico-Madrazo-643x790.jpg 643w, https:\/\/www.alzola.com\/wp-content\/uploads\/2024\/04\/Autorretrato-de-Federico-Madrazo.jpg 961w\" sizes=\"auto, (max-width: 833px) 100vw, 833px\" \/><figcaption class=\"wp-element-caption\"><em><\/em><em>Autorretrato de Federico de Madrazo y Kuntz<\/em><\/figcaption><\/figure>\n<\/div>\n\n\n<p><em>La familia de la novia la ha hecho ricos presentes: su t\u00edo D. Federico un reloj de oro; D. Luis, un saco de viaje en cuero blanco, con todos los objetos de plata; su prima, la viuda de Fortuny, la ha enviado una guarnici\u00f3n de encajes de Venecia para un traje de baile; D. Ricardo, una l\u00e1mpara de bronce; su hermano Jos\u00e9, un juego de t\u00e9, y su hermano pol\u00edtico D. Andr\u00e9s Miralles, un juego de cepillos de plata labrada.<\/em><\/p>\n\n\n\n<p><em>Los regalos son numerosos, figurando entre ellos un alfiler de la duquesa del Infantado, una bulloir en plata de la marquesa de Montroig, y otros ricos presentes de la condesa de V\u00eda Manuel, marquesa de Villalobar, de Barb\u00f3les, generala Echag\u00fce y otras muchas personas conocidas.<\/em><\/p>\n\n\n\n<p><em>La boda se verificar\u00e1, el 5 del corriente, y los novios saldr\u00e1n el mismo d\u00eda para Andaluc\u00eda.<\/em><\/p>\n\n\n\n<h2 class=\"wp-block-heading\">El enlace<\/h2>\n\n\n<div class=\"wp-block-image\">\n<figure class=\"aligncenter size-full\"><img loading=\"lazy\" decoding=\"async\" width=\"800\" height=\"533\" src=\"https:\/\/www.alzola.com\/wp-content\/uploads\/2024\/04\/Enlace-de-Emma-de-Madrazo-y-Rosales-y-Don-Jose-de-Pando-y-Saavedra.-El-Dia-Madrid-1881-05-02-1894.jpg\" alt=\"\" class=\"wp-image-54893\" title=\"Emma de Madrazo\" srcset=\"https:\/\/www.alzola.com\/wp-content\/uploads\/2024\/04\/Enlace-de-Emma-de-Madrazo-y-Rosales-y-Don-Jose-de-Pando-y-Saavedra.-El-Dia-Madrid-1881-05-02-1894.jpg 800w, https:\/\/www.alzola.com\/wp-content\/uploads\/2024\/04\/Enlace-de-Emma-de-Madrazo-y-Rosales-y-Don-Jose-de-Pando-y-Saavedra.-El-Dia-Madrid-1881-05-02-1894-300x200.jpg 300w, https:\/\/www.alzola.com\/wp-content\/uploads\/2024\/04\/Enlace-de-Emma-de-Madrazo-y-Rosales-y-Don-Jose-de-Pando-y-Saavedra.-El-Dia-Madrid-1881-05-02-1894-768x512.jpg 768w, https:\/\/www.alzola.com\/wp-content\/uploads\/2024\/04\/Enlace-de-Emma-de-Madrazo-y-Rosales-y-Don-Jose-de-Pando-y-Saavedra.-El-Dia-Madrid-1881-05-02-1894-678x452.jpg 678w, https:\/\/www.alzola.com\/wp-content\/uploads\/2024\/04\/Enlace-de-Emma-de-Madrazo-y-Rosales-y-Don-Jose-de-Pando-y-Saavedra.-El-Dia-Madrid-1881-05-02-1894-84x56.jpg 84w, https:\/\/www.alzola.com\/wp-content\/uploads\/2024\/04\/Enlace-de-Emma-de-Madrazo-y-Rosales-y-Don-Jose-de-Pando-y-Saavedra.-El-Dia-Madrid-1881-05-02-1894-200x133.jpg 200w, https:\/\/www.alzola.com\/wp-content\/uploads\/2024\/04\/Enlace-de-Emma-de-Madrazo-y-Rosales-y-Don-Jose-de-Pando-y-Saavedra.-El-Dia-Madrid-1881-05-02-1894-450x300.jpg 450w\" sizes=\"auto, (max-width: 800px) 100vw, 800px\" \/><figcaption class=\"wp-element-caption\"><em>Anuncio del enlace de Emma de Madrazo y Jos\u00e9 de Pando publicado en \u201cEl D\u00eda\u201d el 5 de febrero de 1894<\/em><\/figcaption><\/figure>\n<\/div>\n\n\n<p><strong>El enlace de Eva de Madrazo efectivamente tuvo lugar en febrero de 1894<\/strong>, tal y como publicar\u00eda, El Abate Faria, seud\u00f3nimo del periodista Agust\u00edn Retortillo y Macpherson, en las Noticias de Sociedad del peri\u00f3dico <em>\u201cEl D\u00eda\u201d<\/em>, del 5 de febrero de 1894. No sabemos si Emma de Madrazo y Rosales se vio obligada a pasar por el altar, debido a la sospecha de un embarazo o para evitar un desaconsejado enlace con V\u00edctor Balaguer, quien en ese momento era miembro de la Real Academia Espa\u00f1ola. Quiz\u00e1s, simplemente, aquel verano en Alzola, el escritor se dej\u00f3 llevar por el romanticismo y nuestros cuidados en el balneario. Sin embargo, \u00bfpor qu\u00e9, en una familia de famosos pintores, no se conoce ning\u00fan retrato de Emma? \u00bfAcaso se convirti\u00f3 en la \u201coveja negra\u201d de la familia Madrazo, debido a alg\u00fan turbulento secreto?<\/p>\n","protected":false},"excerpt":{"rendered":"<p>V\u00edctor Balaguer (una de las figuras principales de la Renaixen\u00e7a catalana) y Emma de Madrazo (sobrina de Federico de Madrazo, uno de los m\u00e1s grandes retratistas del siglo XIX) estuvieron en el balneario de Alzola en agosto de 1893. La presencia de V\u00edctor Balaguer y Emma de Madrazo en el balneario de Alzola aquel verano, se confirma a trav\u00e9s de dos cartas escritas por el propio Balaguer el 3 y 5 de septiembre de ese mismo a\u00f1o, cuando el escritor contaba con 69 a\u00f1os de edad. A\u00f1oranzas de V\u00edctor Balaguer La primera carta titulada \u201cExcursiones desde Alzola\u201d y la segunda titulada \u201cRegreso a Alzola\u201d fueron publicadas en la \u201cRevista contempor\u00e1nea\u201d n\u00ba 92, en octubre de 1893 y posteriormente en la \u201cLa Ilustraci\u00f3n Art\u00edstica\u201d el 13 y el 20 de noviembre de 1893. Os dejamos con algunos extractos que hacen referencia a Alzola: \u201c\u00bfLo recuerda usted, mi gentil amiga, ma genio danto, como dicen los trovadores provenzales? \u00bfRecuerda usted aquellas excursiones tan deliciosas, y para m\u00ed tan inolvidables, por las cercan\u00edas de la solitaria Alzola? \u00bfRecuerda usted, sobre todo, la \u00faltima, la que realizamos hace apenas cuatro d\u00edas? Por mi parte, declaro que no puedo ni debo olvidar el encanto de&#8230;<\/p>\n","protected":false},"author":2,"featured_media":54917,"comment_status":"closed","ping_status":"open","sticky":false,"template":"","format":"standard","meta":{"om_disable_all_campaigns":false,"_monsterinsights_skip_tracking":false,"_monsterinsights_sitenote_active":false,"_monsterinsights_sitenote_note":"","_monsterinsights_sitenote_category":0,"footnotes":""},"categories":[49],"tags":[215,530,529,528],"class_list":["post-54891","post","type-post","status-publish","format-standard","has-post-thumbnail","hentry","category-balneario-de-alzola","tag-balneario-de-alzola","tag-banistas","tag-siglo-xix","tag-sociedad"],"yoast_head":"<!-- This site is optimized with the Yoast SEO plugin v27.5 - https:\/\/yoast.com\/product\/yoast-seo-wordpress\/ -->\n<title>V\u00edctor Balaguer y Emma de Madrazo, una posible historia de amor en el Balneario de Alzola - Alzola Basque Water<\/title>\n<meta name=\"description\" content=\"Explora la posible historia de amor entre V\u00edctor Balaguer y Emma de Madrazo durante su estancia en el Balneario de Alzola en 1893. Descubre detalles reveladores y pistas sobre este fascinante cap\u00edtulo en la vida de dos destacadas figuras del siglo XIX.\" \/>\n<meta name=\"robots\" content=\"index, follow, max-snippet:-1, max-image-preview:large, max-video-preview:-1\" \/>\n<link rel=\"canonical\" href=\"https:\/\/www.alzola.com\/es\/victor-balaguer-y-emma-de-madrazo-una-posible-historia-de-amor-en-el-balneario-de-alzola\/\" \/>\n<meta property=\"og:locale\" content=\"es_ES\" \/>\n<meta property=\"og:type\" content=\"article\" \/>\n<meta property=\"og:title\" content=\"V\u00edctor Balaguer y Emma de Madrazo, una posible historia de amor en el Balneario de Alzola - Alzola Basque Water\" \/>\n<meta property=\"og:description\" content=\"Explora la posible historia de amor entre V\u00edctor Balaguer y Emma de Madrazo durante su estancia en el Balneario de Alzola en 1893. Descubre detalles reveladores y pistas sobre este fascinante cap\u00edtulo en la vida de dos destacadas figuras del siglo XIX.\" \/>\n<meta property=\"og:url\" content=\"https:\/\/www.alzola.com\/es\/victor-balaguer-y-emma-de-madrazo-una-posible-historia-de-amor-en-el-balneario-de-alzola\/\" \/>\n<meta property=\"og:site_name\" content=\"Alzola Basque Water\" \/>\n<meta property=\"article:publisher\" content=\"https:\/\/www.facebook.com\/alzolabasquewater\/\" \/>\n<meta property=\"article:author\" content=\"www.facebook.com\/AlzolaBasqueWater\" \/>\n<meta property=\"article:published_time\" content=\"2024-04-16T12:38:24+00:00\" \/>\n<meta property=\"article:modified_time\" content=\"2025-12-15T13:08:38+00:00\" \/>\n<meta property=\"og:image\" content=\"https:\/\/www.alzola.com\/wp-content\/uploads\/2024\/04\/Victor-Balaguer-y-Emma-de-Madrazo.jpg\" \/>\n\t<meta property=\"og:image:width\" content=\"800\" \/>\n\t<meta property=\"og:image:height\" content=\"533\" \/>\n\t<meta property=\"og:image:type\" content=\"image\/jpeg\" \/>\n<meta name=\"author\" content=\"Alzola Basque Water\" \/>\n<meta name=\"twitter:card\" content=\"summary_large_image\" \/>\n<meta name=\"twitter:creator\" content=\"@basquewater\" \/>\n<meta name=\"twitter:site\" content=\"@BasqueWater\" \/>\n<meta name=\"twitter:label1\" content=\"Escrito por\" \/>\n\t<meta name=\"twitter:data1\" content=\"Alzola Basque Water\" \/>\n\t<meta name=\"twitter:label2\" content=\"Tiempo de lectura\" \/>\n\t<meta name=\"twitter:data2\" content=\"12 minutos\" \/>\n<script type=\"application\/ld+json\" class=\"yoast-schema-graph\">{\"@context\":\"https:\\\/\\\/schema.org\",\"@graph\":[{\"@type\":\"Article\",\"@id\":\"https:\\\/\\\/www.alzola.com\\\/es\\\/victor-balaguer-y-emma-de-madrazo-una-posible-historia-de-amor-en-el-balneario-de-alzola\\\/#article\",\"isPartOf\":{\"@id\":\"https:\\\/\\\/www.alzola.com\\\/es\\\/victor-balaguer-y-emma-de-madrazo-una-posible-historia-de-amor-en-el-balneario-de-alzola\\\/\"},\"author\":{\"name\":\"Alzola Basque Water\",\"@id\":\"https:\\\/\\\/www.alzola.com\\\/es\\\/#\\\/schema\\\/person\\\/67ba21fcc68e23f591865e5457edc378\"},\"headline\":\"V\u00edctor Balaguer y Emma de Madrazo, una posible historia de amor en el Balneario de Alzola\",\"datePublished\":\"2024-04-16T12:38:24+00:00\",\"dateModified\":\"2025-12-15T13:08:38+00:00\",\"mainEntityOfPage\":{\"@id\":\"https:\\\/\\\/www.alzola.com\\\/es\\\/victor-balaguer-y-emma-de-madrazo-una-posible-historia-de-amor-en-el-balneario-de-alzola\\\/\"},\"wordCount\":1899,\"publisher\":{\"@id\":\"https:\\\/\\\/www.alzola.com\\\/es\\\/#organization\"},\"image\":{\"@id\":\"https:\\\/\\\/www.alzola.com\\\/es\\\/victor-balaguer-y-emma-de-madrazo-una-posible-historia-de-amor-en-el-balneario-de-alzola\\\/#primaryimage\"},\"thumbnailUrl\":\"https:\\\/\\\/www.alzola.com\\\/wp-content\\\/uploads\\\/2024\\\/04\\\/Victor-Balaguer-y-Emma-de-Madrazo.jpg\",\"keywords\":[\"Balneario de Alzola\",\"ba\u00f1istas\",\"siglo XIX\",\"sociedad\"],\"articleSection\":[\"Balneario de Alzola\"],\"inLanguage\":\"es\"},{\"@type\":\"WebPage\",\"@id\":\"https:\\\/\\\/www.alzola.com\\\/es\\\/victor-balaguer-y-emma-de-madrazo-una-posible-historia-de-amor-en-el-balneario-de-alzola\\\/\",\"url\":\"https:\\\/\\\/www.alzola.com\\\/es\\\/victor-balaguer-y-emma-de-madrazo-una-posible-historia-de-amor-en-el-balneario-de-alzola\\\/\",\"name\":\"V\u00edctor Balaguer y Emma de Madrazo, una posible historia de amor en el Balneario de Alzola - Alzola Basque Water\",\"isPartOf\":{\"@id\":\"https:\\\/\\\/www.alzola.com\\\/es\\\/#website\"},\"primaryImageOfPage\":{\"@id\":\"https:\\\/\\\/www.alzola.com\\\/es\\\/victor-balaguer-y-emma-de-madrazo-una-posible-historia-de-amor-en-el-balneario-de-alzola\\\/#primaryimage\"},\"image\":{\"@id\":\"https:\\\/\\\/www.alzola.com\\\/es\\\/victor-balaguer-y-emma-de-madrazo-una-posible-historia-de-amor-en-el-balneario-de-alzola\\\/#primaryimage\"},\"thumbnailUrl\":\"https:\\\/\\\/www.alzola.com\\\/wp-content\\\/uploads\\\/2024\\\/04\\\/Victor-Balaguer-y-Emma-de-Madrazo.jpg\",\"datePublished\":\"2024-04-16T12:38:24+00:00\",\"dateModified\":\"2025-12-15T13:08:38+00:00\",\"description\":\"Explora la posible historia de amor entre V\u00edctor Balaguer y Emma de Madrazo durante su estancia en el Balneario de Alzola en 1893. Descubre detalles reveladores y pistas sobre este fascinante cap\u00edtulo en la vida de dos destacadas figuras del siglo XIX.\",\"breadcrumb\":{\"@id\":\"https:\\\/\\\/www.alzola.com\\\/es\\\/victor-balaguer-y-emma-de-madrazo-una-posible-historia-de-amor-en-el-balneario-de-alzola\\\/#breadcrumb\"},\"inLanguage\":\"es\",\"potentialAction\":[{\"@type\":\"ReadAction\",\"target\":[\"https:\\\/\\\/www.alzola.com\\\/es\\\/victor-balaguer-y-emma-de-madrazo-una-posible-historia-de-amor-en-el-balneario-de-alzola\\\/\"]}]},{\"@type\":\"ImageObject\",\"inLanguage\":\"es\",\"@id\":\"https:\\\/\\\/www.alzola.com\\\/es\\\/victor-balaguer-y-emma-de-madrazo-una-posible-historia-de-amor-en-el-balneario-de-alzola\\\/#primaryimage\",\"url\":\"https:\\\/\\\/www.alzola.com\\\/wp-content\\\/uploads\\\/2024\\\/04\\\/Victor-Balaguer-y-Emma-de-Madrazo.jpg\",\"contentUrl\":\"https:\\\/\\\/www.alzola.com\\\/wp-content\\\/uploads\\\/2024\\\/04\\\/Victor-Balaguer-y-Emma-de-Madrazo.jpg\",\"width\":800,\"height\":533},{\"@type\":\"BreadcrumbList\",\"@id\":\"https:\\\/\\\/www.alzola.com\\\/es\\\/victor-balaguer-y-emma-de-madrazo-una-posible-historia-de-amor-en-el-balneario-de-alzola\\\/#breadcrumb\",\"itemListElement\":[{\"@type\":\"ListItem\",\"position\":1,\"name\":\"Portada\",\"item\":\"https:\\\/\\\/www.alzola.com\\\/es\\\/\"},{\"@type\":\"ListItem\",\"position\":2,\"name\":\"V\u00edctor Balaguer y Emma de Madrazo, una posible historia de amor en el Balneario de Alzola\"}]},{\"@type\":\"WebSite\",\"@id\":\"https:\\\/\\\/www.alzola.com\\\/es\\\/#website\",\"url\":\"https:\\\/\\\/www.alzola.com\\\/es\\\/\",\"name\":\"Alzola Basque Water\",\"description\":\"Agua Mineral Natural desde 1801\",\"publisher\":{\"@id\":\"https:\\\/\\\/www.alzola.com\\\/es\\\/#organization\"},\"potentialAction\":[{\"@type\":\"SearchAction\",\"target\":{\"@type\":\"EntryPoint\",\"urlTemplate\":\"https:\\\/\\\/www.alzola.com\\\/es\\\/?s={search_term_string}\"},\"query-input\":{\"@type\":\"PropertyValueSpecification\",\"valueRequired\":true,\"valueName\":\"search_term_string\"}}],\"inLanguage\":\"es\"},{\"@type\":\"Organization\",\"@id\":\"https:\\\/\\\/www.alzola.com\\\/es\\\/#organization\",\"name\":\"BalenzateguiSA - Alzola Basque Water\",\"url\":\"https:\\\/\\\/www.alzola.com\\\/es\\\/\",\"logo\":{\"@type\":\"ImageObject\",\"inLanguage\":\"es\",\"@id\":\"https:\\\/\\\/www.alzola.com\\\/es\\\/#\\\/schema\\\/logo\\\/image\\\/\",\"url\":\"https:\\\/\\\/www.alzola.com\\\/wp-content\\\/uploads\\\/2013\\\/09\\\/Logo-alzola-baja.png\",\"contentUrl\":\"https:\\\/\\\/www.alzola.com\\\/wp-content\\\/uploads\\\/2013\\\/09\\\/Logo-alzola-baja.png\",\"width\":892,\"height\":600,\"caption\":\"BalenzateguiSA - Alzola Basque Water\"},\"image\":{\"@id\":\"https:\\\/\\\/www.alzola.com\\\/es\\\/#\\\/schema\\\/logo\\\/image\\\/\"},\"sameAs\":[\"https:\\\/\\\/www.facebook.com\\\/alzolabasquewater\\\/\",\"https:\\\/\\\/x.com\\\/BasqueWater\",\"https:\\\/\\\/www.instagram.com\\\/basquewater\\\/\",\"https:\\\/\\\/www.linkedin.com\\\/company\\\/3155611\\\/\",\"https:\\\/\\\/es.pinterest.com\\\/basquewater\\\/\",\"https:\\\/\\\/www.youtube.com\\\/AlzolaBasqueWater\"]},{\"@type\":\"Person\",\"@id\":\"https:\\\/\\\/www.alzola.com\\\/es\\\/#\\\/schema\\\/person\\\/67ba21fcc68e23f591865e5457edc378\",\"name\":\"Alzola Basque Water\",\"image\":{\"@type\":\"ImageObject\",\"inLanguage\":\"es\",\"@id\":\"https:\\\/\\\/secure.gravatar.com\\\/avatar\\\/6c16b08ba125fac103c3b367e4bd71c56459032ae0395aef4da6ab3a913593ba?s=96&d=mm&r=g\",\"url\":\"https:\\\/\\\/secure.gravatar.com\\\/avatar\\\/6c16b08ba125fac103c3b367e4bd71c56459032ae0395aef4da6ab3a913593ba?s=96&d=mm&r=g\",\"contentUrl\":\"https:\\\/\\\/secure.gravatar.com\\\/avatar\\\/6c16b08ba125fac103c3b367e4bd71c56459032ae0395aef4da6ab3a913593ba?s=96&d=mm&r=g\",\"caption\":\"Alzola Basque Water\"},\"description\":\"Agua Mineral Natural declarada de Utilidad P\u00fablica en 1843.\",\"sameAs\":[\"https:\\\/\\\/www.alzola.com\",\"www.facebook.com\\\/AlzolaBasqueWater\",\"https:\\\/\\\/www.instagram.com\\\/basquewater\\\/\",\"https:\\\/\\\/x.com\\\/basquewater\"]}]}<\/script>\n<!-- \/ Yoast SEO plugin. -->","yoast_head_json":{"title":"V\u00edctor Balaguer y Emma de Madrazo, una posible historia de amor en el Balneario de Alzola - Alzola Basque Water","description":"Explora la posible historia de amor entre V\u00edctor Balaguer y Emma de Madrazo durante su estancia en el Balneario de Alzola en 1893. Descubre detalles reveladores y pistas sobre este fascinante cap\u00edtulo en la vida de dos destacadas figuras del siglo XIX.","robots":{"index":"index","follow":"follow","max-snippet":"max-snippet:-1","max-image-preview":"max-image-preview:large","max-video-preview":"max-video-preview:-1"},"canonical":"https:\/\/www.alzola.com\/es\/victor-balaguer-y-emma-de-madrazo-una-posible-historia-de-amor-en-el-balneario-de-alzola\/","og_locale":"es_ES","og_type":"article","og_title":"V\u00edctor Balaguer y Emma de Madrazo, una posible historia de amor en el Balneario de Alzola - Alzola Basque Water","og_description":"Explora la posible historia de amor entre V\u00edctor Balaguer y Emma de Madrazo durante su estancia en el Balneario de Alzola en 1893. Descubre detalles reveladores y pistas sobre este fascinante cap\u00edtulo en la vida de dos destacadas figuras del siglo XIX.","og_url":"https:\/\/www.alzola.com\/es\/victor-balaguer-y-emma-de-madrazo-una-posible-historia-de-amor-en-el-balneario-de-alzola\/","og_site_name":"Alzola Basque Water","article_publisher":"https:\/\/www.facebook.com\/alzolabasquewater\/","article_author":"www.facebook.com\/AlzolaBasqueWater","article_published_time":"2024-04-16T12:38:24+00:00","article_modified_time":"2025-12-15T13:08:38+00:00","og_image":[{"width":800,"height":533,"url":"https:\/\/www.alzola.com\/wp-content\/uploads\/2024\/04\/Victor-Balaguer-y-Emma-de-Madrazo.jpg","type":"image\/jpeg"}],"author":"Alzola Basque Water","twitter_card":"summary_large_image","twitter_creator":"@basquewater","twitter_site":"@BasqueWater","twitter_misc":{"Escrito por":"Alzola Basque Water","Tiempo de lectura":"12 minutos"},"schema":{"@context":"https:\/\/schema.org","@graph":[{"@type":"Article","@id":"https:\/\/www.alzola.com\/es\/victor-balaguer-y-emma-de-madrazo-una-posible-historia-de-amor-en-el-balneario-de-alzola\/#article","isPartOf":{"@id":"https:\/\/www.alzola.com\/es\/victor-balaguer-y-emma-de-madrazo-una-posible-historia-de-amor-en-el-balneario-de-alzola\/"},"author":{"name":"Alzola Basque Water","@id":"https:\/\/www.alzola.com\/es\/#\/schema\/person\/67ba21fcc68e23f591865e5457edc378"},"headline":"V\u00edctor Balaguer y Emma de Madrazo, una posible historia de amor en el Balneario de Alzola","datePublished":"2024-04-16T12:38:24+00:00","dateModified":"2025-12-15T13:08:38+00:00","mainEntityOfPage":{"@id":"https:\/\/www.alzola.com\/es\/victor-balaguer-y-emma-de-madrazo-una-posible-historia-de-amor-en-el-balneario-de-alzola\/"},"wordCount":1899,"publisher":{"@id":"https:\/\/www.alzola.com\/es\/#organization"},"image":{"@id":"https:\/\/www.alzola.com\/es\/victor-balaguer-y-emma-de-madrazo-una-posible-historia-de-amor-en-el-balneario-de-alzola\/#primaryimage"},"thumbnailUrl":"https:\/\/www.alzola.com\/wp-content\/uploads\/2024\/04\/Victor-Balaguer-y-Emma-de-Madrazo.jpg","keywords":["Balneario de Alzola","ba\u00f1istas","siglo XIX","sociedad"],"articleSection":["Balneario de Alzola"],"inLanguage":"es"},{"@type":"WebPage","@id":"https:\/\/www.alzola.com\/es\/victor-balaguer-y-emma-de-madrazo-una-posible-historia-de-amor-en-el-balneario-de-alzola\/","url":"https:\/\/www.alzola.com\/es\/victor-balaguer-y-emma-de-madrazo-una-posible-historia-de-amor-en-el-balneario-de-alzola\/","name":"V\u00edctor Balaguer y Emma de Madrazo, una posible historia de amor en el Balneario de Alzola - Alzola Basque Water","isPartOf":{"@id":"https:\/\/www.alzola.com\/es\/#website"},"primaryImageOfPage":{"@id":"https:\/\/www.alzola.com\/es\/victor-balaguer-y-emma-de-madrazo-una-posible-historia-de-amor-en-el-balneario-de-alzola\/#primaryimage"},"image":{"@id":"https:\/\/www.alzola.com\/es\/victor-balaguer-y-emma-de-madrazo-una-posible-historia-de-amor-en-el-balneario-de-alzola\/#primaryimage"},"thumbnailUrl":"https:\/\/www.alzola.com\/wp-content\/uploads\/2024\/04\/Victor-Balaguer-y-Emma-de-Madrazo.jpg","datePublished":"2024-04-16T12:38:24+00:00","dateModified":"2025-12-15T13:08:38+00:00","description":"Explora la posible historia de amor entre V\u00edctor Balaguer y Emma de Madrazo durante su estancia en el Balneario de Alzola en 1893. Descubre detalles reveladores y pistas sobre este fascinante cap\u00edtulo en la vida de dos destacadas figuras del siglo XIX.","breadcrumb":{"@id":"https:\/\/www.alzola.com\/es\/victor-balaguer-y-emma-de-madrazo-una-posible-historia-de-amor-en-el-balneario-de-alzola\/#breadcrumb"},"inLanguage":"es","potentialAction":[{"@type":"ReadAction","target":["https:\/\/www.alzola.com\/es\/victor-balaguer-y-emma-de-madrazo-una-posible-historia-de-amor-en-el-balneario-de-alzola\/"]}]},{"@type":"ImageObject","inLanguage":"es","@id":"https:\/\/www.alzola.com\/es\/victor-balaguer-y-emma-de-madrazo-una-posible-historia-de-amor-en-el-balneario-de-alzola\/#primaryimage","url":"https:\/\/www.alzola.com\/wp-content\/uploads\/2024\/04\/Victor-Balaguer-y-Emma-de-Madrazo.jpg","contentUrl":"https:\/\/www.alzola.com\/wp-content\/uploads\/2024\/04\/Victor-Balaguer-y-Emma-de-Madrazo.jpg","width":800,"height":533},{"@type":"BreadcrumbList","@id":"https:\/\/www.alzola.com\/es\/victor-balaguer-y-emma-de-madrazo-una-posible-historia-de-amor-en-el-balneario-de-alzola\/#breadcrumb","itemListElement":[{"@type":"ListItem","position":1,"name":"Portada","item":"https:\/\/www.alzola.com\/es\/"},{"@type":"ListItem","position":2,"name":"V\u00edctor Balaguer y Emma de Madrazo, una posible historia de amor en el Balneario de Alzola"}]},{"@type":"WebSite","@id":"https:\/\/www.alzola.com\/es\/#website","url":"https:\/\/www.alzola.com\/es\/","name":"Alzola Basque Water","description":"Agua Mineral Natural desde 1801","publisher":{"@id":"https:\/\/www.alzola.com\/es\/#organization"},"potentialAction":[{"@type":"SearchAction","target":{"@type":"EntryPoint","urlTemplate":"https:\/\/www.alzola.com\/es\/?s={search_term_string}"},"query-input":{"@type":"PropertyValueSpecification","valueRequired":true,"valueName":"search_term_string"}}],"inLanguage":"es"},{"@type":"Organization","@id":"https:\/\/www.alzola.com\/es\/#organization","name":"BalenzateguiSA - Alzola Basque Water","url":"https:\/\/www.alzola.com\/es\/","logo":{"@type":"ImageObject","inLanguage":"es","@id":"https:\/\/www.alzola.com\/es\/#\/schema\/logo\/image\/","url":"https:\/\/www.alzola.com\/wp-content\/uploads\/2013\/09\/Logo-alzola-baja.png","contentUrl":"https:\/\/www.alzola.com\/wp-content\/uploads\/2013\/09\/Logo-alzola-baja.png","width":892,"height":600,"caption":"BalenzateguiSA - Alzola Basque Water"},"image":{"@id":"https:\/\/www.alzola.com\/es\/#\/schema\/logo\/image\/"},"sameAs":["https:\/\/www.facebook.com\/alzolabasquewater\/","https:\/\/x.com\/BasqueWater","https:\/\/www.instagram.com\/basquewater\/","https:\/\/www.linkedin.com\/company\/3155611\/","https:\/\/es.pinterest.com\/basquewater\/","https:\/\/www.youtube.com\/AlzolaBasqueWater"]},{"@type":"Person","@id":"https:\/\/www.alzola.com\/es\/#\/schema\/person\/67ba21fcc68e23f591865e5457edc378","name":"Alzola Basque Water","image":{"@type":"ImageObject","inLanguage":"es","@id":"https:\/\/secure.gravatar.com\/avatar\/6c16b08ba125fac103c3b367e4bd71c56459032ae0395aef4da6ab3a913593ba?s=96&d=mm&r=g","url":"https:\/\/secure.gravatar.com\/avatar\/6c16b08ba125fac103c3b367e4bd71c56459032ae0395aef4da6ab3a913593ba?s=96&d=mm&r=g","contentUrl":"https:\/\/secure.gravatar.com\/avatar\/6c16b08ba125fac103c3b367e4bd71c56459032ae0395aef4da6ab3a913593ba?s=96&d=mm&r=g","caption":"Alzola Basque Water"},"description":"Agua Mineral Natural declarada de Utilidad P\u00fablica en 1843.","sameAs":["https:\/\/www.alzola.com","www.facebook.com\/AlzolaBasqueWater","https:\/\/www.instagram.com\/basquewater\/","https:\/\/x.com\/basquewater"]}]}},"_links":{"self":[{"href":"https:\/\/www.alzola.com\/es\/wp-json\/wp\/v2\/posts\/54891","targetHints":{"allow":["GET"]}}],"collection":[{"href":"https:\/\/www.alzola.com\/es\/wp-json\/wp\/v2\/posts"}],"about":[{"href":"https:\/\/www.alzola.com\/es\/wp-json\/wp\/v2\/types\/post"}],"author":[{"embeddable":true,"href":"https:\/\/www.alzola.com\/es\/wp-json\/wp\/v2\/users\/2"}],"replies":[{"embeddable":true,"href":"https:\/\/www.alzola.com\/es\/wp-json\/wp\/v2\/comments?post=54891"}],"version-history":[{"count":13,"href":"https:\/\/www.alzola.com\/es\/wp-json\/wp\/v2\/posts\/54891\/revisions"}],"predecessor-version":[{"id":54922,"href":"https:\/\/www.alzola.com\/es\/wp-json\/wp\/v2\/posts\/54891\/revisions\/54922"}],"wp:featuredmedia":[{"embeddable":true,"href":"https:\/\/www.alzola.com\/es\/wp-json\/wp\/v2\/media\/54917"}],"wp:attachment":[{"href":"https:\/\/www.alzola.com\/es\/wp-json\/wp\/v2\/media?parent=54891"}],"wp:term":[{"taxonomy":"category","embeddable":true,"href":"https:\/\/www.alzola.com\/es\/wp-json\/wp\/v2\/categories?post=54891"},{"taxonomy":"post_tag","embeddable":true,"href":"https:\/\/www.alzola.com\/es\/wp-json\/wp\/v2\/tags?post=54891"}],"curies":[{"name":"wp","href":"https:\/\/api.w.org\/{rel}","templated":true}]}}