{"id":54837,"date":"2024-01-17T10:45:02","date_gmt":"2024-01-17T09:45:02","guid":{"rendered":"https:\/\/www.alzola.com\/?p=54837"},"modified":"2025-12-15T14:09:53","modified_gmt":"2025-12-15T13:09:53","slug":"un-corresponsal-de-balneario-en-alzola-cronica-del-verano-de-1882","status":"publish","type":"post","link":"https:\/\/www.alzola.com\/es\/un-corresponsal-de-balneario-en-alzola-cronica-del-verano-de-1882\/","title":{"rendered":"Un corresponsal de balneario en Alzola: Cr\u00f3nica del verano de 1882"},"content":{"rendered":"\n<figure class=\"wp-block-image size-full\"><img loading=\"lazy\" decoding=\"async\" width=\"800\" height=\"533\" src=\"https:\/\/www.alzola.com\/wp-content\/uploads\/2024\/01\/El-Liberal-Madrid.-1879.-12-08-1882-I.jpg\" alt=\"\" class=\"wp-image-54848\" srcset=\"https:\/\/www.alzola.com\/wp-content\/uploads\/2024\/01\/El-Liberal-Madrid.-1879.-12-08-1882-I.jpg 800w, https:\/\/www.alzola.com\/wp-content\/uploads\/2024\/01\/El-Liberal-Madrid.-1879.-12-08-1882-I-300x200.jpg 300w, https:\/\/www.alzola.com\/wp-content\/uploads\/2024\/01\/El-Liberal-Madrid.-1879.-12-08-1882-I-768x512.jpg 768w, https:\/\/www.alzola.com\/wp-content\/uploads\/2024\/01\/El-Liberal-Madrid.-1879.-12-08-1882-I-678x452.jpg 678w, https:\/\/www.alzola.com\/wp-content\/uploads\/2024\/01\/El-Liberal-Madrid.-1879.-12-08-1882-I-84x56.jpg 84w, https:\/\/www.alzola.com\/wp-content\/uploads\/2024\/01\/El-Liberal-Madrid.-1879.-12-08-1882-I-200x133.jpg 200w, https:\/\/www.alzola.com\/wp-content\/uploads\/2024\/01\/El-Liberal-Madrid.-1879.-12-08-1882-I-450x300.jpg 450w\" sizes=\"auto, (max-width: 800px) 100vw, 800px\" \/><figcaption class=\"wp-element-caption\">As\u00ed empezaba la cr\u00f3nica del corresponsal que visit\u00f3 Alzola en agosto de 1882<\/figcaption><\/figure>\n\n\n\n<p>Hoy os traemos una <a href=\"https:\/\/hemerotecadigital.bne.es\/hd\/es\/viewer?id=986692fa-8f1a-4f14-a5ba-a15d313f6008&amp;page=3\" target=\"_blank\" rel=\"noreferrer noopener\">cr\u00f3nica period\u00edstica publicada en \u00abEl Liberal\u00bb el 12 de agosto de 1882<\/a>.  El corresponsal de balneario enviado a nuestro manantial aquel verano, nos traslada al pasado. A falta de fotograf\u00edas, hemos querido acompa\u00f1ar el relato con ilustraciones de la \u00e9poca. De esta forma, ofrecemos <strong>una mirada al paisaje que contemplaban aquellos ba\u00f1istas que estuvieron en Alzola<\/strong>. Durante los siglos XIX y principios del XX, <strong>los manantiales eran destinos de salud y ocio muy populares<\/strong>. Muchos personajes influyentes acud\u00edan a ellos para disfrutar de los beneficios terap\u00e9uticos de las aguas minerales. La presencia de figuras famosas en las casas de ba\u00f1os llev\u00f3 a la <strong>creaci\u00f3n de la figura del corresponsal de balneario<\/strong>.<\/p>\n\n\n\n<figure class=\"wp-block-image size-full\"><img loading=\"lazy\" decoding=\"async\" width=\"800\" height=\"569\" src=\"https:\/\/www.alzola.com\/wp-content\/uploads\/2024\/01\/Banos-termales-de-Altzola.-Pedro-Perez-de-Castro-1857.jpg\" alt=\"Ba\u00f1os termales de Altzola siglo XIX\" class=\"wp-image-54838\" srcset=\"https:\/\/www.alzola.com\/wp-content\/uploads\/2024\/01\/Banos-termales-de-Altzola.-Pedro-Perez-de-Castro-1857.jpg 800w, https:\/\/www.alzola.com\/wp-content\/uploads\/2024\/01\/Banos-termales-de-Altzola.-Pedro-Perez-de-Castro-1857-300x213.jpg 300w, https:\/\/www.alzola.com\/wp-content\/uploads\/2024\/01\/Banos-termales-de-Altzola.-Pedro-Perez-de-Castro-1857-768x546.jpg 768w, https:\/\/www.alzola.com\/wp-content\/uploads\/2024\/01\/Banos-termales-de-Altzola.-Pedro-Perez-de-Castro-1857-678x482.jpg 678w, https:\/\/www.alzola.com\/wp-content\/uploads\/2024\/01\/Banos-termales-de-Altzola.-Pedro-Perez-de-Castro-1857-84x60.jpg 84w, https:\/\/www.alzola.com\/wp-content\/uploads\/2024\/01\/Banos-termales-de-Altzola.-Pedro-Perez-de-Castro-1857-200x142.jpg 200w, https:\/\/www.alzola.com\/wp-content\/uploads\/2024\/01\/Banos-termales-de-Altzola.-Pedro-Perez-de-Castro-1857-450x320.jpg 450w\" sizes=\"auto, (max-width: 800px) 100vw, 800px\" \/><figcaption class=\"wp-element-caption\">\u201cBa\u00f1os termales de Altzola\u201d. Litograf\u00eda de Pedro P\u00e9rez de Castro (1857)<\/figcaption><\/figure>\n\n\n\n<p> Los peri\u00f3dicos m\u00e1s destacados contrataron a periodistas especializados, para destacar la vida social y los tratamientos de salud que ten\u00edan lugar en los balnearios. Las cr\u00f3nicas y reportajes de aquellos corresponsales de balneario, contribu\u00edan significativamente a la <strong>promoci\u00f3n y popularidad<\/strong> de estos destinos en la sociedad de la \u00e9poca. Sus escritos a menudo <strong>destacaban la belleza del entorno<\/strong>, los <strong>beneficios para la salud de las aguas minerales<\/strong> y tambi\u00e9n, las <strong>actividades <\/strong>de ocio. De esta manera, se <strong>proporcionaban a la gente informaci\u00f3n detallada<\/strong> sobre lo que pod\u00edan esperar, al visitar un determinado balneario.<\/p>\n\n\n\n<h2 class=\"wp-block-heading\"><strong>Desde Alzola. 9 de agosto de 1882<\/strong><\/h2>\n\n\n\n<figure class=\"wp-block-image size-full\"><img loading=\"lazy\" decoding=\"async\" width=\"800\" height=\"490\" src=\"https:\/\/www.alzola.com\/wp-content\/uploads\/2024\/01\/Gipuzkoa.-Charles-Scribners-sons-New-York-1883.jpg\" alt=\"\" class=\"wp-image-54843\" srcset=\"https:\/\/www.alzola.com\/wp-content\/uploads\/2024\/01\/Gipuzkoa.-Charles-Scribners-sons-New-York-1883.jpg 800w, https:\/\/www.alzola.com\/wp-content\/uploads\/2024\/01\/Gipuzkoa.-Charles-Scribners-sons-New-York-1883-300x184.jpg 300w, https:\/\/www.alzola.com\/wp-content\/uploads\/2024\/01\/Gipuzkoa.-Charles-Scribners-sons-New-York-1883-768x470.jpg 768w, https:\/\/www.alzola.com\/wp-content\/uploads\/2024\/01\/Gipuzkoa.-Charles-Scribners-sons-New-York-1883-678x415.jpg 678w, https:\/\/www.alzola.com\/wp-content\/uploads\/2024\/01\/Gipuzkoa.-Charles-Scribners-sons-New-York-1883-84x51.jpg 84w, https:\/\/www.alzola.com\/wp-content\/uploads\/2024\/01\/Gipuzkoa.-Charles-Scribners-sons-New-York-1883-200x123.jpg 200w, https:\/\/www.alzola.com\/wp-content\/uploads\/2024\/01\/Gipuzkoa.-Charles-Scribners-sons-New-York-1883-450x276.jpg 450w\" sizes=\"auto, (max-width: 800px) 100vw, 800px\" \/><figcaption class=\"wp-element-caption\">Mapa de Guip\u00fazcoa. Charles Scribner&#8217;s sons, New York (1883)<\/figcaption><\/figure>\n\n\n\n<p><em>\u201cDesde hace seis u ocho d\u00edas <strong>la temperatura es aqu\u00ed deliciosa<\/strong>. Han cesado las lluvias, que fueron muy frecuentes durante todo el mes de julio, y disfrutamos ya sin interrupci\u00f3n del ambiente tibio, suave y perfumado, que es <strong>el mejor atractivo de estos valles<\/strong> y seg\u00fan yo creo el m\u00e1s eficaz de todos los medios de curaci\u00f3n que encuentran los enfermos a quienes su buena estrella gu\u00eda a este <strong>ameno y apartado rinc\u00f3n de Guip\u00fazcoa<\/strong>. All\u00ed, por el contrario, deben ustedes estarse achicharrando, pues no se explica de otro modo el <strong>verdadero aluvi\u00f3n de ba\u00f1istas y viajeros<\/strong> que el tren vomita todos los d\u00edas en Vitoria, en Zum\u00e1rraga, en AIsasua, en San Sebasti\u00e1n y en Hendaya y que <strong>los carruajes distribuyen por los diversos balnearios de estas provincias y por las hermosas playas de su costa<\/strong>. Madrid, a estas horas, debe estar despoblado\u201d.<\/em><\/p>\n\n\n\n<figure class=\"wp-block-image size-full\"><img loading=\"lazy\" decoding=\"async\" width=\"800\" height=\"566\" src=\"https:\/\/www.alzola.com\/wp-content\/uploads\/2024\/01\/Iglesia-de-Altzola.-Pedro-Perez-de-Castro-1857.jpg\" alt=\"\" class=\"wp-image-54841\" srcset=\"https:\/\/www.alzola.com\/wp-content\/uploads\/2024\/01\/Iglesia-de-Altzola.-Pedro-Perez-de-Castro-1857.jpg 800w, https:\/\/www.alzola.com\/wp-content\/uploads\/2024\/01\/Iglesia-de-Altzola.-Pedro-Perez-de-Castro-1857-300x212.jpg 300w, https:\/\/www.alzola.com\/wp-content\/uploads\/2024\/01\/Iglesia-de-Altzola.-Pedro-Perez-de-Castro-1857-768x543.jpg 768w, https:\/\/www.alzola.com\/wp-content\/uploads\/2024\/01\/Iglesia-de-Altzola.-Pedro-Perez-de-Castro-1857-678x480.jpg 678w, https:\/\/www.alzola.com\/wp-content\/uploads\/2024\/01\/Iglesia-de-Altzola.-Pedro-Perez-de-Castro-1857-84x59.jpg 84w, https:\/\/www.alzola.com\/wp-content\/uploads\/2024\/01\/Iglesia-de-Altzola.-Pedro-Perez-de-Castro-1857-200x142.jpg 200w, https:\/\/www.alzola.com\/wp-content\/uploads\/2024\/01\/Iglesia-de-Altzola.-Pedro-Perez-de-Castro-1857-450x318.jpg 450w\" sizes=\"auto, (max-width: 800px) 100vw, 800px\" \/><figcaption class=\"wp-element-caption\">\u201cIglesia de Altzola\u201d. Litograf\u00eda de Pedro P\u00e9rez de Castro (1857)<\/figcaption><\/figure>\n\n\n\n<p><em>\u201cNo es, por tanto, maravilloso que hasta los ba\u00f1os de Alzola, donde la concurrencia es siempre escasa, quiz\u00e1s porque <strong>no son muy conocidas las excelentes condiciones de su rico manantial<\/strong>, se vean ahora concurrid\u00edsimos. M\u00e1s lo han estado aun llegando a reunirse cuando terminaba el mes pasado en la fonda del establecimiento, que es <strong>la mejor hospeder\u00eda del balneario<\/strong>, sobre un centenar de concurrentes.<\/em> <em>De estos se han marchado ya las familias del conde de Pe\u00f1alver, de D. Silverio Urquiza, de D. Pablo Hern\u00e1ndez, de D. Rafael Jabat, de N\u00e1jera y los se\u00f1ores conde de Monterron, Gorostidi, Fern\u00e1ndez de C\u00f3rdoba, G\u00f3mez (D. Alejo) Torres Vild\u00f3sola, Encomienda, (marqu\u00e9s de) Vallejo, Lorenzana, Estrada (D. Luis), Goizueta, Larra\u00f1aga, Alegre Dolz, Garrido (D. Esteban), P\u00e9rez Vidal, conde de Plasencia, \u00c1lamo, L\u00f3pez Cano, marqu\u00e9s del \u00c1guila Real y Mart\u00ednez del Rinc\u00f3n\u201d<\/em>.<\/p>\n\n\n\n<figure class=\"wp-block-image size-full\"><img loading=\"lazy\" decoding=\"async\" width=\"800\" height=\"533\" src=\"https:\/\/www.alzola.com\/wp-content\/uploads\/2024\/01\/Conde-de-Penalver-y-Fernandez-de-Cordoba.jpg\" alt=\"\" class=\"wp-image-54839\" srcset=\"https:\/\/www.alzola.com\/wp-content\/uploads\/2024\/01\/Conde-de-Penalver-y-Fernandez-de-Cordoba.jpg 800w, https:\/\/www.alzola.com\/wp-content\/uploads\/2024\/01\/Conde-de-Penalver-y-Fernandez-de-Cordoba-300x200.jpg 300w, https:\/\/www.alzola.com\/wp-content\/uploads\/2024\/01\/Conde-de-Penalver-y-Fernandez-de-Cordoba-768x512.jpg 768w, https:\/\/www.alzola.com\/wp-content\/uploads\/2024\/01\/Conde-de-Penalver-y-Fernandez-de-Cordoba-678x452.jpg 678w, https:\/\/www.alzola.com\/wp-content\/uploads\/2024\/01\/Conde-de-Penalver-y-Fernandez-de-Cordoba-84x56.jpg 84w, https:\/\/www.alzola.com\/wp-content\/uploads\/2024\/01\/Conde-de-Penalver-y-Fernandez-de-Cordoba-200x133.jpg 200w, https:\/\/www.alzola.com\/wp-content\/uploads\/2024\/01\/Conde-de-Penalver-y-Fernandez-de-Cordoba-450x300.jpg 450w\" sizes=\"auto, (max-width: 800px) 100vw, 800px\" \/><figcaption class=\"wp-element-caption\">El conde de Pe\u00f1alver y Fern\u00e1ndez de C\u00f3rdoba, estuvieron en el balneario de Alzola, tal y como recoge esta cr\u00f3nica<\/figcaption><\/figure>\n\n\n\n<p><em>\u201cEste distinguido pintor sali\u00f3 anteayer precipitadamente para M\u00e1laga, de donde hab\u00eda recibido tristes noticias sobre la salud de uno de sus hijos. El se\u00f1or Lorenzana ha marchado hace dos d\u00edas a Arcachon, seg\u00fan creo, <strong>sin hallar grande alivio en la pertinaz dolencia que le mortifica<\/strong>. Ha hecho aqu\u00ed una vida muy retirada y mantiene su apartamiento de la pol\u00edtica hasta absteni\u00e9ndose de tomar parte en las conversaciones sobre los negocios del pa\u00eds que los ba\u00f1istas suscitan a veces con \u00e1nimo de distraer la tranquila ociosidad de las estaciones veraniegas.\u201d<\/em><\/p>\n\n\n\n<figure class=\"wp-block-image size-full\"><img loading=\"lazy\" decoding=\"async\" width=\"800\" height=\"533\" src=\"https:\/\/www.alzola.com\/wp-content\/uploads\/2024\/01\/Lorenzana-y-Grilo.jpg\" alt=\"\" class=\"wp-image-54840\" srcset=\"https:\/\/www.alzola.com\/wp-content\/uploads\/2024\/01\/Lorenzana-y-Grilo.jpg 800w, https:\/\/www.alzola.com\/wp-content\/uploads\/2024\/01\/Lorenzana-y-Grilo-300x200.jpg 300w, https:\/\/www.alzola.com\/wp-content\/uploads\/2024\/01\/Lorenzana-y-Grilo-768x512.jpg 768w, https:\/\/www.alzola.com\/wp-content\/uploads\/2024\/01\/Lorenzana-y-Grilo-678x452.jpg 678w, https:\/\/www.alzola.com\/wp-content\/uploads\/2024\/01\/Lorenzana-y-Grilo-84x56.jpg 84w, https:\/\/www.alzola.com\/wp-content\/uploads\/2024\/01\/Lorenzana-y-Grilo-200x133.jpg 200w, https:\/\/www.alzola.com\/wp-content\/uploads\/2024\/01\/Lorenzana-y-Grilo-450x300.jpg 450w\" sizes=\"auto, (max-width: 800px) 100vw, 800px\" \/><figcaption class=\"wp-element-caption\">Juan \u00c1lvarez de Lorenzana y Antonio Fern\u00e1ndez Grilo, estuvieron en el balneario de Alzola, tal y como recoge esta cr\u00f3nica<\/figcaption><\/figure>\n\n\n\n<p><em>\u201cA pesar de que han marchado tantos, a\u00fan queda aqu\u00ed una colonia numerosa y distinguida, de la cual forman parte la familia del se\u00f1or Zoza de Zaragoza, la de D. Fernando S\u00e1nchez, la del se\u00f1or Bourgon, D. Pascual Longoria, las se\u00f1oras viudas de Milans y la Rigada, la de Gonz\u00e1lez Serrano y su hija la viuda de Pacheco, D. Manuel Berzosa, el se\u00f1or Moreno Qu\u00e9gles (D. Manuel), D. Prudencio \u00c1lvarez y su sobrina, los se\u00f1ores Grotta, Monmeneu, Amisola, Manzanero, de\u00e1n de Salamanca, Elipe, Pe\u00f1a, Badillo, Moraza (D. Daniel), Gimeno, el magistrado del Supremo se\u00f1or Vi\u00f1as y los se\u00f1ores Puente y Falc\u00f3n, Luna, Hidalgo, Morales Bell, P\u00e9rez San Juan, Mata, Salazar, G\u00f3rgolas, Ruiz Bucesta, Aman, S\u00e1nchez Gumez, Maldonado y el poeta Grilo, que ha llegado hoy.\u201d<\/em><\/p>\n\n\n\n<figure class=\"wp-block-image size-full is-resized\"><img loading=\"lazy\" decoding=\"async\" width=\"800\" height=\"404\" src=\"https:\/\/www.alzola.com\/wp-content\/uploads\/2024\/01\/Fonda-de-Irazu.-Anuncio-La-Epoca-Madrid.-1849.-22-06-1884-1.jpg\" alt=\"\" class=\"wp-image-54845\" style=\"width:1170px;height:auto\" srcset=\"https:\/\/www.alzola.com\/wp-content\/uploads\/2024\/01\/Fonda-de-Irazu.-Anuncio-La-Epoca-Madrid.-1849.-22-06-1884-1.jpg 800w, https:\/\/www.alzola.com\/wp-content\/uploads\/2024\/01\/Fonda-de-Irazu.-Anuncio-La-Epoca-Madrid.-1849.-22-06-1884-1-300x152.jpg 300w, https:\/\/www.alzola.com\/wp-content\/uploads\/2024\/01\/Fonda-de-Irazu.-Anuncio-La-Epoca-Madrid.-1849.-22-06-1884-1-768x388.jpg 768w, https:\/\/www.alzola.com\/wp-content\/uploads\/2024\/01\/Fonda-de-Irazu.-Anuncio-La-Epoca-Madrid.-1849.-22-06-1884-1-678x342.jpg 678w, https:\/\/www.alzola.com\/wp-content\/uploads\/2024\/01\/Fonda-de-Irazu.-Anuncio-La-Epoca-Madrid.-1849.-22-06-1884-1-84x42.jpg 84w, https:\/\/www.alzola.com\/wp-content\/uploads\/2024\/01\/Fonda-de-Irazu.-Anuncio-La-Epoca-Madrid.-1849.-22-06-1884-1-200x101.jpg 200w, https:\/\/www.alzola.com\/wp-content\/uploads\/2024\/01\/Fonda-de-Irazu.-Anuncio-La-Epoca-Madrid.-1849.-22-06-1884-1-450x227.jpg 450w\" sizes=\"auto, (max-width: 800px) 100vw, 800px\" \/><figcaption class=\"wp-element-caption\">Anuncio de la fonda de Irazu publicado en \u201cLa \u00c9poca\u201d (22-06-1884)<\/figcaption><\/figure>\n\n\n\n<p><em>\u201cLa vida que aqu\u00ed hacemos es la que ya conocen los lectores de EL LIBERAL, por lo que les he dicho otros a\u00f1os; <strong>una vida regalada y tranquila<\/strong>, en que no abundan las diversiones ni los accidentes. <strong>Se bebe mucha agua mineral, se come bien, se pasea bastante, se hace m\u00fasica y se baila en el sal\u00f3n de la fonda del establecimiento<\/strong> y en el de la fonda de Irazu, <strong>se encomia la virtud del manantial<\/strong>, <strong>se pondera y aplaude el celo y la inteligencia del m\u00e9dico director<\/strong> y se proyectan excursiones a los puntos inmediatos del interior o de la costa.\u201d<\/em><\/p>\n\n\n\n<figure class=\"wp-block-image size-full\"><img loading=\"lazy\" decoding=\"async\" width=\"800\" height=\"551\" src=\"https:\/\/www.alzola.com\/wp-content\/uploads\/2024\/01\/El-Rio-Deba-cerca-de-Elgoibar.-Litografia-de-Pedro-Perez-de-Castro-1857.jpg\" alt=\"\" class=\"wp-image-54846\" srcset=\"https:\/\/www.alzola.com\/wp-content\/uploads\/2024\/01\/El-Rio-Deba-cerca-de-Elgoibar.-Litografia-de-Pedro-Perez-de-Castro-1857.jpg 800w, https:\/\/www.alzola.com\/wp-content\/uploads\/2024\/01\/El-Rio-Deba-cerca-de-Elgoibar.-Litografia-de-Pedro-Perez-de-Castro-1857-300x207.jpg 300w, https:\/\/www.alzola.com\/wp-content\/uploads\/2024\/01\/El-Rio-Deba-cerca-de-Elgoibar.-Litografia-de-Pedro-Perez-de-Castro-1857-768x529.jpg 768w, https:\/\/www.alzola.com\/wp-content\/uploads\/2024\/01\/El-Rio-Deba-cerca-de-Elgoibar.-Litografia-de-Pedro-Perez-de-Castro-1857-678x467.jpg 678w, https:\/\/www.alzola.com\/wp-content\/uploads\/2024\/01\/El-Rio-Deba-cerca-de-Elgoibar.-Litografia-de-Pedro-Perez-de-Castro-1857-84x58.jpg 84w, https:\/\/www.alzola.com\/wp-content\/uploads\/2024\/01\/El-Rio-Deba-cerca-de-Elgoibar.-Litografia-de-Pedro-Perez-de-Castro-1857-200x138.jpg 200w, https:\/\/www.alzola.com\/wp-content\/uploads\/2024\/01\/El-Rio-Deba-cerca-de-Elgoibar.-Litografia-de-Pedro-Perez-de-Castro-1857-450x310.jpg 450w\" sizes=\"auto, (max-width: 800px) 100vw, 800px\" \/><figcaption class=\"wp-element-caption\">\u201cEl Rio Deba, cerca de Elgoibar\u201d. Litograf\u00eda de Pedro P\u00e9rez de Castro (1857)<\/figcaption><\/figure>\n\n\n\n<p><em>\u201cDentro de poco tiempo esas excursiones ser\u00e1n m\u00e1s f\u00e1ciles y habr\u00e1n aumentado <strong>los encantos que ofrece este bello pa\u00eds<\/strong>, con la construcci\u00f3n de una nueva l\u00ednea f\u00e9rrea, la de Vitoria a Deva y a San Sebasti\u00e1n. Esa l\u00ednea pasar\u00e1 por Escoriaza, Arechavaleta, Otalora, Mondrag\u00f3n, Vergara, Plasencia, Elgoibar, Alzola y Mendaro; desde Deva seguir\u00e1 la costa hasta llegar a la capital de Guip\u00fazcoa. Ya est\u00e1 hecho el trazado y dentro de muy poco tiempo comenzar\u00e1n los trabajos. En <strong>nuestros paseos por los alrededores de Alzola hemos visto hincadas en el suelo las estacas que se\u00f1alan el futuro rumbo de la v\u00eda<\/strong>. Pasar\u00e1 por las inmediaciones de la fonda del establecimiento y se detendr\u00e1 a corta distancia de ella en un punto del camino de Alzola a Mendaro donde se ha de establecer la estaci\u00f3n correspondiente al primero de dichos puntos.\u201d<\/em><\/p>\n\n\n\n<p>Si quieres saber qu\u00e9 supuso la construcci\u00f3n de <a href=\"https:\/\/www.alzola.com\/es\/la-estacion-de-ferrocarril-de-alzola\/\" target=\"_blank\" rel=\"noreferrer noopener\">la Estaci\u00f3n de Ferrocarril de Alzola, puedes seguir leyendo en el siguiente enlace<\/a>. <\/p>\n","protected":false},"excerpt":{"rendered":"<p>La presencia de figuras famosas en las casas de ba\u00f1os llev\u00f3 a la creaci\u00f3n de la figura del corresponsal de balneario. Esta es la cr\u00f3nica publicada en \u00abEl Liberal\u00bb el 12 de agosto de 1882 sobre el Balneario de Alzola.<\/p>\n","protected":false},"author":2,"featured_media":54838,"comment_status":"closed","ping_status":"open","sticky":false,"template":"","format":"standard","meta":{"om_disable_all_campaigns":false,"_monsterinsights_skip_tracking":false,"_monsterinsights_sitenote_active":false,"_monsterinsights_sitenote_note":"","_monsterinsights_sitenote_category":0,"footnotes":""},"categories":[49],"tags":[215,530,529,528],"class_list":["post-54837","post","type-post","status-publish","format-standard","has-post-thumbnail","hentry","category-balneario-de-alzola","tag-balneario-de-alzola","tag-banistas","tag-siglo-xix","tag-sociedad"],"yoast_head":"<!-- This site is optimized with the Yoast SEO plugin v27.5 - https:\/\/yoast.com\/product\/yoast-seo-wordpress\/ -->\n<title>Un corresponsal de balneario en Alzola: Cr\u00f3nica del verano de 1882 - Alzola Basque Water<\/title>\n<meta name=\"description\" content=\"La presencia de figuras famosas en las casas de ba\u00f1os llev\u00f3 a la creaci\u00f3n de la figura del corresponsal de balneario. Esta es la cr\u00f3nica publicada en &quot;El Liberal&quot; el 12 de agosto de 1882 sobre el Balneario de Alzola.\" \/>\n<meta name=\"robots\" content=\"index, follow, max-snippet:-1, max-image-preview:large, max-video-preview:-1\" \/>\n<link rel=\"canonical\" href=\"https:\/\/www.alzola.com\/es\/un-corresponsal-de-balneario-en-alzola-cronica-del-verano-de-1882\/\" \/>\n<meta property=\"og:locale\" content=\"es_ES\" \/>\n<meta property=\"og:type\" content=\"article\" \/>\n<meta property=\"og:title\" content=\"Un corresponsal de balneario en Alzola: Cr\u00f3nica del verano de 1882 - Alzola Basque Water\" \/>\n<meta property=\"og:description\" content=\"La presencia de figuras famosas en las casas de ba\u00f1os llev\u00f3 a la creaci\u00f3n de la figura del corresponsal de balneario. Esta es la cr\u00f3nica publicada en &quot;El Liberal&quot; el 12 de agosto de 1882 sobre el Balneario de Alzola.\" \/>\n<meta property=\"og:url\" content=\"https:\/\/www.alzola.com\/es\/un-corresponsal-de-balneario-en-alzola-cronica-del-verano-de-1882\/\" \/>\n<meta property=\"og:site_name\" content=\"Alzola Basque Water\" \/>\n<meta property=\"article:publisher\" content=\"https:\/\/www.facebook.com\/alzolabasquewater\/\" \/>\n<meta property=\"article:author\" content=\"www.facebook.com\/AlzolaBasqueWater\" \/>\n<meta property=\"article:published_time\" content=\"2024-01-17T09:45:02+00:00\" \/>\n<meta property=\"article:modified_time\" content=\"2025-12-15T13:09:53+00:00\" \/>\n<meta property=\"og:image\" content=\"https:\/\/www.alzola.com\/wp-content\/uploads\/2024\/01\/Banos-termales-de-Altzola.-Pedro-Perez-de-Castro-1857.jpg\" \/>\n\t<meta property=\"og:image:width\" content=\"800\" \/>\n\t<meta property=\"og:image:height\" content=\"569\" \/>\n\t<meta property=\"og:image:type\" content=\"image\/jpeg\" \/>\n<meta name=\"author\" content=\"Alzola Basque Water\" \/>\n<meta name=\"twitter:card\" content=\"summary_large_image\" \/>\n<meta name=\"twitter:creator\" content=\"@basquewater\" \/>\n<meta name=\"twitter:site\" content=\"@BasqueWater\" \/>\n<meta name=\"twitter:label1\" content=\"Escrito por\" \/>\n\t<meta name=\"twitter:data1\" content=\"Alzola Basque Water\" \/>\n\t<meta name=\"twitter:label2\" content=\"Tiempo de lectura\" \/>\n\t<meta name=\"twitter:data2\" content=\"7 minutos\" \/>\n<script type=\"application\/ld+json\" class=\"yoast-schema-graph\">{\"@context\":\"https:\\\/\\\/schema.org\",\"@graph\":[{\"@type\":\"Article\",\"@id\":\"https:\\\/\\\/www.alzola.com\\\/es\\\/un-corresponsal-de-balneario-en-alzola-cronica-del-verano-de-1882\\\/#article\",\"isPartOf\":{\"@id\":\"https:\\\/\\\/www.alzola.com\\\/es\\\/un-corresponsal-de-balneario-en-alzola-cronica-del-verano-de-1882\\\/\"},\"author\":{\"name\":\"Alzola Basque Water\",\"@id\":\"https:\\\/\\\/www.alzola.com\\\/es\\\/#\\\/schema\\\/person\\\/67ba21fcc68e23f591865e5457edc378\"},\"headline\":\"Un corresponsal de balneario en Alzola: Cr\u00f3nica del verano de 1882\",\"datePublished\":\"2024-01-17T09:45:02+00:00\",\"dateModified\":\"2025-12-15T13:09:53+00:00\",\"mainEntityOfPage\":{\"@id\":\"https:\\\/\\\/www.alzola.com\\\/es\\\/un-corresponsal-de-balneario-en-alzola-cronica-del-verano-de-1882\\\/\"},\"wordCount\":1196,\"publisher\":{\"@id\":\"https:\\\/\\\/www.alzola.com\\\/es\\\/#organization\"},\"image\":{\"@id\":\"https:\\\/\\\/www.alzola.com\\\/es\\\/un-corresponsal-de-balneario-en-alzola-cronica-del-verano-de-1882\\\/#primaryimage\"},\"thumbnailUrl\":\"https:\\\/\\\/www.alzola.com\\\/wp-content\\\/uploads\\\/2024\\\/01\\\/Banos-termales-de-Altzola.-Pedro-Perez-de-Castro-1857.jpg\",\"keywords\":[\"Balneario de Alzola\",\"ba\u00f1istas\",\"siglo XIX\",\"sociedad\"],\"articleSection\":[\"Balneario de Alzola\"],\"inLanguage\":\"es\"},{\"@type\":\"WebPage\",\"@id\":\"https:\\\/\\\/www.alzola.com\\\/es\\\/un-corresponsal-de-balneario-en-alzola-cronica-del-verano-de-1882\\\/\",\"url\":\"https:\\\/\\\/www.alzola.com\\\/es\\\/un-corresponsal-de-balneario-en-alzola-cronica-del-verano-de-1882\\\/\",\"name\":\"Un corresponsal de balneario en Alzola: Cr\u00f3nica del verano de 1882 - Alzola Basque Water\",\"isPartOf\":{\"@id\":\"https:\\\/\\\/www.alzola.com\\\/es\\\/#website\"},\"primaryImageOfPage\":{\"@id\":\"https:\\\/\\\/www.alzola.com\\\/es\\\/un-corresponsal-de-balneario-en-alzola-cronica-del-verano-de-1882\\\/#primaryimage\"},\"image\":{\"@id\":\"https:\\\/\\\/www.alzola.com\\\/es\\\/un-corresponsal-de-balneario-en-alzola-cronica-del-verano-de-1882\\\/#primaryimage\"},\"thumbnailUrl\":\"https:\\\/\\\/www.alzola.com\\\/wp-content\\\/uploads\\\/2024\\\/01\\\/Banos-termales-de-Altzola.-Pedro-Perez-de-Castro-1857.jpg\",\"datePublished\":\"2024-01-17T09:45:02+00:00\",\"dateModified\":\"2025-12-15T13:09:53+00:00\",\"description\":\"La presencia de figuras famosas en las casas de ba\u00f1os llev\u00f3 a la creaci\u00f3n de la figura del corresponsal de balneario. Esta es la cr\u00f3nica publicada en \\\"El Liberal\\\" el 12 de agosto de 1882 sobre el Balneario de Alzola.\",\"breadcrumb\":{\"@id\":\"https:\\\/\\\/www.alzola.com\\\/es\\\/un-corresponsal-de-balneario-en-alzola-cronica-del-verano-de-1882\\\/#breadcrumb\"},\"inLanguage\":\"es\",\"potentialAction\":[{\"@type\":\"ReadAction\",\"target\":[\"https:\\\/\\\/www.alzola.com\\\/es\\\/un-corresponsal-de-balneario-en-alzola-cronica-del-verano-de-1882\\\/\"]}]},{\"@type\":\"ImageObject\",\"inLanguage\":\"es\",\"@id\":\"https:\\\/\\\/www.alzola.com\\\/es\\\/un-corresponsal-de-balneario-en-alzola-cronica-del-verano-de-1882\\\/#primaryimage\",\"url\":\"https:\\\/\\\/www.alzola.com\\\/wp-content\\\/uploads\\\/2024\\\/01\\\/Banos-termales-de-Altzola.-Pedro-Perez-de-Castro-1857.jpg\",\"contentUrl\":\"https:\\\/\\\/www.alzola.com\\\/wp-content\\\/uploads\\\/2024\\\/01\\\/Banos-termales-de-Altzola.-Pedro-Perez-de-Castro-1857.jpg\",\"width\":800,\"height\":569},{\"@type\":\"BreadcrumbList\",\"@id\":\"https:\\\/\\\/www.alzola.com\\\/es\\\/un-corresponsal-de-balneario-en-alzola-cronica-del-verano-de-1882\\\/#breadcrumb\",\"itemListElement\":[{\"@type\":\"ListItem\",\"position\":1,\"name\":\"Portada\",\"item\":\"https:\\\/\\\/www.alzola.com\\\/es\\\/\"},{\"@type\":\"ListItem\",\"position\":2,\"name\":\"Un corresponsal de balneario en Alzola: Cr\u00f3nica del verano de 1882\"}]},{\"@type\":\"WebSite\",\"@id\":\"https:\\\/\\\/www.alzola.com\\\/es\\\/#website\",\"url\":\"https:\\\/\\\/www.alzola.com\\\/es\\\/\",\"name\":\"Alzola Basque Water\",\"description\":\"Agua Mineral Natural desde 1801\",\"publisher\":{\"@id\":\"https:\\\/\\\/www.alzola.com\\\/es\\\/#organization\"},\"potentialAction\":[{\"@type\":\"SearchAction\",\"target\":{\"@type\":\"EntryPoint\",\"urlTemplate\":\"https:\\\/\\\/www.alzola.com\\\/es\\\/?s={search_term_string}\"},\"query-input\":{\"@type\":\"PropertyValueSpecification\",\"valueRequired\":true,\"valueName\":\"search_term_string\"}}],\"inLanguage\":\"es\"},{\"@type\":\"Organization\",\"@id\":\"https:\\\/\\\/www.alzola.com\\\/es\\\/#organization\",\"name\":\"BalenzateguiSA - Alzola Basque Water\",\"url\":\"https:\\\/\\\/www.alzola.com\\\/es\\\/\",\"logo\":{\"@type\":\"ImageObject\",\"inLanguage\":\"es\",\"@id\":\"https:\\\/\\\/www.alzola.com\\\/es\\\/#\\\/schema\\\/logo\\\/image\\\/\",\"url\":\"https:\\\/\\\/www.alzola.com\\\/wp-content\\\/uploads\\\/2013\\\/09\\\/Logo-alzola-baja.png\",\"contentUrl\":\"https:\\\/\\\/www.alzola.com\\\/wp-content\\\/uploads\\\/2013\\\/09\\\/Logo-alzola-baja.png\",\"width\":892,\"height\":600,\"caption\":\"BalenzateguiSA - Alzola Basque Water\"},\"image\":{\"@id\":\"https:\\\/\\\/www.alzola.com\\\/es\\\/#\\\/schema\\\/logo\\\/image\\\/\"},\"sameAs\":[\"https:\\\/\\\/www.facebook.com\\\/alzolabasquewater\\\/\",\"https:\\\/\\\/x.com\\\/BasqueWater\",\"https:\\\/\\\/www.instagram.com\\\/basquewater\\\/\",\"https:\\\/\\\/www.linkedin.com\\\/company\\\/3155611\\\/\",\"https:\\\/\\\/es.pinterest.com\\\/basquewater\\\/\",\"https:\\\/\\\/www.youtube.com\\\/AlzolaBasqueWater\"]},{\"@type\":\"Person\",\"@id\":\"https:\\\/\\\/www.alzola.com\\\/es\\\/#\\\/schema\\\/person\\\/67ba21fcc68e23f591865e5457edc378\",\"name\":\"Alzola Basque Water\",\"image\":{\"@type\":\"ImageObject\",\"inLanguage\":\"es\",\"@id\":\"https:\\\/\\\/secure.gravatar.com\\\/avatar\\\/6c16b08ba125fac103c3b367e4bd71c56459032ae0395aef4da6ab3a913593ba?s=96&d=mm&r=g\",\"url\":\"https:\\\/\\\/secure.gravatar.com\\\/avatar\\\/6c16b08ba125fac103c3b367e4bd71c56459032ae0395aef4da6ab3a913593ba?s=96&d=mm&r=g\",\"contentUrl\":\"https:\\\/\\\/secure.gravatar.com\\\/avatar\\\/6c16b08ba125fac103c3b367e4bd71c56459032ae0395aef4da6ab3a913593ba?s=96&d=mm&r=g\",\"caption\":\"Alzola Basque Water\"},\"description\":\"Agua Mineral Natural declarada de Utilidad P\u00fablica en 1843.\",\"sameAs\":[\"https:\\\/\\\/www.alzola.com\",\"www.facebook.com\\\/AlzolaBasqueWater\",\"https:\\\/\\\/www.instagram.com\\\/basquewater\\\/\",\"https:\\\/\\\/x.com\\\/basquewater\"]}]}<\/script>\n<!-- \/ Yoast SEO plugin. -->","yoast_head_json":{"title":"Un corresponsal de balneario en Alzola: Cr\u00f3nica del verano de 1882 - Alzola Basque Water","description":"La presencia de figuras famosas en las casas de ba\u00f1os llev\u00f3 a la creaci\u00f3n de la figura del corresponsal de balneario. Esta es la cr\u00f3nica publicada en \"El Liberal\" el 12 de agosto de 1882 sobre el Balneario de Alzola.","robots":{"index":"index","follow":"follow","max-snippet":"max-snippet:-1","max-image-preview":"max-image-preview:large","max-video-preview":"max-video-preview:-1"},"canonical":"https:\/\/www.alzola.com\/es\/un-corresponsal-de-balneario-en-alzola-cronica-del-verano-de-1882\/","og_locale":"es_ES","og_type":"article","og_title":"Un corresponsal de balneario en Alzola: Cr\u00f3nica del verano de 1882 - Alzola Basque Water","og_description":"La presencia de figuras famosas en las casas de ba\u00f1os llev\u00f3 a la creaci\u00f3n de la figura del corresponsal de balneario. Esta es la cr\u00f3nica publicada en \"El Liberal\" el 12 de agosto de 1882 sobre el Balneario de Alzola.","og_url":"https:\/\/www.alzola.com\/es\/un-corresponsal-de-balneario-en-alzola-cronica-del-verano-de-1882\/","og_site_name":"Alzola Basque Water","article_publisher":"https:\/\/www.facebook.com\/alzolabasquewater\/","article_author":"www.facebook.com\/AlzolaBasqueWater","article_published_time":"2024-01-17T09:45:02+00:00","article_modified_time":"2025-12-15T13:09:53+00:00","og_image":[{"width":800,"height":569,"url":"https:\/\/www.alzola.com\/wp-content\/uploads\/2024\/01\/Banos-termales-de-Altzola.-Pedro-Perez-de-Castro-1857.jpg","type":"image\/jpeg"}],"author":"Alzola Basque Water","twitter_card":"summary_large_image","twitter_creator":"@basquewater","twitter_site":"@BasqueWater","twitter_misc":{"Escrito por":"Alzola Basque Water","Tiempo de lectura":"7 minutos"},"schema":{"@context":"https:\/\/schema.org","@graph":[{"@type":"Article","@id":"https:\/\/www.alzola.com\/es\/un-corresponsal-de-balneario-en-alzola-cronica-del-verano-de-1882\/#article","isPartOf":{"@id":"https:\/\/www.alzola.com\/es\/un-corresponsal-de-balneario-en-alzola-cronica-del-verano-de-1882\/"},"author":{"name":"Alzola Basque Water","@id":"https:\/\/www.alzola.com\/es\/#\/schema\/person\/67ba21fcc68e23f591865e5457edc378"},"headline":"Un corresponsal de balneario en Alzola: Cr\u00f3nica del verano de 1882","datePublished":"2024-01-17T09:45:02+00:00","dateModified":"2025-12-15T13:09:53+00:00","mainEntityOfPage":{"@id":"https:\/\/www.alzola.com\/es\/un-corresponsal-de-balneario-en-alzola-cronica-del-verano-de-1882\/"},"wordCount":1196,"publisher":{"@id":"https:\/\/www.alzola.com\/es\/#organization"},"image":{"@id":"https:\/\/www.alzola.com\/es\/un-corresponsal-de-balneario-en-alzola-cronica-del-verano-de-1882\/#primaryimage"},"thumbnailUrl":"https:\/\/www.alzola.com\/wp-content\/uploads\/2024\/01\/Banos-termales-de-Altzola.-Pedro-Perez-de-Castro-1857.jpg","keywords":["Balneario de Alzola","ba\u00f1istas","siglo XIX","sociedad"],"articleSection":["Balneario de Alzola"],"inLanguage":"es"},{"@type":"WebPage","@id":"https:\/\/www.alzola.com\/es\/un-corresponsal-de-balneario-en-alzola-cronica-del-verano-de-1882\/","url":"https:\/\/www.alzola.com\/es\/un-corresponsal-de-balneario-en-alzola-cronica-del-verano-de-1882\/","name":"Un corresponsal de balneario en Alzola: Cr\u00f3nica del verano de 1882 - Alzola Basque Water","isPartOf":{"@id":"https:\/\/www.alzola.com\/es\/#website"},"primaryImageOfPage":{"@id":"https:\/\/www.alzola.com\/es\/un-corresponsal-de-balneario-en-alzola-cronica-del-verano-de-1882\/#primaryimage"},"image":{"@id":"https:\/\/www.alzola.com\/es\/un-corresponsal-de-balneario-en-alzola-cronica-del-verano-de-1882\/#primaryimage"},"thumbnailUrl":"https:\/\/www.alzola.com\/wp-content\/uploads\/2024\/01\/Banos-termales-de-Altzola.-Pedro-Perez-de-Castro-1857.jpg","datePublished":"2024-01-17T09:45:02+00:00","dateModified":"2025-12-15T13:09:53+00:00","description":"La presencia de figuras famosas en las casas de ba\u00f1os llev\u00f3 a la creaci\u00f3n de la figura del corresponsal de balneario. Esta es la cr\u00f3nica publicada en \"El Liberal\" el 12 de agosto de 1882 sobre el Balneario de Alzola.","breadcrumb":{"@id":"https:\/\/www.alzola.com\/es\/un-corresponsal-de-balneario-en-alzola-cronica-del-verano-de-1882\/#breadcrumb"},"inLanguage":"es","potentialAction":[{"@type":"ReadAction","target":["https:\/\/www.alzola.com\/es\/un-corresponsal-de-balneario-en-alzola-cronica-del-verano-de-1882\/"]}]},{"@type":"ImageObject","inLanguage":"es","@id":"https:\/\/www.alzola.com\/es\/un-corresponsal-de-balneario-en-alzola-cronica-del-verano-de-1882\/#primaryimage","url":"https:\/\/www.alzola.com\/wp-content\/uploads\/2024\/01\/Banos-termales-de-Altzola.-Pedro-Perez-de-Castro-1857.jpg","contentUrl":"https:\/\/www.alzola.com\/wp-content\/uploads\/2024\/01\/Banos-termales-de-Altzola.-Pedro-Perez-de-Castro-1857.jpg","width":800,"height":569},{"@type":"BreadcrumbList","@id":"https:\/\/www.alzola.com\/es\/un-corresponsal-de-balneario-en-alzola-cronica-del-verano-de-1882\/#breadcrumb","itemListElement":[{"@type":"ListItem","position":1,"name":"Portada","item":"https:\/\/www.alzola.com\/es\/"},{"@type":"ListItem","position":2,"name":"Un corresponsal de balneario en Alzola: Cr\u00f3nica del verano de 1882"}]},{"@type":"WebSite","@id":"https:\/\/www.alzola.com\/es\/#website","url":"https:\/\/www.alzola.com\/es\/","name":"Alzola Basque Water","description":"Agua Mineral Natural desde 1801","publisher":{"@id":"https:\/\/www.alzola.com\/es\/#organization"},"potentialAction":[{"@type":"SearchAction","target":{"@type":"EntryPoint","urlTemplate":"https:\/\/www.alzola.com\/es\/?s={search_term_string}"},"query-input":{"@type":"PropertyValueSpecification","valueRequired":true,"valueName":"search_term_string"}}],"inLanguage":"es"},{"@type":"Organization","@id":"https:\/\/www.alzola.com\/es\/#organization","name":"BalenzateguiSA - Alzola Basque Water","url":"https:\/\/www.alzola.com\/es\/","logo":{"@type":"ImageObject","inLanguage":"es","@id":"https:\/\/www.alzola.com\/es\/#\/schema\/logo\/image\/","url":"https:\/\/www.alzola.com\/wp-content\/uploads\/2013\/09\/Logo-alzola-baja.png","contentUrl":"https:\/\/www.alzola.com\/wp-content\/uploads\/2013\/09\/Logo-alzola-baja.png","width":892,"height":600,"caption":"BalenzateguiSA - Alzola Basque Water"},"image":{"@id":"https:\/\/www.alzola.com\/es\/#\/schema\/logo\/image\/"},"sameAs":["https:\/\/www.facebook.com\/alzolabasquewater\/","https:\/\/x.com\/BasqueWater","https:\/\/www.instagram.com\/basquewater\/","https:\/\/www.linkedin.com\/company\/3155611\/","https:\/\/es.pinterest.com\/basquewater\/","https:\/\/www.youtube.com\/AlzolaBasqueWater"]},{"@type":"Person","@id":"https:\/\/www.alzola.com\/es\/#\/schema\/person\/67ba21fcc68e23f591865e5457edc378","name":"Alzola Basque Water","image":{"@type":"ImageObject","inLanguage":"es","@id":"https:\/\/secure.gravatar.com\/avatar\/6c16b08ba125fac103c3b367e4bd71c56459032ae0395aef4da6ab3a913593ba?s=96&d=mm&r=g","url":"https:\/\/secure.gravatar.com\/avatar\/6c16b08ba125fac103c3b367e4bd71c56459032ae0395aef4da6ab3a913593ba?s=96&d=mm&r=g","contentUrl":"https:\/\/secure.gravatar.com\/avatar\/6c16b08ba125fac103c3b367e4bd71c56459032ae0395aef4da6ab3a913593ba?s=96&d=mm&r=g","caption":"Alzola Basque Water"},"description":"Agua Mineral Natural declarada de Utilidad P\u00fablica en 1843.","sameAs":["https:\/\/www.alzola.com","www.facebook.com\/AlzolaBasqueWater","https:\/\/www.instagram.com\/basquewater\/","https:\/\/x.com\/basquewater"]}]}},"_links":{"self":[{"href":"https:\/\/www.alzola.com\/es\/wp-json\/wp\/v2\/posts\/54837","targetHints":{"allow":["GET"]}}],"collection":[{"href":"https:\/\/www.alzola.com\/es\/wp-json\/wp\/v2\/posts"}],"about":[{"href":"https:\/\/www.alzola.com\/es\/wp-json\/wp\/v2\/types\/post"}],"author":[{"embeddable":true,"href":"https:\/\/www.alzola.com\/es\/wp-json\/wp\/v2\/users\/2"}],"replies":[{"embeddable":true,"href":"https:\/\/www.alzola.com\/es\/wp-json\/wp\/v2\/comments?post=54837"}],"version-history":[{"count":6,"href":"https:\/\/www.alzola.com\/es\/wp-json\/wp\/v2\/posts\/54837\/revisions"}],"predecessor-version":[{"id":54852,"href":"https:\/\/www.alzola.com\/es\/wp-json\/wp\/v2\/posts\/54837\/revisions\/54852"}],"wp:featuredmedia":[{"embeddable":true,"href":"https:\/\/www.alzola.com\/es\/wp-json\/wp\/v2\/media\/54838"}],"wp:attachment":[{"href":"https:\/\/www.alzola.com\/es\/wp-json\/wp\/v2\/media?parent=54837"}],"wp:term":[{"taxonomy":"category","embeddable":true,"href":"https:\/\/www.alzola.com\/es\/wp-json\/wp\/v2\/categories?post=54837"},{"taxonomy":"post_tag","embeddable":true,"href":"https:\/\/www.alzola.com\/es\/wp-json\/wp\/v2\/tags?post=54837"}],"curies":[{"name":"wp","href":"https:\/\/api.w.org\/{rel}","templated":true}]}}