{"id":54762,"date":"2023-10-03T22:05:27","date_gmt":"2023-10-03T21:05:27","guid":{"rendered":"https:\/\/www.alzola.com\/?p=54762"},"modified":"2023-10-03T22:05:28","modified_gmt":"2023-10-03T21:05:28","slug":"alzola-en-la-exposicion-universal-de-paris-de-1900","status":"publish","type":"post","link":"https:\/\/www.alzola.com\/es\/alzola-en-la-exposicion-universal-de-paris-de-1900\/","title":{"rendered":"Alzola en la Exposici\u00f3n Universal de Par\u00eds de 1900"},"content":{"rendered":"\n<figure class=\"wp-block-image size-full\"><img loading=\"lazy\" decoding=\"async\" width=\"854\" height=\"508\" src=\"https:\/\/www.alzola.com\/wp-content\/uploads\/2023\/10\/Worlds-Fair-Exposition-Universelle-Paris-1900.jpg\" alt=\"El Petit Palais y el Grand Palais en la Exposici\u00f3n Universal de Par\u00eds de 1900\" class=\"wp-image-54763\" srcset=\"https:\/\/www.alzola.com\/wp-content\/uploads\/2023\/10\/Worlds-Fair-Exposition-Universelle-Paris-1900.jpg 854w, https:\/\/www.alzola.com\/wp-content\/uploads\/2023\/10\/Worlds-Fair-Exposition-Universelle-Paris-1900-300x178.jpg 300w, https:\/\/www.alzola.com\/wp-content\/uploads\/2023\/10\/Worlds-Fair-Exposition-Universelle-Paris-1900-768x457.jpg 768w, https:\/\/www.alzola.com\/wp-content\/uploads\/2023\/10\/Worlds-Fair-Exposition-Universelle-Paris-1900-678x403.jpg 678w, https:\/\/www.alzola.com\/wp-content\/uploads\/2023\/10\/Worlds-Fair-Exposition-Universelle-Paris-1900-84x50.jpg 84w, https:\/\/www.alzola.com\/wp-content\/uploads\/2023\/10\/Worlds-Fair-Exposition-Universelle-Paris-1900-200x119.jpg 200w, https:\/\/www.alzola.com\/wp-content\/uploads\/2023\/10\/Worlds-Fair-Exposition-Universelle-Paris-1900-450x268.jpg 450w\" sizes=\"auto, (max-width: 854px) 100vw, 854px\" \/><figcaption class=\"wp-element-caption\">El Petit Palais y el Grand Palais en la Exposici\u00f3n Universal de Par\u00eds de 1900<\/figcaption><\/figure>\n\n\n\n<p>La <strong>Exposici\u00f3n Universal de Par\u00eds de 1900<\/strong> fue un evento excepcional que atrajo a 51 millones de visitantes a las orillas del r\u00edo Sena, entre el 14 de abril y el 12 de noviembre de 1900. Francia ten\u00eda la intenci\u00f3n de <strong>\u00abdeslumbrar a las naciones\u00bb<\/strong> al presentar cientos de edificios de diversos estilos arquitect\u00f3nicos. Durante este evento, se inauguraron estructuras ic\u00f3nicas como el Petit Palais y el Grand Palais, destinados a convertirse en elementos permanentes del paisaje parisino.<\/p>\n\n\n\n<figure class=\"wp-block-image size-full\"><img loading=\"lazy\" decoding=\"async\" width=\"1000\" height=\"655\" src=\"https:\/\/www.alzola.com\/wp-content\/uploads\/2023\/10\/Perspective-sur-la-Seine-vue-prise-du-pont-Alexandre-III.jpg\" alt=\"Perspectiva del Sena, vista tomada desde el puente Alejandro III\" class=\"wp-image-54764\" srcset=\"https:\/\/www.alzola.com\/wp-content\/uploads\/2023\/10\/Perspective-sur-la-Seine-vue-prise-du-pont-Alexandre-III.jpg 1000w, https:\/\/www.alzola.com\/wp-content\/uploads\/2023\/10\/Perspective-sur-la-Seine-vue-prise-du-pont-Alexandre-III-300x197.jpg 300w, https:\/\/www.alzola.com\/wp-content\/uploads\/2023\/10\/Perspective-sur-la-Seine-vue-prise-du-pont-Alexandre-III-768x503.jpg 768w, https:\/\/www.alzola.com\/wp-content\/uploads\/2023\/10\/Perspective-sur-la-Seine-vue-prise-du-pont-Alexandre-III-678x444.jpg 678w, https:\/\/www.alzola.com\/wp-content\/uploads\/2023\/10\/Perspective-sur-la-Seine-vue-prise-du-pont-Alexandre-III-84x55.jpg 84w, https:\/\/www.alzola.com\/wp-content\/uploads\/2023\/10\/Perspective-sur-la-Seine-vue-prise-du-pont-Alexandre-III-200x131.jpg 200w, https:\/\/www.alzola.com\/wp-content\/uploads\/2023\/10\/Perspective-sur-la-Seine-vue-prise-du-pont-Alexandre-III-450x295.jpg 450w\" sizes=\"auto, (max-width: 1000px) 100vw, 1000px\" \/><figcaption class=\"wp-element-caption\">Perspectiva del Sena, vista tomada desde el puente Alejandro III<\/figcaption><\/figure>\n\n\n\n<p>La exposici\u00f3n universal ten\u00eda m\u00faltiples objetivos pol\u00edticos, que inclu\u00edan mostrar las riquezas de su imperio colonial, fortalecer las relaciones franco-rusas (evidenciadas por la construcci\u00f3n del puente Alejandro III) y <strong>afirmar la excelencia tecnol\u00f3gica francesa<\/strong>, destacando el papel de Francia como cuna del cinemat\u00f3grafo.<\/p>\n\n\n\n<h3 class=\"wp-block-heading\"><strong>Los balnearios espa\u00f1oles en las Exposiciones Universales<\/strong><\/h3>\n\n\n\n<p>A medida que avanzaba el siglo XIX, <strong>los balnearios espa\u00f1oles m\u00e1s prestigiosos comenzaron a buscar reconocimiento a nivel europeo y americano<\/strong>. Para lograrlo, se sumaron a la creciente tendencia de <strong>participar en exposiciones internacionales<\/strong>, convencidos de que esto les brindar\u00eda publicidad directa y, al mismo tiempo, ventajas a largo plazo en t\u00e9rminos de prestigio y reconocimiento internacional.<\/p>\n\n\n\n<figure class=\"wp-block-image size-full\"><img loading=\"lazy\" decoding=\"async\" width=\"700\" height=\"467\" src=\"https:\/\/www.alzola.com\/wp-content\/uploads\/2023\/10\/Exposicion-Internacional-de-1862.-Cromwell-Road-Londres.-Fuente-de-mayolica.-Francis-Fowke-y-John-Thomas.jpeg\" alt=\"Exposici\u00f3n Internacional de 1862. Cromwell Road, Londres. Fuente de may\u00f3lica\" class=\"wp-image-54765\" srcset=\"https:\/\/www.alzola.com\/wp-content\/uploads\/2023\/10\/Exposicion-Internacional-de-1862.-Cromwell-Road-Londres.-Fuente-de-mayolica.-Francis-Fowke-y-John-Thomas.jpeg 700w, https:\/\/www.alzola.com\/wp-content\/uploads\/2023\/10\/Exposicion-Internacional-de-1862.-Cromwell-Road-Londres.-Fuente-de-mayolica.-Francis-Fowke-y-John-Thomas-300x200.jpeg 300w, https:\/\/www.alzola.com\/wp-content\/uploads\/2023\/10\/Exposicion-Internacional-de-1862.-Cromwell-Road-Londres.-Fuente-de-mayolica.-Francis-Fowke-y-John-Thomas-678x452.jpeg 678w, https:\/\/www.alzola.com\/wp-content\/uploads\/2023\/10\/Exposicion-Internacional-de-1862.-Cromwell-Road-Londres.-Fuente-de-mayolica.-Francis-Fowke-y-John-Thomas-84x56.jpeg 84w, https:\/\/www.alzola.com\/wp-content\/uploads\/2023\/10\/Exposicion-Internacional-de-1862.-Cromwell-Road-Londres.-Fuente-de-mayolica.-Francis-Fowke-y-John-Thomas-200x133.jpeg 200w, https:\/\/www.alzola.com\/wp-content\/uploads\/2023\/10\/Exposicion-Internacional-de-1862.-Cromwell-Road-Londres.-Fuente-de-mayolica.-Francis-Fowke-y-John-Thomas-450x300.jpeg 450w\" sizes=\"auto, (max-width: 700px) 100vw, 700px\" \/><figcaption class=\"wp-element-caption\">Exposici\u00f3n Internacional de 1862. Cromwell Road, Londres. Fuente de may\u00f3lica<\/figcaption><\/figure>\n\n\n\n<p>Los primeros pasos en esta direcci\u00f3n se hab\u00edan dado en la Exposici\u00f3n Internacional de Londres de 1862. En esa ocasi\u00f3n, solo <strong>un reducido n\u00famero de expositores espa\u00f1oles se presentaron<\/strong>. Sin embargo, esta participaci\u00f3n se repiti\u00f3 en exposiciones posteriores, como las de Par\u00eds en 1867, la Exposici\u00f3n Mundial de Viena en 1873 y la Exposici\u00f3n de Artes, Manufacturas y Productos del Suelo y Mina de Filadelfia en 1876.<\/p>\n\n\n\n<figure class=\"wp-block-image size-full\"><img loading=\"lazy\" decoding=\"async\" width=\"1000\" height=\"759\" src=\"https:\/\/www.alzola.com\/wp-content\/uploads\/2023\/10\/Exposicion-Universal-de-Paris-de-1878-Palacio-del-Trocadero.jpg\" alt=\"Exposici\u00f3n Universal de Par\u00eds de 1878. Pabell\u00f3n de Espa\u00f1a. Palacio del Trocadero\" class=\"wp-image-54766\" srcset=\"https:\/\/www.alzola.com\/wp-content\/uploads\/2023\/10\/Exposicion-Universal-de-Paris-de-1878-Palacio-del-Trocadero.jpg 1000w, https:\/\/www.alzola.com\/wp-content\/uploads\/2023\/10\/Exposicion-Universal-de-Paris-de-1878-Palacio-del-Trocadero-300x228.jpg 300w, https:\/\/www.alzola.com\/wp-content\/uploads\/2023\/10\/Exposicion-Universal-de-Paris-de-1878-Palacio-del-Trocadero-768x583.jpg 768w, https:\/\/www.alzola.com\/wp-content\/uploads\/2023\/10\/Exposicion-Universal-de-Paris-de-1878-Palacio-del-Trocadero-678x515.jpg 678w, https:\/\/www.alzola.com\/wp-content\/uploads\/2023\/10\/Exposicion-Universal-de-Paris-de-1878-Palacio-del-Trocadero-84x64.jpg 84w, https:\/\/www.alzola.com\/wp-content\/uploads\/2023\/10\/Exposicion-Universal-de-Paris-de-1878-Palacio-del-Trocadero-200x152.jpg 200w, https:\/\/www.alzola.com\/wp-content\/uploads\/2023\/10\/Exposicion-Universal-de-Paris-de-1878-Palacio-del-Trocadero-450x342.jpg 450w\" sizes=\"auto, (max-width: 1000px) 100vw, 1000px\" \/><figcaption class=\"wp-element-caption\">Exposici\u00f3n Universal de Par\u00eds de 1878. Pabell\u00f3n de Espa\u00f1a. Palacio del Trocadero<\/figcaption><\/figure>\n\n\n\n<p>Pero fue en la Exposici\u00f3n Universal de Par\u00eds de 1878 donde <strong>el gobierno espa\u00f1ol decidi\u00f3 estimular la participaci\u00f3n de las empresas con mayores recursos<\/strong>. A pesar de esto, los empresarios mostraron cierta reticencia debido al temor de que sus instalaciones balnearias, en general menos avanzadas en comparaci\u00f3n con las de Francia y Alemania, no estuvieran a la altura. Los m\u00e9dicos hidr\u00f3logos, sin embargo, propusieron un enfoque estrat\u00e9gico para preparar la exposici\u00f3n, que inclu\u00eda la creaci\u00f3n de maquetas, planos de los establecimientos, <strong>muestras de aguas minerales<\/strong> y la presentaci\u00f3n de estudios publicados.<\/p>\n\n\n\n<figure class=\"wp-block-image size-full\"><img loading=\"lazy\" decoding=\"async\" width=\"1000\" height=\"667\" src=\"https:\/\/www.alzola.com\/wp-content\/uploads\/2023\/10\/PARIS-EXPO-UNIVERSELLE-EXIBITION-PAVILLON-HYGIENE-ESPLANADE-INVALIDES-IMAGE-1889.jpg\" alt=\"Exposici\u00f3n Universal de Par\u00eds de 1889. Pabell\u00f3n de higiene. Esplanade Invalides\" class=\"wp-image-54767\" srcset=\"https:\/\/www.alzola.com\/wp-content\/uploads\/2023\/10\/PARIS-EXPO-UNIVERSELLE-EXIBITION-PAVILLON-HYGIENE-ESPLANADE-INVALIDES-IMAGE-1889.jpg 1000w, https:\/\/www.alzola.com\/wp-content\/uploads\/2023\/10\/PARIS-EXPO-UNIVERSELLE-EXIBITION-PAVILLON-HYGIENE-ESPLANADE-INVALIDES-IMAGE-1889-300x200.jpg 300w, https:\/\/www.alzola.com\/wp-content\/uploads\/2023\/10\/PARIS-EXPO-UNIVERSELLE-EXIBITION-PAVILLON-HYGIENE-ESPLANADE-INVALIDES-IMAGE-1889-768x512.jpg 768w, https:\/\/www.alzola.com\/wp-content\/uploads\/2023\/10\/PARIS-EXPO-UNIVERSELLE-EXIBITION-PAVILLON-HYGIENE-ESPLANADE-INVALIDES-IMAGE-1889-678x452.jpg 678w, https:\/\/www.alzola.com\/wp-content\/uploads\/2023\/10\/PARIS-EXPO-UNIVERSELLE-EXIBITION-PAVILLON-HYGIENE-ESPLANADE-INVALIDES-IMAGE-1889-84x56.jpg 84w, https:\/\/www.alzola.com\/wp-content\/uploads\/2023\/10\/PARIS-EXPO-UNIVERSELLE-EXIBITION-PAVILLON-HYGIENE-ESPLANADE-INVALIDES-IMAGE-1889-200x133.jpg 200w, https:\/\/www.alzola.com\/wp-content\/uploads\/2023\/10\/PARIS-EXPO-UNIVERSELLE-EXIBITION-PAVILLON-HYGIENE-ESPLANADE-INVALIDES-IMAGE-1889-450x300.jpg 450w\" sizes=\"auto, (max-width: 1000px) 100vw, 1000px\" \/><figcaption class=\"wp-element-caption\">Exposici\u00f3n Universal de Par\u00eds de 1889. Pabell\u00f3n de higiene. Esplanade Invalides<\/figcaption><\/figure>\n\n\n\n<p>El Ministerio de la Gobernaci\u00f3n (en funcionamiento hasta 1977 y que fue sustituido por el actual Ministerio del Interior) tambi\u00e9n <strong>alent\u00f3 la participaci\u00f3n de los balnearios en este tipo de exposiciones universales<\/strong>. Finalmente, Espa\u00f1a se present\u00f3 en la exposici\u00f3n de 1878 con un modesto stand que inclu\u00eda solo algunas docenas de botellas de aguas minerales y poco m\u00e1s.<\/p>\n\n\n\n<figure class=\"wp-block-image size-full\"><img loading=\"lazy\" decoding=\"async\" width=\"1000\" height=\"702\" src=\"https:\/\/www.alzola.com\/wp-content\/uploads\/2023\/10\/Figaro-illustre-no.-126.-J.-Boussod-Manzi-Joyant-cie-Paris-Pabellon-de-Espana.jpg\" alt=\"Pabell\u00f3n de Espa\u00f1a. Figaro illustre\u0301 no. 126. J. Boussod, Manzi, Joyant &amp; cie, Paris\" class=\"wp-image-54783\" srcset=\"https:\/\/www.alzola.com\/wp-content\/uploads\/2023\/10\/Figaro-illustre-no.-126.-J.-Boussod-Manzi-Joyant-cie-Paris-Pabellon-de-Espana.jpg 1000w, https:\/\/www.alzola.com\/wp-content\/uploads\/2023\/10\/Figaro-illustre-no.-126.-J.-Boussod-Manzi-Joyant-cie-Paris-Pabellon-de-Espana-300x211.jpg 300w, https:\/\/www.alzola.com\/wp-content\/uploads\/2023\/10\/Figaro-illustre-no.-126.-J.-Boussod-Manzi-Joyant-cie-Paris-Pabellon-de-Espana-768x539.jpg 768w, https:\/\/www.alzola.com\/wp-content\/uploads\/2023\/10\/Figaro-illustre-no.-126.-J.-Boussod-Manzi-Joyant-cie-Paris-Pabellon-de-Espana-678x476.jpg 678w, https:\/\/www.alzola.com\/wp-content\/uploads\/2023\/10\/Figaro-illustre-no.-126.-J.-Boussod-Manzi-Joyant-cie-Paris-Pabellon-de-Espana-84x59.jpg 84w, https:\/\/www.alzola.com\/wp-content\/uploads\/2023\/10\/Figaro-illustre-no.-126.-J.-Boussod-Manzi-Joyant-cie-Paris-Pabellon-de-Espana-200x140.jpg 200w, https:\/\/www.alzola.com\/wp-content\/uploads\/2023\/10\/Figaro-illustre-no.-126.-J.-Boussod-Manzi-Joyant-cie-Paris-Pabellon-de-Espana-450x316.jpg 450w\" sizes=\"auto, (max-width: 1000px) 100vw, 1000px\" \/><figcaption class=\"wp-element-caption\">Pabell\u00f3n de Espa\u00f1a. Figaro illustre\u0301 no. 126. J. Boussod, Manzi, Joyant &amp; cie, Paris<\/figcaption><\/figure>\n\n\n\n<p>A pesar de las limitaciones, los resultados fueron significativos. <strong>Los balnearios espa\u00f1oles obtuvieron distinciones notables<\/strong>, incluido un diploma de honor otorgado al Ministerio de la Gobernaci\u00f3n por su esfuerzo, dos medallas de oro para los balnearios de Panticosa y Carratraca, siete de plata para los balnearios de Banyoles, Lanjar\u00f3n, Trillo, Aretxabaleta, Escoriaza, Archena y Ledesma, y diecis\u00e9is de bronce para los balnearios de Caldes de Montbui, La Puda-Olesa, Rubinat, Tona, Fuencaliente, Hervideros de Fuensanta, Carballo, Sant Hilari Sacalm, Cestona, Gr\u00e1valos, Loeches, Caldas de Oviedo, A Toxa, Puente Viesgo, Elorrio y Zald\u00edvar. Fue un inicio muy prometedor.<\/p>\n\n\n\n<figure class=\"wp-block-image size-large is-resized\"><img loading=\"lazy\" decoding=\"async\" src=\"https:\/\/www.alzola.com\/wp-content\/uploads\/2023\/10\/Paris-exposition-universelle-1878-pavillon-espagnol-668x1024.jpg\" alt=\"Pabell\u00f3n de Espa\u00f1a en la Exposici\u00f3n Universal de Par\u00eds de 1878\" class=\"wp-image-54784\" width=\"668\" height=\"1024\" srcset=\"https:\/\/www.alzola.com\/wp-content\/uploads\/2023\/10\/Paris-exposition-universelle-1878-pavillon-espagnol-668x1024.jpg 668w, https:\/\/www.alzola.com\/wp-content\/uploads\/2023\/10\/Paris-exposition-universelle-1878-pavillon-espagnol-196x300.jpg 196w, https:\/\/www.alzola.com\/wp-content\/uploads\/2023\/10\/Paris-exposition-universelle-1878-pavillon-espagnol-768x1178.jpg 768w, https:\/\/www.alzola.com\/wp-content\/uploads\/2023\/10\/Paris-exposition-universelle-1878-pavillon-espagnol-84x129.jpg 84w, https:\/\/www.alzola.com\/wp-content\/uploads\/2023\/10\/Paris-exposition-universelle-1878-pavillon-espagnol-200x307.jpg 200w, https:\/\/www.alzola.com\/wp-content\/uploads\/2023\/10\/Paris-exposition-universelle-1878-pavillon-espagnol-450x690.jpg 450w, https:\/\/www.alzola.com\/wp-content\/uploads\/2023\/10\/Paris-exposition-universelle-1878-pavillon-espagnol-515x790.jpg 515w, https:\/\/www.alzola.com\/wp-content\/uploads\/2023\/10\/Paris-exposition-universelle-1878-pavillon-espagnol.jpg 978w\" sizes=\"auto, (max-width: 668px) 100vw, 668px\" \/><figcaption class=\"wp-element-caption\">Pabell\u00f3n de Espa\u00f1a en la Exposici\u00f3n Universal de Par\u00eds de 1878<\/figcaption><\/figure>\n\n\n\n<p>Sin embargo, los m\u00e9dicos hidr\u00f3logos, insatisfechos con la forma en que se hab\u00eda manejado la exposici\u00f3n, vieron el vaso medio vac\u00edo y se\u00f1alaron que las botellas de agua mineral se exhibieron de manera desordenada, en un espacio reducido y sin seguir un m\u00e9todo coherente. A pesar de las cr\u00edticas, la participaci\u00f3n en <strong>la Exposici\u00f3n Universal de Par\u00eds de 1878 marc\u00f3 un hito en la internacionalizaci\u00f3n de los balnearios espa\u00f1oles<\/strong> y su b\u00fasqueda de reconocimiento en el escenario mundial.<\/p>\n\n\n\n<h3 class=\"wp-block-heading\"><strong>La Exposici\u00f3n de Aguas Minerales en la secci\u00f3n francesa de la Clase 111<\/strong><\/h3>\n\n\n\n<figure class=\"wp-block-image size-full\"><img loading=\"lazy\" decoding=\"async\" width=\"1000\" height=\"666\" src=\"https:\/\/www.alzola.com\/wp-content\/uploads\/2023\/10\/Exposition-Universelle-1900.-Palais-des-armees-de-terre-et-de-mer.-Fotografia-de-Louis-Larger-1900.jpg\" alt=\"Palais des Arm\u00e9es de Terre et de Mer. Fotograf\u00eda de Louis Larger (1900)\" class=\"wp-image-54768\" srcset=\"https:\/\/www.alzola.com\/wp-content\/uploads\/2023\/10\/Exposition-Universelle-1900.-Palais-des-armees-de-terre-et-de-mer.-Fotografia-de-Louis-Larger-1900.jpg 1000w, https:\/\/www.alzola.com\/wp-content\/uploads\/2023\/10\/Exposition-Universelle-1900.-Palais-des-armees-de-terre-et-de-mer.-Fotografia-de-Louis-Larger-1900-300x200.jpg 300w, https:\/\/www.alzola.com\/wp-content\/uploads\/2023\/10\/Exposition-Universelle-1900.-Palais-des-armees-de-terre-et-de-mer.-Fotografia-de-Louis-Larger-1900-768x511.jpg 768w, https:\/\/www.alzola.com\/wp-content\/uploads\/2023\/10\/Exposition-Universelle-1900.-Palais-des-armees-de-terre-et-de-mer.-Fotografia-de-Louis-Larger-1900-678x452.jpg 678w, https:\/\/www.alzola.com\/wp-content\/uploads\/2023\/10\/Exposition-Universelle-1900.-Palais-des-armees-de-terre-et-de-mer.-Fotografia-de-Louis-Larger-1900-84x56.jpg 84w, https:\/\/www.alzola.com\/wp-content\/uploads\/2023\/10\/Exposition-Universelle-1900.-Palais-des-armees-de-terre-et-de-mer.-Fotografia-de-Louis-Larger-1900-200x133.jpg 200w, https:\/\/www.alzola.com\/wp-content\/uploads\/2023\/10\/Exposition-Universelle-1900.-Palais-des-armees-de-terre-et-de-mer.-Fotografia-de-Louis-Larger-1900-450x300.jpg 450w\" sizes=\"auto, (max-width: 1000px) 100vw, 1000px\" \/><figcaption class=\"wp-element-caption\">Palais des Arm\u00e9es de Terre et de Mer. Fotograf\u00eda de Louis Larger (1900)<\/figcaption><\/figure>\n\n\n\n<p>La Exposici\u00f3n Universal de Par\u00eds de 1900 ofreci\u00f3 una amplia variedad de secciones y pabellones para los visitantes. Algunos fueron construidos para la ocasi\u00f3n, como el <strong>Palais des Arm\u00e9es de Terre et de Mer<\/strong> (Palacio de los Ej\u00e9rcitos de Tierra y Mar). La exposici\u00f3n tambi\u00e9n estaba dividida en clases y la clasificaci\u00f3n oficial reserv\u00f3 un espacio para la higiene p\u00fablica junto con la <strong>exposici\u00f3n de aguas minerales<\/strong> y los trabajos microbiol\u00f3gicos del Instituto Pasteur que se expusieron en el Palacio de los Ej\u00e9rcitos de Tierra y Mar.<\/p>\n\n\n\n<figure class=\"wp-block-image size-full\"><img loading=\"lazy\" decoding=\"async\" width=\"1000\" height=\"666\" src=\"https:\/\/www.alzola.com\/wp-content\/uploads\/2023\/10\/Palais-des-Armees-de-Terre-et-de-Mer.-Guide-boussole-Exposition-de-1900-A.-Guibal.jpg\" alt=\"Exposici\u00f3n Universal de Par\u00eds de 1900. Palacio de los Ej\u00e9rcitos de Tierra y Mar\" class=\"wp-image-54769\" srcset=\"https:\/\/www.alzola.com\/wp-content\/uploads\/2023\/10\/Palais-des-Armees-de-Terre-et-de-Mer.-Guide-boussole-Exposition-de-1900-A.-Guibal.jpg 1000w, https:\/\/www.alzola.com\/wp-content\/uploads\/2023\/10\/Palais-des-Armees-de-Terre-et-de-Mer.-Guide-boussole-Exposition-de-1900-A.-Guibal-300x200.jpg 300w, https:\/\/www.alzola.com\/wp-content\/uploads\/2023\/10\/Palais-des-Armees-de-Terre-et-de-Mer.-Guide-boussole-Exposition-de-1900-A.-Guibal-768x511.jpg 768w, https:\/\/www.alzola.com\/wp-content\/uploads\/2023\/10\/Palais-des-Armees-de-Terre-et-de-Mer.-Guide-boussole-Exposition-de-1900-A.-Guibal-678x452.jpg 678w, https:\/\/www.alzola.com\/wp-content\/uploads\/2023\/10\/Palais-des-Armees-de-Terre-et-de-Mer.-Guide-boussole-Exposition-de-1900-A.-Guibal-84x56.jpg 84w, https:\/\/www.alzola.com\/wp-content\/uploads\/2023\/10\/Palais-des-Armees-de-Terre-et-de-Mer.-Guide-boussole-Exposition-de-1900-A.-Guibal-200x133.jpg 200w, https:\/\/www.alzola.com\/wp-content\/uploads\/2023\/10\/Palais-des-Armees-de-Terre-et-de-Mer.-Guide-boussole-Exposition-de-1900-A.-Guibal-450x300.jpg 450w\" sizes=\"auto, (max-width: 1000px) 100vw, 1000px\" \/><figcaption class=\"wp-element-caption\">Mapa de la Exposici\u00f3n Universal de Par\u00eds de 1900 donde aparece en las orillas del Sena, el Palacio de los Ej\u00e9rcitos de Tierra y Mar<\/figcaption><\/figure>\n\n\n\n<p>Dentro de la secci\u00f3n francesa de la Clase 111 destacaba una parte dedicada a las aguas minerales. Esta secci\u00f3n no solo resaltaba la <strong>importancia de las aguas minerales en la vida cotidiana y la salud<\/strong>, sino que tambi\u00e9n presentaba avances en la investigaci\u00f3n microbiol\u00f3gica relacionada con la higiene del agua. La presencia del Instituto Pasteur en la exposici\u00f3n subrayaba la relevancia de la ciencia y la higiene en ese tiempo. En esta clase estuvo presente nuestra querida agua de Alzola por la que fue merecedora de <strong>dos medallas, la de oro y la de plata, de la Exposici\u00f3n Universal de Par\u00eds de 1900<\/strong>.<\/p>\n\n\n\n<h3 class=\"wp-block-heading\"><strong>Medallas de la Exposici\u00f3n Universal de Par\u00eds de 1900<\/strong><\/h3>\n\n\n\n<figure class=\"wp-block-image size-full\"><img loading=\"lazy\" decoding=\"async\" width=\"1000\" height=\"667\" src=\"https:\/\/www.alzola.com\/wp-content\/uploads\/2023\/10\/Exposicion-Universal-de-Paris-de-1900.-Medalla-de-oro-reverso.jpg\" alt=\"Exposici\u00f3n Universal de Par\u00eds de 1900. Medalla de oro reverso\" class=\"wp-image-54772\" srcset=\"https:\/\/www.alzola.com\/wp-content\/uploads\/2023\/10\/Exposicion-Universal-de-Paris-de-1900.-Medalla-de-oro-reverso.jpg 1000w, https:\/\/www.alzola.com\/wp-content\/uploads\/2023\/10\/Exposicion-Universal-de-Paris-de-1900.-Medalla-de-oro-reverso-300x200.jpg 300w, https:\/\/www.alzola.com\/wp-content\/uploads\/2023\/10\/Exposicion-Universal-de-Paris-de-1900.-Medalla-de-oro-reverso-768x512.jpg 768w, https:\/\/www.alzola.com\/wp-content\/uploads\/2023\/10\/Exposicion-Universal-de-Paris-de-1900.-Medalla-de-oro-reverso-678x452.jpg 678w, https:\/\/www.alzola.com\/wp-content\/uploads\/2023\/10\/Exposicion-Universal-de-Paris-de-1900.-Medalla-de-oro-reverso-84x56.jpg 84w, https:\/\/www.alzola.com\/wp-content\/uploads\/2023\/10\/Exposicion-Universal-de-Paris-de-1900.-Medalla-de-oro-reverso-200x133.jpg 200w, https:\/\/www.alzola.com\/wp-content\/uploads\/2023\/10\/Exposicion-Universal-de-Paris-de-1900.-Medalla-de-oro-reverso-450x300.jpg 450w\" sizes=\"auto, (max-width: 1000px) 100vw, 1000px\" \/><figcaption class=\"wp-element-caption\">Exposici\u00f3n Universal de Par\u00eds de 1900. Medalla de oro<\/figcaption><\/figure>\n\n\n\n<p>La ceremonia de entrega de premios se llev\u00f3 a cabo el 18 de agosto de 1900 y cont\u00f3 con la presencia de 11,500 personas. En total, se otorgaron 3,156 grandes premios, 8,889 medallas de oro, 13,300 medallas de plata, 12,108 medallas de bronce y 8,422 menciones honor\u00edficas. <strong>Estas son las medallas que se otorgaron en la clasificaci\u00f3n de aguas minerales<\/strong> a Francisco Hernanz y Dar\u00eda Vera en la Exposici\u00f3n Universal de Par\u00eds celebrada el a\u00f1o 1900.<\/p>\n\n\n\n<figure class=\"wp-block-image size-full\"><img loading=\"lazy\" decoding=\"async\" width=\"1000\" height=\"667\" src=\"https:\/\/www.alzola.com\/wp-content\/uploads\/2023\/10\/Exposicion-Universal-de-Paris-de-1900.-Medalla-de-oro-anverso.jpg\" alt=\"Exposici\u00f3n Universal de Par\u00eds de 1900. Medalla de oro anverso\" class=\"wp-image-54773\" srcset=\"https:\/\/www.alzola.com\/wp-content\/uploads\/2023\/10\/Exposicion-Universal-de-Paris-de-1900.-Medalla-de-oro-anverso.jpg 1000w, https:\/\/www.alzola.com\/wp-content\/uploads\/2023\/10\/Exposicion-Universal-de-Paris-de-1900.-Medalla-de-oro-anverso-300x200.jpg 300w, https:\/\/www.alzola.com\/wp-content\/uploads\/2023\/10\/Exposicion-Universal-de-Paris-de-1900.-Medalla-de-oro-anverso-768x512.jpg 768w, https:\/\/www.alzola.com\/wp-content\/uploads\/2023\/10\/Exposicion-Universal-de-Paris-de-1900.-Medalla-de-oro-anverso-678x452.jpg 678w, https:\/\/www.alzola.com\/wp-content\/uploads\/2023\/10\/Exposicion-Universal-de-Paris-de-1900.-Medalla-de-oro-anverso-84x56.jpg 84w, https:\/\/www.alzola.com\/wp-content\/uploads\/2023\/10\/Exposicion-Universal-de-Paris-de-1900.-Medalla-de-oro-anverso-200x133.jpg 200w, https:\/\/www.alzola.com\/wp-content\/uploads\/2023\/10\/Exposicion-Universal-de-Paris-de-1900.-Medalla-de-oro-anverso-450x300.jpg 450w\" sizes=\"auto, (max-width: 1000px) 100vw, 1000px\" \/><figcaption class=\"wp-element-caption\">Exposici\u00f3n Universal de Par\u00eds de 1900. Medalla de oro<\/figcaption><\/figure>\n\n\n\n<p>La misma medalla, dise\u00f1ada por Jules-Cl\u00e9ment Chaplain, fue otorgada al pintor Joaqu\u00edn Sorolla en esa misma edici\u00f3n y en categor\u00eda de bronce, en reconocimiento a su destacada obra expuesta en la Exposici\u00f3n Universal de Par\u00eds. <strong>Chaplain fue un destacado medallista franc\u00e9s que revolucion\u00f3 el arte medall\u00edstico<\/strong> al introducir composiciones en relieve que romp\u00edan con las convenciones tradicionales.<\/p>\n\n\n\n<figure class=\"wp-block-image size-full\"><img loading=\"lazy\" decoding=\"async\" width=\"1000\" height=\"667\" src=\"https:\/\/www.alzola.com\/wp-content\/uploads\/2023\/10\/Botella-antigua-etiqueta-con-receta.jpg\" alt=\"Botella antigua de Alzola con las medallas ganadas impresas en la etiqueta\" class=\"wp-image-54774\" srcset=\"https:\/\/www.alzola.com\/wp-content\/uploads\/2023\/10\/Botella-antigua-etiqueta-con-receta.jpg 1000w, https:\/\/www.alzola.com\/wp-content\/uploads\/2023\/10\/Botella-antigua-etiqueta-con-receta-300x200.jpg 300w, https:\/\/www.alzola.com\/wp-content\/uploads\/2023\/10\/Botella-antigua-etiqueta-con-receta-768x512.jpg 768w, https:\/\/www.alzola.com\/wp-content\/uploads\/2023\/10\/Botella-antigua-etiqueta-con-receta-678x452.jpg 678w, https:\/\/www.alzola.com\/wp-content\/uploads\/2023\/10\/Botella-antigua-etiqueta-con-receta-84x56.jpg 84w, https:\/\/www.alzola.com\/wp-content\/uploads\/2023\/10\/Botella-antigua-etiqueta-con-receta-200x133.jpg 200w, https:\/\/www.alzola.com\/wp-content\/uploads\/2023\/10\/Botella-antigua-etiqueta-con-receta-450x300.jpg 450w\" sizes=\"auto, (max-width: 1000px) 100vw, 1000px\" \/><figcaption class=\"wp-element-caption\">Botellas de Alzola donde pueden verse las medallas ganadas en la etiqueta<\/figcaption><\/figure>\n\n\n\n<p>Se cuenta que, en 1896, Chaplain cre\u00f3 una medalla de oro conmemorativa de la visita del zar Nicol\u00e1s y la zarina Alejandra de Rusia a Par\u00eds, considerada <strong>una de las medallas m\u00e1s hermosas jam\u00e1s acu\u00f1adas<\/strong>. As\u00ed que adem\u00e1s del prestigio que conllevaba ganar la medalla, se encuentra la importancia de una verdadera joya de arte realizada por un importante artista.<\/p>\n\n\n\n<figure class=\"wp-block-image size-full\"><img loading=\"lazy\" decoding=\"async\" width=\"1000\" height=\"667\" src=\"https:\/\/www.alzola.com\/wp-content\/uploads\/2023\/10\/Exposicion-Universal-de-Paris-de-1900.-Medalla-de-plata-reverso.jpg\" alt=\"Exposici\u00f3n Universal de Par\u00eds de 1900. Medalla de plata reverso\" class=\"wp-image-54771\" srcset=\"https:\/\/www.alzola.com\/wp-content\/uploads\/2023\/10\/Exposicion-Universal-de-Paris-de-1900.-Medalla-de-plata-reverso.jpg 1000w, https:\/\/www.alzola.com\/wp-content\/uploads\/2023\/10\/Exposicion-Universal-de-Paris-de-1900.-Medalla-de-plata-reverso-300x200.jpg 300w, https:\/\/www.alzola.com\/wp-content\/uploads\/2023\/10\/Exposicion-Universal-de-Paris-de-1900.-Medalla-de-plata-reverso-768x512.jpg 768w, https:\/\/www.alzola.com\/wp-content\/uploads\/2023\/10\/Exposicion-Universal-de-Paris-de-1900.-Medalla-de-plata-reverso-678x452.jpg 678w, https:\/\/www.alzola.com\/wp-content\/uploads\/2023\/10\/Exposicion-Universal-de-Paris-de-1900.-Medalla-de-plata-reverso-84x56.jpg 84w, https:\/\/www.alzola.com\/wp-content\/uploads\/2023\/10\/Exposicion-Universal-de-Paris-de-1900.-Medalla-de-plata-reverso-200x133.jpg 200w, https:\/\/www.alzola.com\/wp-content\/uploads\/2023\/10\/Exposicion-Universal-de-Paris-de-1900.-Medalla-de-plata-reverso-450x300.jpg 450w\" sizes=\"auto, (max-width: 1000px) 100vw, 1000px\" \/><figcaption class=\"wp-element-caption\">Exposici\u00f3n Universal de Par\u00eds de 1900. Medalla de plata<\/figcaption><\/figure>\n\n\n\n<p>En el reverso de la medalla, puede verse una <strong>figura femenina alada<\/strong>, con una corona de laurel en su mano derecha. Sostiene sobre su hombro a una <strong>figura masculina<\/strong>, con el torso desnudo, que a su vez sostiene una antorcha encendida en su mano izquierda, mientras se lleva a la sien la mano derecha. En la parte inferior puede verse una vista parcial de Par\u00eds y <strong>los nombres de los ganadores, \u201cF. Hernanz et D. Vera\u201d<\/strong>.<\/p>\n\n\n\n<figure class=\"wp-block-image size-full\"><img loading=\"lazy\" decoding=\"async\" width=\"1000\" height=\"667\" src=\"https:\/\/www.alzola.com\/wp-content\/uploads\/2023\/10\/Exposicion-Universal-de-Paris-de-1900.-Medalla-de-plata-anverso.jpg\" alt=\"Exposici\u00f3n Universal de Par\u00eds de 1900. Medalla de plata anverso\" class=\"wp-image-54770\" srcset=\"https:\/\/www.alzola.com\/wp-content\/uploads\/2023\/10\/Exposicion-Universal-de-Paris-de-1900.-Medalla-de-plata-anverso.jpg 1000w, https:\/\/www.alzola.com\/wp-content\/uploads\/2023\/10\/Exposicion-Universal-de-Paris-de-1900.-Medalla-de-plata-anverso-300x200.jpg 300w, https:\/\/www.alzola.com\/wp-content\/uploads\/2023\/10\/Exposicion-Universal-de-Paris-de-1900.-Medalla-de-plata-anverso-768x512.jpg 768w, https:\/\/www.alzola.com\/wp-content\/uploads\/2023\/10\/Exposicion-Universal-de-Paris-de-1900.-Medalla-de-plata-anverso-678x452.jpg 678w, https:\/\/www.alzola.com\/wp-content\/uploads\/2023\/10\/Exposicion-Universal-de-Paris-de-1900.-Medalla-de-plata-anverso-84x56.jpg 84w, https:\/\/www.alzola.com\/wp-content\/uploads\/2023\/10\/Exposicion-Universal-de-Paris-de-1900.-Medalla-de-plata-anverso-200x133.jpg 200w, https:\/\/www.alzola.com\/wp-content\/uploads\/2023\/10\/Exposicion-Universal-de-Paris-de-1900.-Medalla-de-plata-anverso-450x300.jpg 450w\" sizes=\"auto, (max-width: 1000px) 100vw, 1000px\" \/><figcaption class=\"wp-element-caption\">Exposici\u00f3n Universal de Par\u00eds de 1900. Medalla de plata<\/figcaption><\/figure>\n\n\n\n<p>En el anverso de la medalla puede verse la <strong>Alegor\u00eda de Francia<\/strong>: una cabeza femenina tocada con gorro frigio, mirando de perfil a la derecha. Tras ella, un roble extiende sus ramas superponi\u00e9ndose una de ellas sobre su frente, a modo de diadema. Al fondo, se puede ver una <strong>vista parcial de Par\u00eds<\/strong>. Todos los ganadores de la Exposici\u00f3n Universal de Par\u00eds de 1900 recibieron el mismo dise\u00f1o de medalla con su nombre grabado.<\/p>\n\n\n\n<figure class=\"wp-block-image size-full\"><img loading=\"lazy\" decoding=\"async\" width=\"1000\" height=\"666\" src=\"https:\/\/www.alzola.com\/wp-content\/uploads\/2023\/10\/Gaceta-de-Madrid-09-01-1901-1.jpg\" alt=\"Gaceta de Madrid del 9 de enero de 1901, donde aparecen los ganadores de las aguas minerales de la Exposici\u00f3n Universal de Par\u00eds de 1900\" class=\"wp-image-54777\" srcset=\"https:\/\/www.alzola.com\/wp-content\/uploads\/2023\/10\/Gaceta-de-Madrid-09-01-1901-1.jpg 1000w, https:\/\/www.alzola.com\/wp-content\/uploads\/2023\/10\/Gaceta-de-Madrid-09-01-1901-1-300x200.jpg 300w, https:\/\/www.alzola.com\/wp-content\/uploads\/2023\/10\/Gaceta-de-Madrid-09-01-1901-1-768x511.jpg 768w, https:\/\/www.alzola.com\/wp-content\/uploads\/2023\/10\/Gaceta-de-Madrid-09-01-1901-1-678x452.jpg 678w, https:\/\/www.alzola.com\/wp-content\/uploads\/2023\/10\/Gaceta-de-Madrid-09-01-1901-1-84x56.jpg 84w, https:\/\/www.alzola.com\/wp-content\/uploads\/2023\/10\/Gaceta-de-Madrid-09-01-1901-1-200x133.jpg 200w, https:\/\/www.alzola.com\/wp-content\/uploads\/2023\/10\/Gaceta-de-Madrid-09-01-1901-1-450x300.jpg 450w\" sizes=\"auto, (max-width: 1000px) 100vw, 1000px\" \/><figcaption class=\"wp-element-caption\">Gaceta de Madrid del 9 de enero de 1901, donde aparecen los ganadores de las aguas minerales de la Exposici\u00f3n Universal de Par\u00eds de 1900<\/figcaption><\/figure>\n\n\n\n<p>Por supuesto, los diarios de la \u00e9poca no tardaron en hacerse eco de la <strong>noticia de todos los ganadores espa\u00f1oles<\/strong>, con m\u00e1s o menos errores tipogr\u00e1ficos. La Exposici\u00f3n Universal de Par\u00eds de 1900 fue un evento mundial que no solo mostr\u00f3 la grandeza de Francia, sino que tambi\u00e9n sirvi\u00f3 como <strong>plataforma para destacar importantes cuestiones de salud p\u00fablica<\/strong>, higiene y avances cient\u00edficos, incluyendo el <strong>estudio de las aguas minerales<\/strong> y la microbiolog\u00eda, que en la actualidad parece que hayamos olvidado.<\/p>\n\n\n\n<h3 class=\"wp-block-heading\"><strong>Qui\u00e9nes eran \u201cF. Hernanz y D. Vera\u201d<\/strong><\/h3>\n\n\n\n<figure class=\"wp-block-image size-full\"><img loading=\"lazy\" decoding=\"async\" width=\"1000\" height=\"667\" src=\"https:\/\/www.alzola.com\/wp-content\/uploads\/2023\/10\/Francisco-Hernandez-y-D.-Vera-en-el-Catalogo-general-oficial-de-la-Exposicion-Internacional-Universal-de-1900.jpg\" alt=\"Cat\u00e1logo general oficial de la Exposici\u00f3n Internacional Universal de 1900\" class=\"wp-image-54781\" srcset=\"https:\/\/www.alzola.com\/wp-content\/uploads\/2023\/10\/Francisco-Hernandez-y-D.-Vera-en-el-Catalogo-general-oficial-de-la-Exposicion-Internacional-Universal-de-1900.jpg 1000w, https:\/\/www.alzola.com\/wp-content\/uploads\/2023\/10\/Francisco-Hernandez-y-D.-Vera-en-el-Catalogo-general-oficial-de-la-Exposicion-Internacional-Universal-de-1900-300x200.jpg 300w, https:\/\/www.alzola.com\/wp-content\/uploads\/2023\/10\/Francisco-Hernandez-y-D.-Vera-en-el-Catalogo-general-oficial-de-la-Exposicion-Internacional-Universal-de-1900-768x512.jpg 768w, https:\/\/www.alzola.com\/wp-content\/uploads\/2023\/10\/Francisco-Hernandez-y-D.-Vera-en-el-Catalogo-general-oficial-de-la-Exposicion-Internacional-Universal-de-1900-678x452.jpg 678w, https:\/\/www.alzola.com\/wp-content\/uploads\/2023\/10\/Francisco-Hernandez-y-D.-Vera-en-el-Catalogo-general-oficial-de-la-Exposicion-Internacional-Universal-de-1900-84x56.jpg 84w, https:\/\/www.alzola.com\/wp-content\/uploads\/2023\/10\/Francisco-Hernandez-y-D.-Vera-en-el-Catalogo-general-oficial-de-la-Exposicion-Internacional-Universal-de-1900-200x133.jpg 200w, https:\/\/www.alzola.com\/wp-content\/uploads\/2023\/10\/Francisco-Hernandez-y-D.-Vera-en-el-Catalogo-general-oficial-de-la-Exposicion-Internacional-Universal-de-1900-450x300.jpg 450w\" sizes=\"auto, (max-width: 1000px) 100vw, 1000px\" \/><figcaption class=\"wp-element-caption\">Extracto del Cat\u00e1logo general oficial de la Exposici\u00f3n Internacional Universal de 1900<\/figcaption><\/figure>\n\n\n\n<p>El 8 de junio de 1899 aparece publicado en la Gaceta de Madrid que el m\u00e9dico director del balneario de Urberuaga de Alzola es Alejandro de Gregorio y Guajardo nacido el 26 de febrero de 1825 y cuya residencia fuera de la temporada oficial se encuentra en Ibeles (Zaragoza). El <strong>propietario del establecimiento es en aquella \u00e9poca \u201cDon Claudio Hernanz y otros\u201d<\/strong>. El 13 de mayo de 1901, en la misma publicaci\u00f3n de la Gaceta de Madrid, consta un nuevo m\u00e9dico, Manuel Morales y Guti\u00e9rrez, residente en Sevilla, pero constan los mismos datos como propietarios. As\u00ed que partimos que F. Hernanz y D. Vera pudieran ser propietarios y no, m\u00e9dicos directores.<\/p>\n\n\n\n<figure class=\"wp-block-image size-full\"><img loading=\"lazy\" decoding=\"async\" width=\"1000\" height=\"667\" src=\"https:\/\/www.alzola.com\/wp-content\/uploads\/2023\/10\/Balnearios-guipuzcoanos-1776-1901.-Turismo-de-salud-e-inversion-de-capital-en-aguas-minerales.-Autor-Carlos-Larrinaga-2014.jpg\" alt=\"Balnearios guipuzcoanos, 1776-1901. Turismo de salud e inversi\u00f3n de capital en aguas minerales. Autor Carlos Larrinaga, 2014\" class=\"wp-image-54780\" srcset=\"https:\/\/www.alzola.com\/wp-content\/uploads\/2023\/10\/Balnearios-guipuzcoanos-1776-1901.-Turismo-de-salud-e-inversion-de-capital-en-aguas-minerales.-Autor-Carlos-Larrinaga-2014.jpg 1000w, https:\/\/www.alzola.com\/wp-content\/uploads\/2023\/10\/Balnearios-guipuzcoanos-1776-1901.-Turismo-de-salud-e-inversion-de-capital-en-aguas-minerales.-Autor-Carlos-Larrinaga-2014-300x200.jpg 300w, https:\/\/www.alzola.com\/wp-content\/uploads\/2023\/10\/Balnearios-guipuzcoanos-1776-1901.-Turismo-de-salud-e-inversion-de-capital-en-aguas-minerales.-Autor-Carlos-Larrinaga-2014-768x512.jpg 768w, https:\/\/www.alzola.com\/wp-content\/uploads\/2023\/10\/Balnearios-guipuzcoanos-1776-1901.-Turismo-de-salud-e-inversion-de-capital-en-aguas-minerales.-Autor-Carlos-Larrinaga-2014-678x452.jpg 678w, https:\/\/www.alzola.com\/wp-content\/uploads\/2023\/10\/Balnearios-guipuzcoanos-1776-1901.-Turismo-de-salud-e-inversion-de-capital-en-aguas-minerales.-Autor-Carlos-Larrinaga-2014-84x56.jpg 84w, https:\/\/www.alzola.com\/wp-content\/uploads\/2023\/10\/Balnearios-guipuzcoanos-1776-1901.-Turismo-de-salud-e-inversion-de-capital-en-aguas-minerales.-Autor-Carlos-Larrinaga-2014-200x133.jpg 200w, https:\/\/www.alzola.com\/wp-content\/uploads\/2023\/10\/Balnearios-guipuzcoanos-1776-1901.-Turismo-de-salud-e-inversion-de-capital-en-aguas-minerales.-Autor-Carlos-Larrinaga-2014-450x300.jpg 450w\" sizes=\"auto, (max-width: 1000px) 100vw, 1000px\" \/><figcaption class=\"wp-element-caption\">Balnearios guipuzcoanos, 1776-1901. Turismo de salud e inversi\u00f3n de capital en aguas minerales. Autor Carlos Larrinaga, 2014<\/figcaption><\/figure>\n\n\n\n<p>Curiosamente, Carlos Larrinaga, autor de \u201cBalnearios guipuzcoanos, 1776-1901. Turismo de salud e inversi\u00f3n de capital en aguas minerales\u201d, publicado en 2014, hace referencia a <strong>Francisca Hernanz, viuda de Mart\u00ednez<\/strong>, Claudio Herranz y Felipe Sanz como propietarios del balneario de Urberuaga de Alzola, en 1855. Los mismos datos aparecen en la publicaci\u00f3n \u201cNacimiento y evoluci\u00f3n del termalismo vasco durante el siglo XIX. El caso de Guip\u00fazcoa\u201d, del mismo autor. Entonces, <strong>\u00bfestamos ante Francisca o Francisco Hernanz?<\/strong><\/p>\n\n\n\n<figure class=\"wp-block-image size-full\"><img loading=\"lazy\" decoding=\"async\" width=\"1000\" height=\"667\" src=\"https:\/\/www.alzola.com\/wp-content\/uploads\/2023\/10\/Necrologica-Claudio-Hernanz-y-Perez-15-04-1907.jpg\" alt=\"Necrol\u00f3gica de Claudio Hernanz y P\u00e9rez, padre de Francisco Hernanz\" class=\"wp-image-54778\" srcset=\"https:\/\/www.alzola.com\/wp-content\/uploads\/2023\/10\/Necrologica-Claudio-Hernanz-y-Perez-15-04-1907.jpg 1000w, https:\/\/www.alzola.com\/wp-content\/uploads\/2023\/10\/Necrologica-Claudio-Hernanz-y-Perez-15-04-1907-300x200.jpg 300w, https:\/\/www.alzola.com\/wp-content\/uploads\/2023\/10\/Necrologica-Claudio-Hernanz-y-Perez-15-04-1907-768x512.jpg 768w, https:\/\/www.alzola.com\/wp-content\/uploads\/2023\/10\/Necrologica-Claudio-Hernanz-y-Perez-15-04-1907-678x452.jpg 678w, https:\/\/www.alzola.com\/wp-content\/uploads\/2023\/10\/Necrologica-Claudio-Hernanz-y-Perez-15-04-1907-84x56.jpg 84w, https:\/\/www.alzola.com\/wp-content\/uploads\/2023\/10\/Necrologica-Claudio-Hernanz-y-Perez-15-04-1907-200x133.jpg 200w, https:\/\/www.alzola.com\/wp-content\/uploads\/2023\/10\/Necrologica-Claudio-Hernanz-y-Perez-15-04-1907-450x300.jpg 450w\" sizes=\"auto, (max-width: 1000px) 100vw, 1000px\" \/><figcaption class=\"wp-element-caption\">Necrol\u00f3gica de Claudio Hernanz y P\u00e9rez, padre de Francisco Hernanz<\/figcaption><\/figure>\n\n\n\n<p>No hemos podido esclarecer donde se encuentra el error exactamente, ya que incluso en el Cat\u00e1logo general oficial de la Exposici\u00f3n Internacional Universal de 1900, consta otra errata al llamar a Francisco, Hern\u00e1ndez. Siguiendo con nuestra investigaci\u00f3n, nos hemos encontrado con la necrol\u00f3gica de Claudio Hernanz y P\u00e9rez, fallecido el 15 de abril de 1907 y padre de Don Francisco Hernanz, cuya direcci\u00f3n, <strong>calle San Marcos 42 de Madrid<\/strong>, coincide con la que consta en el Cat\u00e1logo general oficial de la Exposici\u00f3n Internacional Universal de 1900.<\/p>\n\n\n\n<figure class=\"wp-block-image size-full\"><img loading=\"lazy\" decoding=\"async\" width=\"1000\" height=\"667\" src=\"https:\/\/www.alzola.com\/wp-content\/uploads\/2023\/10\/El-agua-bienhechora.-El-turismo-termal-en-Espana-1700-1936.-Daria-Vera.jpg\" alt=\"Dar\u00eda Vera consta como propietaria en \u201cEl agua bienhechora. El turismo termal en Espa\u00f1a 1700-1936\u201d\" class=\"wp-image-54779\" srcset=\"https:\/\/www.alzola.com\/wp-content\/uploads\/2023\/10\/El-agua-bienhechora.-El-turismo-termal-en-Espana-1700-1936.-Daria-Vera.jpg 1000w, https:\/\/www.alzola.com\/wp-content\/uploads\/2023\/10\/El-agua-bienhechora.-El-turismo-termal-en-Espana-1700-1936.-Daria-Vera-300x200.jpg 300w, https:\/\/www.alzola.com\/wp-content\/uploads\/2023\/10\/El-agua-bienhechora.-El-turismo-termal-en-Espana-1700-1936.-Daria-Vera-768x512.jpg 768w, https:\/\/www.alzola.com\/wp-content\/uploads\/2023\/10\/El-agua-bienhechora.-El-turismo-termal-en-Espana-1700-1936.-Daria-Vera-678x452.jpg 678w, https:\/\/www.alzola.com\/wp-content\/uploads\/2023\/10\/El-agua-bienhechora.-El-turismo-termal-en-Espana-1700-1936.-Daria-Vera-84x56.jpg 84w, https:\/\/www.alzola.com\/wp-content\/uploads\/2023\/10\/El-agua-bienhechora.-El-turismo-termal-en-Espana-1700-1936.-Daria-Vera-200x133.jpg 200w, https:\/\/www.alzola.com\/wp-content\/uploads\/2023\/10\/El-agua-bienhechora.-El-turismo-termal-en-Espana-1700-1936.-Daria-Vera-450x300.jpg 450w\" sizes=\"auto, (max-width: 1000px) 100vw, 1000px\" \/><figcaption class=\"wp-element-caption\">Dar\u00eda Vera consta como propietaria en \u201cEl agua bienhechora. El turismo termal en Espa\u00f1a 1700-1936\u201d<\/figcaption><\/figure>\n\n\n\n<p>En el caso de Dar\u00eda Vera, a\u00fan ha sido mucho m\u00e1s complicado saber si est\u00e1bamos ante un Dar\u00edo o Dar\u00eda Vera y qu\u00e9 funci\u00f3n realizaba o qu\u00e9 relaci\u00f3n exist\u00eda con el balneario de Urberuaga de Alzola. En el cuadro publicado sobre los balnearios asociados a la patronal en 1909, de la publicaci\u00f3n \u201cEl agua bienhechora. El turismo termal en Espa\u00f1a 1700-1936\u201d consta que <strong>Dar\u00eda Vera<\/strong> y Franc. Herranz (volvemos a encontrar discrepancias con el apellido) tienen la sede social en Madrid y <strong>son los propietarios de Urberuaga de Alzola<\/strong>. Sea como sea, las medallas conservadas en el balneario de Alzola fueron <strong>representadas posteriormente en las etiquetas de las botellas de agua mineral natural<\/strong> y constan en la receta m\u00e9dica de nuestra querida marca.<\/p>\n","protected":false},"excerpt":{"rendered":"<p>La Exposici\u00f3n Universal de Par\u00eds de 1900 fue un evento excepcional que atrajo a 51 millones de visitantes a las orillas del r\u00edo Sena, entre el 14 de abril y el 12 de noviembre de 1900. Francia ten\u00eda la intenci\u00f3n de \u00abdeslumbrar a las naciones\u00bb al presentar cientos de edificios de diversos estilos arquitect\u00f3nicos. Durante este evento, se inauguraron estructuras ic\u00f3nicas como el Petit Palais y el Grand Palais, destinados a convertirse en elementos permanentes del paisaje parisino. La exposici\u00f3n universal ten\u00eda m\u00faltiples objetivos pol\u00edticos, que inclu\u00edan mostrar las riquezas de su imperio colonial, fortalecer las relaciones franco-rusas (evidenciadas por la construcci\u00f3n del puente Alejandro III) y afirmar la excelencia tecnol\u00f3gica francesa, destacando el papel de Francia como cuna del cinemat\u00f3grafo. Los balnearios espa\u00f1oles en las Exposiciones Universales A medida que avanzaba el siglo XIX, los balnearios espa\u00f1oles m\u00e1s prestigiosos comenzaron a buscar reconocimiento a nivel europeo y americano. Para lograrlo, se sumaron a la creciente tendencia de participar en exposiciones internacionales, convencidos de que esto les brindar\u00eda publicidad directa y, al mismo tiempo, ventajas a largo plazo en t\u00e9rminos de prestigio y reconocimiento internacional. Los primeros pasos en esta direcci\u00f3n se hab\u00edan dado en la Exposici\u00f3n Internacional de Londres&#8230;<\/p>\n","protected":false},"author":2,"featured_media":54771,"comment_status":"closed","ping_status":"open","sticky":false,"template":"","format":"standard","meta":{"om_disable_all_campaigns":false,"_monsterinsights_skip_tracking":false,"_monsterinsights_sitenote_active":false,"_monsterinsights_sitenote_note":"","_monsterinsights_sitenote_category":0,"footnotes":""},"categories":[3],"tags":[213,47],"class_list":["post-54762","post","type-post","status-publish","format-standard","has-post-thumbnail","hentry","category-agua-de-alzola","tag-agua-mineral-natural","tag-alzola-basque-water"],"yoast_head":"<!-- This site is optimized with the Yoast SEO plugin v27.5 - https:\/\/yoast.com\/product\/yoast-seo-wordpress\/ -->\n<title>Alzola en la Exposici\u00f3n Universal de Par\u00eds de 1900 - Alzola Basque Water<\/title>\n<meta name=\"description\" content=\"El agua mineral de Alzola fue galardonada en la Exposici\u00f3n Universal de Par\u00eds de 1900 con la medalla de oro y plata\" \/>\n<meta name=\"robots\" content=\"index, follow, max-snippet:-1, max-image-preview:large, max-video-preview:-1\" \/>\n<link rel=\"canonical\" href=\"https:\/\/www.alzola.com\/es\/alzola-en-la-exposicion-universal-de-paris-de-1900\/\" \/>\n<meta property=\"og:locale\" content=\"es_ES\" \/>\n<meta property=\"og:type\" content=\"article\" \/>\n<meta property=\"og:title\" content=\"Alzola en la Exposici\u00f3n Universal de Par\u00eds de 1900 - Alzola Basque Water\" \/>\n<meta property=\"og:description\" content=\"El agua mineral de Alzola fue galardonada en la Exposici\u00f3n Universal de Par\u00eds de 1900 con la medalla de oro y plata\" \/>\n<meta property=\"og:url\" content=\"https:\/\/www.alzola.com\/es\/alzola-en-la-exposicion-universal-de-paris-de-1900\/\" \/>\n<meta property=\"og:site_name\" content=\"Alzola Basque Water\" \/>\n<meta property=\"article:publisher\" content=\"https:\/\/www.facebook.com\/alzolabasquewater\/\" \/>\n<meta property=\"article:author\" content=\"www.facebook.com\/AlzolaBasqueWater\" \/>\n<meta property=\"article:published_time\" content=\"2023-10-03T21:05:27+00:00\" \/>\n<meta property=\"article:modified_time\" content=\"2023-10-03T21:05:28+00:00\" \/>\n<meta property=\"og:image\" content=\"https:\/\/www.alzola.com\/wp-content\/uploads\/2023\/10\/Exposicion-Universal-de-Paris-de-1900.-Medalla-de-plata-reverso.jpg\" \/>\n\t<meta property=\"og:image:width\" content=\"1000\" \/>\n\t<meta property=\"og:image:height\" content=\"667\" \/>\n\t<meta property=\"og:image:type\" content=\"image\/jpeg\" \/>\n<meta name=\"author\" content=\"Alzola Basque Water\" \/>\n<meta name=\"twitter:card\" content=\"summary_large_image\" \/>\n<meta name=\"twitter:creator\" content=\"@basquewater\" \/>\n<meta name=\"twitter:site\" content=\"@BasqueWater\" \/>\n<meta name=\"twitter:label1\" content=\"Escrito por\" \/>\n\t<meta name=\"twitter:data1\" content=\"Alzola Basque Water\" \/>\n\t<meta name=\"twitter:label2\" content=\"Tiempo de lectura\" \/>\n\t<meta name=\"twitter:data2\" content=\"13 minutos\" \/>\n<script type=\"application\/ld+json\" class=\"yoast-schema-graph\">{\"@context\":\"https:\\\/\\\/schema.org\",\"@graph\":[{\"@type\":\"Article\",\"@id\":\"https:\\\/\\\/www.alzola.com\\\/es\\\/alzola-en-la-exposicion-universal-de-paris-de-1900\\\/#article\",\"isPartOf\":{\"@id\":\"https:\\\/\\\/www.alzola.com\\\/es\\\/alzola-en-la-exposicion-universal-de-paris-de-1900\\\/\"},\"author\":{\"name\":\"Alzola Basque Water\",\"@id\":\"https:\\\/\\\/www.alzola.com\\\/es\\\/#\\\/schema\\\/person\\\/67ba21fcc68e23f591865e5457edc378\"},\"headline\":\"Alzola en la Exposici\u00f3n Universal de Par\u00eds de 1900\",\"datePublished\":\"2023-10-03T21:05:27+00:00\",\"dateModified\":\"2023-10-03T21:05:28+00:00\",\"mainEntityOfPage\":{\"@id\":\"https:\\\/\\\/www.alzola.com\\\/es\\\/alzola-en-la-exposicion-universal-de-paris-de-1900\\\/\"},\"wordCount\":2012,\"publisher\":{\"@id\":\"https:\\\/\\\/www.alzola.com\\\/es\\\/#organization\"},\"image\":{\"@id\":\"https:\\\/\\\/www.alzola.com\\\/es\\\/alzola-en-la-exposicion-universal-de-paris-de-1900\\\/#primaryimage\"},\"thumbnailUrl\":\"https:\\\/\\\/www.alzola.com\\\/wp-content\\\/uploads\\\/2023\\\/10\\\/Exposicion-Universal-de-Paris-de-1900.-Medalla-de-plata-reverso.jpg\",\"keywords\":[\"Agua Mineral Natural\",\"Alzola Basque Water\"],\"articleSection\":[\"Agua de Alzola\"],\"inLanguage\":\"es\"},{\"@type\":\"WebPage\",\"@id\":\"https:\\\/\\\/www.alzola.com\\\/es\\\/alzola-en-la-exposicion-universal-de-paris-de-1900\\\/\",\"url\":\"https:\\\/\\\/www.alzola.com\\\/es\\\/alzola-en-la-exposicion-universal-de-paris-de-1900\\\/\",\"name\":\"Alzola en la Exposici\u00f3n Universal de Par\u00eds de 1900 - Alzola Basque Water\",\"isPartOf\":{\"@id\":\"https:\\\/\\\/www.alzola.com\\\/es\\\/#website\"},\"primaryImageOfPage\":{\"@id\":\"https:\\\/\\\/www.alzola.com\\\/es\\\/alzola-en-la-exposicion-universal-de-paris-de-1900\\\/#primaryimage\"},\"image\":{\"@id\":\"https:\\\/\\\/www.alzola.com\\\/es\\\/alzola-en-la-exposicion-universal-de-paris-de-1900\\\/#primaryimage\"},\"thumbnailUrl\":\"https:\\\/\\\/www.alzola.com\\\/wp-content\\\/uploads\\\/2023\\\/10\\\/Exposicion-Universal-de-Paris-de-1900.-Medalla-de-plata-reverso.jpg\",\"datePublished\":\"2023-10-03T21:05:27+00:00\",\"dateModified\":\"2023-10-03T21:05:28+00:00\",\"description\":\"El agua mineral de Alzola fue galardonada en la Exposici\u00f3n Universal de Par\u00eds de 1900 con la medalla de oro y plata\",\"breadcrumb\":{\"@id\":\"https:\\\/\\\/www.alzola.com\\\/es\\\/alzola-en-la-exposicion-universal-de-paris-de-1900\\\/#breadcrumb\"},\"inLanguage\":\"es\",\"potentialAction\":[{\"@type\":\"ReadAction\",\"target\":[\"https:\\\/\\\/www.alzola.com\\\/es\\\/alzola-en-la-exposicion-universal-de-paris-de-1900\\\/\"]}]},{\"@type\":\"ImageObject\",\"inLanguage\":\"es\",\"@id\":\"https:\\\/\\\/www.alzola.com\\\/es\\\/alzola-en-la-exposicion-universal-de-paris-de-1900\\\/#primaryimage\",\"url\":\"https:\\\/\\\/www.alzola.com\\\/wp-content\\\/uploads\\\/2023\\\/10\\\/Exposicion-Universal-de-Paris-de-1900.-Medalla-de-plata-reverso.jpg\",\"contentUrl\":\"https:\\\/\\\/www.alzola.com\\\/wp-content\\\/uploads\\\/2023\\\/10\\\/Exposicion-Universal-de-Paris-de-1900.-Medalla-de-plata-reverso.jpg\",\"width\":1000,\"height\":667},{\"@type\":\"BreadcrumbList\",\"@id\":\"https:\\\/\\\/www.alzola.com\\\/es\\\/alzola-en-la-exposicion-universal-de-paris-de-1900\\\/#breadcrumb\",\"itemListElement\":[{\"@type\":\"ListItem\",\"position\":1,\"name\":\"Portada\",\"item\":\"https:\\\/\\\/www.alzola.com\\\/es\\\/\"},{\"@type\":\"ListItem\",\"position\":2,\"name\":\"Alzola en la Exposici\u00f3n Universal de Par\u00eds de 1900\"}]},{\"@type\":\"WebSite\",\"@id\":\"https:\\\/\\\/www.alzola.com\\\/es\\\/#website\",\"url\":\"https:\\\/\\\/www.alzola.com\\\/es\\\/\",\"name\":\"Alzola Basque Water\",\"description\":\"Agua Mineral Natural desde 1801\",\"publisher\":{\"@id\":\"https:\\\/\\\/www.alzola.com\\\/es\\\/#organization\"},\"potentialAction\":[{\"@type\":\"SearchAction\",\"target\":{\"@type\":\"EntryPoint\",\"urlTemplate\":\"https:\\\/\\\/www.alzola.com\\\/es\\\/?s={search_term_string}\"},\"query-input\":{\"@type\":\"PropertyValueSpecification\",\"valueRequired\":true,\"valueName\":\"search_term_string\"}}],\"inLanguage\":\"es\"},{\"@type\":\"Organization\",\"@id\":\"https:\\\/\\\/www.alzola.com\\\/es\\\/#organization\",\"name\":\"BalenzateguiSA - Alzola Basque Water\",\"url\":\"https:\\\/\\\/www.alzola.com\\\/es\\\/\",\"logo\":{\"@type\":\"ImageObject\",\"inLanguage\":\"es\",\"@id\":\"https:\\\/\\\/www.alzola.com\\\/es\\\/#\\\/schema\\\/logo\\\/image\\\/\",\"url\":\"https:\\\/\\\/www.alzola.com\\\/wp-content\\\/uploads\\\/2013\\\/09\\\/Logo-alzola-baja.png\",\"contentUrl\":\"https:\\\/\\\/www.alzola.com\\\/wp-content\\\/uploads\\\/2013\\\/09\\\/Logo-alzola-baja.png\",\"width\":892,\"height\":600,\"caption\":\"BalenzateguiSA - Alzola Basque Water\"},\"image\":{\"@id\":\"https:\\\/\\\/www.alzola.com\\\/es\\\/#\\\/schema\\\/logo\\\/image\\\/\"},\"sameAs\":[\"https:\\\/\\\/www.facebook.com\\\/alzolabasquewater\\\/\",\"https:\\\/\\\/x.com\\\/BasqueWater\",\"https:\\\/\\\/www.instagram.com\\\/basquewater\\\/\",\"https:\\\/\\\/www.linkedin.com\\\/company\\\/3155611\\\/\",\"https:\\\/\\\/es.pinterest.com\\\/basquewater\\\/\",\"https:\\\/\\\/www.youtube.com\\\/AlzolaBasqueWater\"]},{\"@type\":\"Person\",\"@id\":\"https:\\\/\\\/www.alzola.com\\\/es\\\/#\\\/schema\\\/person\\\/67ba21fcc68e23f591865e5457edc378\",\"name\":\"Alzola Basque Water\",\"image\":{\"@type\":\"ImageObject\",\"inLanguage\":\"es\",\"@id\":\"https:\\\/\\\/secure.gravatar.com\\\/avatar\\\/6c16b08ba125fac103c3b367e4bd71c56459032ae0395aef4da6ab3a913593ba?s=96&d=mm&r=g\",\"url\":\"https:\\\/\\\/secure.gravatar.com\\\/avatar\\\/6c16b08ba125fac103c3b367e4bd71c56459032ae0395aef4da6ab3a913593ba?s=96&d=mm&r=g\",\"contentUrl\":\"https:\\\/\\\/secure.gravatar.com\\\/avatar\\\/6c16b08ba125fac103c3b367e4bd71c56459032ae0395aef4da6ab3a913593ba?s=96&d=mm&r=g\",\"caption\":\"Alzola Basque Water\"},\"description\":\"Agua Mineral Natural declarada de Utilidad P\u00fablica en 1843.\",\"sameAs\":[\"https:\\\/\\\/www.alzola.com\",\"www.facebook.com\\\/AlzolaBasqueWater\",\"https:\\\/\\\/www.instagram.com\\\/basquewater\\\/\",\"https:\\\/\\\/x.com\\\/basquewater\"]}]}<\/script>\n<!-- \/ Yoast SEO plugin. -->","yoast_head_json":{"title":"Alzola en la Exposici\u00f3n Universal de Par\u00eds de 1900 - Alzola Basque Water","description":"El agua mineral de Alzola fue galardonada en la Exposici\u00f3n Universal de Par\u00eds de 1900 con la medalla de oro y plata","robots":{"index":"index","follow":"follow","max-snippet":"max-snippet:-1","max-image-preview":"max-image-preview:large","max-video-preview":"max-video-preview:-1"},"canonical":"https:\/\/www.alzola.com\/es\/alzola-en-la-exposicion-universal-de-paris-de-1900\/","og_locale":"es_ES","og_type":"article","og_title":"Alzola en la Exposici\u00f3n Universal de Par\u00eds de 1900 - Alzola Basque Water","og_description":"El agua mineral de Alzola fue galardonada en la Exposici\u00f3n Universal de Par\u00eds de 1900 con la medalla de oro y plata","og_url":"https:\/\/www.alzola.com\/es\/alzola-en-la-exposicion-universal-de-paris-de-1900\/","og_site_name":"Alzola Basque Water","article_publisher":"https:\/\/www.facebook.com\/alzolabasquewater\/","article_author":"www.facebook.com\/AlzolaBasqueWater","article_published_time":"2023-10-03T21:05:27+00:00","article_modified_time":"2023-10-03T21:05:28+00:00","og_image":[{"width":1000,"height":667,"url":"https:\/\/www.alzola.com\/wp-content\/uploads\/2023\/10\/Exposicion-Universal-de-Paris-de-1900.-Medalla-de-plata-reverso.jpg","type":"image\/jpeg"}],"author":"Alzola Basque Water","twitter_card":"summary_large_image","twitter_creator":"@basquewater","twitter_site":"@BasqueWater","twitter_misc":{"Escrito por":"Alzola Basque Water","Tiempo de lectura":"13 minutos"},"schema":{"@context":"https:\/\/schema.org","@graph":[{"@type":"Article","@id":"https:\/\/www.alzola.com\/es\/alzola-en-la-exposicion-universal-de-paris-de-1900\/#article","isPartOf":{"@id":"https:\/\/www.alzola.com\/es\/alzola-en-la-exposicion-universal-de-paris-de-1900\/"},"author":{"name":"Alzola Basque Water","@id":"https:\/\/www.alzola.com\/es\/#\/schema\/person\/67ba21fcc68e23f591865e5457edc378"},"headline":"Alzola en la Exposici\u00f3n Universal de Par\u00eds de 1900","datePublished":"2023-10-03T21:05:27+00:00","dateModified":"2023-10-03T21:05:28+00:00","mainEntityOfPage":{"@id":"https:\/\/www.alzola.com\/es\/alzola-en-la-exposicion-universal-de-paris-de-1900\/"},"wordCount":2012,"publisher":{"@id":"https:\/\/www.alzola.com\/es\/#organization"},"image":{"@id":"https:\/\/www.alzola.com\/es\/alzola-en-la-exposicion-universal-de-paris-de-1900\/#primaryimage"},"thumbnailUrl":"https:\/\/www.alzola.com\/wp-content\/uploads\/2023\/10\/Exposicion-Universal-de-Paris-de-1900.-Medalla-de-plata-reverso.jpg","keywords":["Agua Mineral Natural","Alzola Basque Water"],"articleSection":["Agua de Alzola"],"inLanguage":"es"},{"@type":"WebPage","@id":"https:\/\/www.alzola.com\/es\/alzola-en-la-exposicion-universal-de-paris-de-1900\/","url":"https:\/\/www.alzola.com\/es\/alzola-en-la-exposicion-universal-de-paris-de-1900\/","name":"Alzola en la Exposici\u00f3n Universal de Par\u00eds de 1900 - Alzola Basque Water","isPartOf":{"@id":"https:\/\/www.alzola.com\/es\/#website"},"primaryImageOfPage":{"@id":"https:\/\/www.alzola.com\/es\/alzola-en-la-exposicion-universal-de-paris-de-1900\/#primaryimage"},"image":{"@id":"https:\/\/www.alzola.com\/es\/alzola-en-la-exposicion-universal-de-paris-de-1900\/#primaryimage"},"thumbnailUrl":"https:\/\/www.alzola.com\/wp-content\/uploads\/2023\/10\/Exposicion-Universal-de-Paris-de-1900.-Medalla-de-plata-reverso.jpg","datePublished":"2023-10-03T21:05:27+00:00","dateModified":"2023-10-03T21:05:28+00:00","description":"El agua mineral de Alzola fue galardonada en la Exposici\u00f3n Universal de Par\u00eds de 1900 con la medalla de oro y plata","breadcrumb":{"@id":"https:\/\/www.alzola.com\/es\/alzola-en-la-exposicion-universal-de-paris-de-1900\/#breadcrumb"},"inLanguage":"es","potentialAction":[{"@type":"ReadAction","target":["https:\/\/www.alzola.com\/es\/alzola-en-la-exposicion-universal-de-paris-de-1900\/"]}]},{"@type":"ImageObject","inLanguage":"es","@id":"https:\/\/www.alzola.com\/es\/alzola-en-la-exposicion-universal-de-paris-de-1900\/#primaryimage","url":"https:\/\/www.alzola.com\/wp-content\/uploads\/2023\/10\/Exposicion-Universal-de-Paris-de-1900.-Medalla-de-plata-reverso.jpg","contentUrl":"https:\/\/www.alzola.com\/wp-content\/uploads\/2023\/10\/Exposicion-Universal-de-Paris-de-1900.-Medalla-de-plata-reverso.jpg","width":1000,"height":667},{"@type":"BreadcrumbList","@id":"https:\/\/www.alzola.com\/es\/alzola-en-la-exposicion-universal-de-paris-de-1900\/#breadcrumb","itemListElement":[{"@type":"ListItem","position":1,"name":"Portada","item":"https:\/\/www.alzola.com\/es\/"},{"@type":"ListItem","position":2,"name":"Alzola en la Exposici\u00f3n Universal de Par\u00eds de 1900"}]},{"@type":"WebSite","@id":"https:\/\/www.alzola.com\/es\/#website","url":"https:\/\/www.alzola.com\/es\/","name":"Alzola Basque Water","description":"Agua Mineral Natural desde 1801","publisher":{"@id":"https:\/\/www.alzola.com\/es\/#organization"},"potentialAction":[{"@type":"SearchAction","target":{"@type":"EntryPoint","urlTemplate":"https:\/\/www.alzola.com\/es\/?s={search_term_string}"},"query-input":{"@type":"PropertyValueSpecification","valueRequired":true,"valueName":"search_term_string"}}],"inLanguage":"es"},{"@type":"Organization","@id":"https:\/\/www.alzola.com\/es\/#organization","name":"BalenzateguiSA - Alzola Basque Water","url":"https:\/\/www.alzola.com\/es\/","logo":{"@type":"ImageObject","inLanguage":"es","@id":"https:\/\/www.alzola.com\/es\/#\/schema\/logo\/image\/","url":"https:\/\/www.alzola.com\/wp-content\/uploads\/2013\/09\/Logo-alzola-baja.png","contentUrl":"https:\/\/www.alzola.com\/wp-content\/uploads\/2013\/09\/Logo-alzola-baja.png","width":892,"height":600,"caption":"BalenzateguiSA - Alzola Basque Water"},"image":{"@id":"https:\/\/www.alzola.com\/es\/#\/schema\/logo\/image\/"},"sameAs":["https:\/\/www.facebook.com\/alzolabasquewater\/","https:\/\/x.com\/BasqueWater","https:\/\/www.instagram.com\/basquewater\/","https:\/\/www.linkedin.com\/company\/3155611\/","https:\/\/es.pinterest.com\/basquewater\/","https:\/\/www.youtube.com\/AlzolaBasqueWater"]},{"@type":"Person","@id":"https:\/\/www.alzola.com\/es\/#\/schema\/person\/67ba21fcc68e23f591865e5457edc378","name":"Alzola Basque Water","image":{"@type":"ImageObject","inLanguage":"es","@id":"https:\/\/secure.gravatar.com\/avatar\/6c16b08ba125fac103c3b367e4bd71c56459032ae0395aef4da6ab3a913593ba?s=96&d=mm&r=g","url":"https:\/\/secure.gravatar.com\/avatar\/6c16b08ba125fac103c3b367e4bd71c56459032ae0395aef4da6ab3a913593ba?s=96&d=mm&r=g","contentUrl":"https:\/\/secure.gravatar.com\/avatar\/6c16b08ba125fac103c3b367e4bd71c56459032ae0395aef4da6ab3a913593ba?s=96&d=mm&r=g","caption":"Alzola Basque Water"},"description":"Agua Mineral Natural declarada de Utilidad P\u00fablica en 1843.","sameAs":["https:\/\/www.alzola.com","www.facebook.com\/AlzolaBasqueWater","https:\/\/www.instagram.com\/basquewater\/","https:\/\/x.com\/basquewater"]}]}},"_links":{"self":[{"href":"https:\/\/www.alzola.com\/es\/wp-json\/wp\/v2\/posts\/54762","targetHints":{"allow":["GET"]}}],"collection":[{"href":"https:\/\/www.alzola.com\/es\/wp-json\/wp\/v2\/posts"}],"about":[{"href":"https:\/\/www.alzola.com\/es\/wp-json\/wp\/v2\/types\/post"}],"author":[{"embeddable":true,"href":"https:\/\/www.alzola.com\/es\/wp-json\/wp\/v2\/users\/2"}],"replies":[{"embeddable":true,"href":"https:\/\/www.alzola.com\/es\/wp-json\/wp\/v2\/comments?post=54762"}],"version-history":[{"count":5,"href":"https:\/\/www.alzola.com\/es\/wp-json\/wp\/v2\/posts\/54762\/revisions"}],"predecessor-version":[{"id":54787,"href":"https:\/\/www.alzola.com\/es\/wp-json\/wp\/v2\/posts\/54762\/revisions\/54787"}],"wp:featuredmedia":[{"embeddable":true,"href":"https:\/\/www.alzola.com\/es\/wp-json\/wp\/v2\/media\/54771"}],"wp:attachment":[{"href":"https:\/\/www.alzola.com\/es\/wp-json\/wp\/v2\/media?parent=54762"}],"wp:term":[{"taxonomy":"category","embeddable":true,"href":"https:\/\/www.alzola.com\/es\/wp-json\/wp\/v2\/categories?post=54762"},{"taxonomy":"post_tag","embeddable":true,"href":"https:\/\/www.alzola.com\/es\/wp-json\/wp\/v2\/tags?post=54762"}],"curies":[{"name":"wp","href":"https:\/\/api.w.org\/{rel}","templated":true}]}}