{"id":5311,"date":"2021-07-29T19:50:00","date_gmt":"2021-07-29T18:50:00","guid":{"rendered":"https:\/\/www.alzola.com\/?p=5311"},"modified":"2022-01-13T16:00:42","modified_gmt":"2022-01-13T15:00:42","slug":"bus-activo-contra-el-cancer","status":"publish","type":"post","link":"https:\/\/www.alzola.com\/es\/bus-activo-contra-el-cancer\/","title":{"rendered":"\u00abBus Activo Contra el C\u00e1ncer\u00bb: este viaje lo hacemos juntos"},"content":{"rendered":"<p>El pasado 19 de julio de 2021 se present\u00f3 la campa\u00f1a \u00abBus Activo Contra el C\u00e1ncer\u00bb creada por la Asociaci\u00f3n contra el C\u00e1ncer, AECC Gipuzkoa.<\/p>\n<p><img loading=\"lazy\" decoding=\"async\" class=\"aligncenter size-full wp-image-5312\" src=\"https:\/\/www.alzola.com\/wp-content\/uploads\/2021\/07\/AECC-Gipuzkoa-Prevenci\u00f3n-del-C\u00e1ncer-de-Piel-Alzola.jpg\" alt=\"\" width=\"1200\" height=\"674\" srcset=\"https:\/\/www.alzola.com\/wp-content\/uploads\/2021\/07\/AECC-Gipuzkoa-Prevenci\u00f3n-del-C\u00e1ncer-de-Piel-Alzola.jpg 1200w, https:\/\/www.alzola.com\/wp-content\/uploads\/2021\/07\/AECC-Gipuzkoa-Prevenci\u00f3n-del-C\u00e1ncer-de-Piel-Alzola-300x169.jpg 300w, https:\/\/www.alzola.com\/wp-content\/uploads\/2021\/07\/AECC-Gipuzkoa-Prevenci\u00f3n-del-C\u00e1ncer-de-Piel-Alzola-1024x575.jpg 1024w, https:\/\/www.alzola.com\/wp-content\/uploads\/2021\/07\/AECC-Gipuzkoa-Prevenci\u00f3n-del-C\u00e1ncer-de-Piel-Alzola-768x431.jpg 768w, https:\/\/www.alzola.com\/wp-content\/uploads\/2021\/07\/AECC-Gipuzkoa-Prevenci\u00f3n-del-C\u00e1ncer-de-Piel-Alzola-84x47.jpg 84w, https:\/\/www.alzola.com\/wp-content\/uploads\/2021\/07\/AECC-Gipuzkoa-Prevenci\u00f3n-del-C\u00e1ncer-de-Piel-Alzola-200x112.jpg 200w, https:\/\/www.alzola.com\/wp-content\/uploads\/2021\/07\/AECC-Gipuzkoa-Prevenci\u00f3n-del-C\u00e1ncer-de-Piel-Alzola-450x253.jpg 450w, https:\/\/www.alzola.com\/wp-content\/uploads\/2021\/07\/AECC-Gipuzkoa-Prevenci\u00f3n-del-C\u00e1ncer-de-Piel-Alzola-360x202.jpg 360w, https:\/\/www.alzola.com\/wp-content\/uploads\/2021\/07\/AECC-Gipuzkoa-Prevenci\u00f3n-del-C\u00e1ncer-de-Piel-Alzola-800x449.jpg 800w\" sizes=\"auto, (max-width: 1200px) 100vw, 1200px\" \/><\/p>\n<p>Con la Asociaci\u00f3n contra el C\u00e1ncer, AECC Gipuzkoa, aprendimos en 2015 la importancia de una buena hidrataci\u00f3n, fundamental para prevenir el c\u00e1ncer de piel. Y que <strong>es importante beber agua antes, durante y despu\u00e9s de la exposici\u00f3n al sol<\/strong>. En aquella <a href=\"https:\/\/www.alzola.com\/aecc-gipuzkoa-culmina-campana-prevencion-solar-del-cancer-de-piel\/\" target=\"_blank\" rel=\"noopener\">campa\u00f1a de Prevenci\u00f3n del C\u00e1ncer de Piel<\/a> se atendieron a 3.581 personas a lo largo de 24 jornadas (del 22 de junio al 28 de julio de 2015) y se concienci\u00f3 en que el Agua de Manantial Natural de Alzola BasqueWater es para beber, pero tambi\u00e9n para la <strong>hidrataci\u00f3n celular<\/strong>.<\/p>\n<p><img loading=\"lazy\" decoding=\"async\" class=\"aligncenter size-full wp-image-5313\" src=\"https:\/\/www.alzola.com\/wp-content\/uploads\/2021\/07\/AECC-Gipuzkoa-Disfruta-del-Sol-sin-dolor.jpg\" alt=\"\" width=\"1200\" height=\"675\" srcset=\"https:\/\/www.alzola.com\/wp-content\/uploads\/2021\/07\/AECC-Gipuzkoa-Disfruta-del-Sol-sin-dolor.jpg 1200w, https:\/\/www.alzola.com\/wp-content\/uploads\/2021\/07\/AECC-Gipuzkoa-Disfruta-del-Sol-sin-dolor-300x169.jpg 300w, https:\/\/www.alzola.com\/wp-content\/uploads\/2021\/07\/AECC-Gipuzkoa-Disfruta-del-Sol-sin-dolor-1024x576.jpg 1024w, https:\/\/www.alzola.com\/wp-content\/uploads\/2021\/07\/AECC-Gipuzkoa-Disfruta-del-Sol-sin-dolor-768x432.jpg 768w, https:\/\/www.alzola.com\/wp-content\/uploads\/2021\/07\/AECC-Gipuzkoa-Disfruta-del-Sol-sin-dolor-84x47.jpg 84w, https:\/\/www.alzola.com\/wp-content\/uploads\/2021\/07\/AECC-Gipuzkoa-Disfruta-del-Sol-sin-dolor-200x113.jpg 200w, https:\/\/www.alzola.com\/wp-content\/uploads\/2021\/07\/AECC-Gipuzkoa-Disfruta-del-Sol-sin-dolor-450x253.jpg 450w, https:\/\/www.alzola.com\/wp-content\/uploads\/2021\/07\/AECC-Gipuzkoa-Disfruta-del-Sol-sin-dolor-360x203.jpg 360w, https:\/\/www.alzola.com\/wp-content\/uploads\/2021\/07\/AECC-Gipuzkoa-Disfruta-del-Sol-sin-dolor-800x450.jpg 800w\" sizes=\"auto, (max-width: 1200px) 100vw, 1200px\" \/><\/p>\n<p>Un a\u00f1o m\u00e1s tarde, en la <a href=\"https:\/\/www.alzola.com\/aeccgipuzkoa-te-ayuda-a-mejorar-tus-habitos\/\" target=\"_blank\" rel=\"noopener\">campa\u00f1a \u201cDisfruta del Sol sin dolor\u201d<\/a> AECC Gipuzkoa volvi\u00f3 a salir a la calle para recordar a la poblaci\u00f3n que la <strong>hidrataci\u00f3n<\/strong> es, adem\u00e1s de la ropa y otros recursos para proteger nuestro cuerpo sol como el uso de gorras, gafas de sol, crema de protecci\u00f3n solar y uso de sombras y ambientes frescos, un recurso sumamente importante <strong>para evitar el c\u00e1ncer de piel<\/strong>.<\/p>\n<p><img loading=\"lazy\" decoding=\"async\" class=\"aligncenter size-full wp-image-5314\" src=\"https:\/\/www.alzola.com\/wp-content\/uploads\/2021\/07\/AECC-Gipuzkoa-Donostia-Azul-Salud-Alzola.jpg\" alt=\"\" width=\"1200\" height=\"675\" srcset=\"https:\/\/www.alzola.com\/wp-content\/uploads\/2021\/07\/AECC-Gipuzkoa-Donostia-Azul-Salud-Alzola.jpg 1200w, https:\/\/www.alzola.com\/wp-content\/uploads\/2021\/07\/AECC-Gipuzkoa-Donostia-Azul-Salud-Alzola-300x169.jpg 300w, https:\/\/www.alzola.com\/wp-content\/uploads\/2021\/07\/AECC-Gipuzkoa-Donostia-Azul-Salud-Alzola-1024x576.jpg 1024w, https:\/\/www.alzola.com\/wp-content\/uploads\/2021\/07\/AECC-Gipuzkoa-Donostia-Azul-Salud-Alzola-768x432.jpg 768w, https:\/\/www.alzola.com\/wp-content\/uploads\/2021\/07\/AECC-Gipuzkoa-Donostia-Azul-Salud-Alzola-84x47.jpg 84w, https:\/\/www.alzola.com\/wp-content\/uploads\/2021\/07\/AECC-Gipuzkoa-Donostia-Azul-Salud-Alzola-200x113.jpg 200w, https:\/\/www.alzola.com\/wp-content\/uploads\/2021\/07\/AECC-Gipuzkoa-Donostia-Azul-Salud-Alzola-450x253.jpg 450w, https:\/\/www.alzola.com\/wp-content\/uploads\/2021\/07\/AECC-Gipuzkoa-Donostia-Azul-Salud-Alzola-360x203.jpg 360w, https:\/\/www.alzola.com\/wp-content\/uploads\/2021\/07\/AECC-Gipuzkoa-Donostia-Azul-Salud-Alzola-800x450.jpg 800w\" sizes=\"auto, (max-width: 1200px) 100vw, 1200px\" \/><\/p>\n<p>AECC de Gipuzkoa y Alzola Basque Water tambi\u00e9n colaboramos en la <a href=\"http:\/\/www.donostiaazulsalud.com\/\" target=\"_blank\" rel=\"noopener\">campa\u00f1a \u201cDonostia Azul Salud\u201d<\/a> , repartiendo botellas de agua por el comercio y la hosteler\u00eda de Donostia, a cambio de una <strong>donaci\u00f3n destinada \u00edntegramente a financiar la investigaci\u00f3n contra el c\u00e1ncer<\/strong>.<\/p>\n<p><img loading=\"lazy\" decoding=\"async\" class=\"aligncenter size-full wp-image-5315\" src=\"https:\/\/www.alzola.com\/wp-content\/uploads\/2021\/07\/Aman\u0303a-es-la-can\u0303a-con-Alzola-Basque-Water.jpg\" alt=\"\" width=\"1200\" height=\"524\" srcset=\"https:\/\/www.alzola.com\/wp-content\/uploads\/2021\/07\/Aman\u0303a-es-la-can\u0303a-con-Alzola-Basque-Water.jpg 1200w, https:\/\/www.alzola.com\/wp-content\/uploads\/2021\/07\/Aman\u0303a-es-la-can\u0303a-con-Alzola-Basque-Water-300x131.jpg 300w, https:\/\/www.alzola.com\/wp-content\/uploads\/2021\/07\/Aman\u0303a-es-la-can\u0303a-con-Alzola-Basque-Water-1024x447.jpg 1024w, https:\/\/www.alzola.com\/wp-content\/uploads\/2021\/07\/Aman\u0303a-es-la-can\u0303a-con-Alzola-Basque-Water-768x335.jpg 768w, https:\/\/www.alzola.com\/wp-content\/uploads\/2021\/07\/Aman\u0303a-es-la-can\u0303a-con-Alzola-Basque-Water-84x37.jpg 84w, https:\/\/www.alzola.com\/wp-content\/uploads\/2021\/07\/Aman\u0303a-es-la-can\u0303a-con-Alzola-Basque-Water-200x87.jpg 200w, https:\/\/www.alzola.com\/wp-content\/uploads\/2021\/07\/Aman\u0303a-es-la-can\u0303a-con-Alzola-Basque-Water-450x197.jpg 450w, https:\/\/www.alzola.com\/wp-content\/uploads\/2021\/07\/Aman\u0303a-es-la-can\u0303a-con-Alzola-Basque-Water-360x157.jpg 360w, https:\/\/www.alzola.com\/wp-content\/uploads\/2021\/07\/Aman\u0303a-es-la-can\u0303a-con-Alzola-Basque-Water-800x349.jpg 800w\" sizes=\"auto, (max-width: 1200px) 100vw, 1200px\" \/><\/p>\n<p>En 2019 formamos parte de una marcha solidaria contra el C\u00e1ncer en la <a href=\"https:\/\/www.alzola.com\/marcha-solidaria-contra-el-cancer-con-amana-es-la-cana\/\" target=\"_blank\" rel=\"noopener\">campa\u00f1a \u201cAma\u00f1a es la Ca\u00f1a\u201d<\/a> de nuevo con AECC Gipuzkoa donde se recogieron fondos para colaborar en la investigaci\u00f3n de una <strong>terapia que potencia las c\u00e9lulas del sistema inmune capaces de destruir las c\u00e9lulas malignas<\/strong>.<\/p>\n<p><img loading=\"lazy\" decoding=\"async\" class=\"aligncenter size-full wp-image-5316\" src=\"https:\/\/www.alzola.com\/wp-content\/uploads\/2021\/07\/Bus-Activo-Contra-el-C\u00e1ncer.jpg\" alt=\"\" width=\"1198\" height=\"674\" srcset=\"https:\/\/www.alzola.com\/wp-content\/uploads\/2021\/07\/Bus-Activo-Contra-el-C\u00e1ncer.jpg 1198w, https:\/\/www.alzola.com\/wp-content\/uploads\/2021\/07\/Bus-Activo-Contra-el-C\u00e1ncer-300x169.jpg 300w, https:\/\/www.alzola.com\/wp-content\/uploads\/2021\/07\/Bus-Activo-Contra-el-C\u00e1ncer-1024x576.jpg 1024w, https:\/\/www.alzola.com\/wp-content\/uploads\/2021\/07\/Bus-Activo-Contra-el-C\u00e1ncer-768x432.jpg 768w, https:\/\/www.alzola.com\/wp-content\/uploads\/2021\/07\/Bus-Activo-Contra-el-C\u00e1ncer-84x47.jpg 84w, https:\/\/www.alzola.com\/wp-content\/uploads\/2021\/07\/Bus-Activo-Contra-el-C\u00e1ncer-200x113.jpg 200w, https:\/\/www.alzola.com\/wp-content\/uploads\/2021\/07\/Bus-Activo-Contra-el-C\u00e1ncer-450x253.jpg 450w, https:\/\/www.alzola.com\/wp-content\/uploads\/2021\/07\/Bus-Activo-Contra-el-C\u00e1ncer-360x203.jpg 360w, https:\/\/www.alzola.com\/wp-content\/uploads\/2021\/07\/Bus-Activo-Contra-el-C\u00e1ncer-800x450.jpg 800w\" sizes=\"auto, (max-width: 1198px) 100vw, 1198px\" \/><\/p>\n<p>Despu\u00e9s de esta andadura este a\u00f1o nos toca subir al <a href=\"https:\/\/www.aecc.es\/es\/actualidad\/noticias\/aecc-gipuzkoa-presenta-bus-activo-contra-cancer-donostia\" target=\"_blank\" rel=\"noopener\">autob\u00fas solidario \u201cBus Activo contra el C\u00e1ncer\u201d de AECC Gipuzkoa<\/a> que recorrer\u00e1 las calles de Donostia durante 2021 con el objetivo de <strong>informar a la poblaci\u00f3n sobre los servicios gratuitos<\/strong> que ofrece la Asociaci\u00f3n contra el C\u00e1ncer, AECC Gipuzkoa.<\/p>\n<p>Adem\u00e1s, a esta campa\u00f1a se a\u00f1aden diferentes sorteos mensuales organizados en las redes sociales de AECC Gipuzkoa durante todo el a\u00f1o.<\/p>\n<p>\u00bfA qu\u00e9 esperas para subirte al bus?<\/p>\n","protected":false},"excerpt":{"rendered":"<p>El pasado 19 de julio de 2021 se present\u00f3 la campa\u00f1a \u00abBus Activo Contra el C\u00e1ncer\u00bb creada por la Asociaci\u00f3n contra el C\u00e1ncer, AECC Gipuzkoa.<\/p>\n","protected":false},"author":2,"featured_media":5318,"comment_status":"closed","ping_status":"open","sticky":false,"template":"","format":"standard","meta":{"om_disable_all_campaigns":false,"_monsterinsights_skip_tracking":false,"_monsterinsights_sitenote_active":false,"_monsterinsights_sitenote_note":"","_monsterinsights_sitenote_category":0,"footnotes":""},"categories":[156],"tags":[219,257,213,47],"class_list":["post-5311","post","type-post","status-publish","format-standard","has-post-thumbnail","hentry","category-aecc","tag-aecc","tag-aecc_gipuzkoa","tag-agua-mineral-natural","tag-alzola-basque-water"],"yoast_head":"<!-- This site is optimized with the Yoast SEO plugin v27.5 - https:\/\/yoast.com\/product\/yoast-seo-wordpress\/ -->\n<title>&quot;Bus Activo Contra el C\u00e1ncer&quot;: este viaje lo hacemos juntos - Alzola Basque Water<\/title>\n<meta name=\"description\" content=\"{:es}El pasado 19 de julio de 2021 se present\u00f3 la campa\u00f1a &quot;Bus Activo Contra el C\u00e1ncer&quot; creada por la Asociaci\u00f3n contra el C\u00e1ncer, AECC Gipuzkoa. {:}\" \/>\n<meta name=\"robots\" content=\"index, follow, max-snippet:-1, max-image-preview:large, max-video-preview:-1\" \/>\n<link rel=\"canonical\" href=\"https:\/\/www.alzola.com\/es\/bus-activo-contra-el-cancer\/\" \/>\n<meta property=\"og:locale\" content=\"es_ES\" \/>\n<meta property=\"og:type\" content=\"article\" \/>\n<meta property=\"og:title\" content=\"&quot;Bus Activo Contra el C\u00e1ncer&quot;: este viaje lo hacemos juntos - Alzola Basque Water\" \/>\n<meta property=\"og:description\" content=\"{:es}El pasado 19 de julio de 2021 se present\u00f3 la campa\u00f1a &quot;Bus Activo Contra el C\u00e1ncer&quot; creada por la Asociaci\u00f3n contra el C\u00e1ncer, AECC Gipuzkoa. {:}\" \/>\n<meta property=\"og:url\" content=\"https:\/\/www.alzola.com\/es\/bus-activo-contra-el-cancer\/\" \/>\n<meta property=\"og:site_name\" content=\"Alzola Basque Water\" \/>\n<meta property=\"article:publisher\" content=\"https:\/\/www.facebook.com\/alzolabasquewater\/\" \/>\n<meta property=\"article:author\" content=\"www.facebook.com\/AlzolaBasqueWater\" \/>\n<meta property=\"article:published_time\" content=\"2021-07-29T18:50:00+00:00\" \/>\n<meta property=\"article:modified_time\" content=\"2022-01-13T15:00:42+00:00\" \/>\n<meta property=\"og:image\" content=\"https:\/\/www.alzola.com\/wp-content\/uploads\/2021\/07\/Bus-Activo-Contra-el-C\u00e1ncer-este-viaje-lo-hacemos-juntos.jpg\" \/>\n\t<meta property=\"og:image:width\" content=\"1200\" \/>\n\t<meta property=\"og:image:height\" content=\"674\" \/>\n\t<meta property=\"og:image:type\" content=\"image\/jpeg\" \/>\n<meta name=\"author\" content=\"Alzola Basque Water\" \/>\n<meta name=\"twitter:card\" content=\"summary_large_image\" \/>\n<meta name=\"twitter:creator\" content=\"@basquewater\" \/>\n<meta name=\"twitter:site\" content=\"@BasqueWater\" \/>\n<meta name=\"twitter:label1\" content=\"Escrito por\" \/>\n\t<meta name=\"twitter:data1\" content=\"Alzola Basque Water\" \/>\n\t<meta name=\"twitter:label2\" content=\"Tiempo de lectura\" \/>\n\t<meta name=\"twitter:data2\" content=\"3 minutos\" \/>\n<script type=\"application\/ld+json\" class=\"yoast-schema-graph\">{\"@context\":\"https:\\\/\\\/schema.org\",\"@graph\":[{\"@type\":\"Article\",\"@id\":\"https:\\\/\\\/www.alzola.com\\\/es\\\/bus-activo-contra-el-cancer\\\/#article\",\"isPartOf\":{\"@id\":\"https:\\\/\\\/www.alzola.com\\\/es\\\/bus-activo-contra-el-cancer\\\/\"},\"author\":{\"name\":\"Alzola Basque Water\",\"@id\":\"https:\\\/\\\/www.alzola.com\\\/es\\\/#\\\/schema\\\/person\\\/67ba21fcc68e23f591865e5457edc378\"},\"headline\":\"\u00abBus Activo Contra el C\u00e1ncer\u00bb: este viaje lo hacemos juntos\",\"datePublished\":\"2021-07-29T18:50:00+00:00\",\"dateModified\":\"2022-01-13T15:00:42+00:00\",\"mainEntityOfPage\":{\"@id\":\"https:\\\/\\\/www.alzola.com\\\/es\\\/bus-activo-contra-el-cancer\\\/\"},\"wordCount\":400,\"publisher\":{\"@id\":\"https:\\\/\\\/www.alzola.com\\\/es\\\/#organization\"},\"image\":{\"@id\":\"https:\\\/\\\/www.alzola.com\\\/es\\\/bus-activo-contra-el-cancer\\\/#primaryimage\"},\"thumbnailUrl\":\"https:\\\/\\\/www.alzola.com\\\/wp-content\\\/uploads\\\/2021\\\/07\\\/Bus-Activo-Contra-el-C\u00e1ncer-este-viaje-lo-hacemos-juntos.jpg\",\"keywords\":[\"AECC\",\"AECC_Gipuzkoa\",\"Agua Mineral Natural\",\"Alzola Basque Water\"],\"articleSection\":[\"AECC\"],\"inLanguage\":\"es\"},{\"@type\":\"WebPage\",\"@id\":\"https:\\\/\\\/www.alzola.com\\\/es\\\/bus-activo-contra-el-cancer\\\/\",\"url\":\"https:\\\/\\\/www.alzola.com\\\/es\\\/bus-activo-contra-el-cancer\\\/\",\"name\":\"\\\"Bus Activo Contra el C\u00e1ncer\\\": este viaje lo hacemos juntos - Alzola Basque Water\",\"isPartOf\":{\"@id\":\"https:\\\/\\\/www.alzola.com\\\/es\\\/#website\"},\"primaryImageOfPage\":{\"@id\":\"https:\\\/\\\/www.alzola.com\\\/es\\\/bus-activo-contra-el-cancer\\\/#primaryimage\"},\"image\":{\"@id\":\"https:\\\/\\\/www.alzola.com\\\/es\\\/bus-activo-contra-el-cancer\\\/#primaryimage\"},\"thumbnailUrl\":\"https:\\\/\\\/www.alzola.com\\\/wp-content\\\/uploads\\\/2021\\\/07\\\/Bus-Activo-Contra-el-C\u00e1ncer-este-viaje-lo-hacemos-juntos.jpg\",\"datePublished\":\"2021-07-29T18:50:00+00:00\",\"dateModified\":\"2022-01-13T15:00:42+00:00\",\"description\":\"{:es}El pasado 19 de julio de 2021 se present\u00f3 la campa\u00f1a \\\"Bus Activo Contra el C\u00e1ncer\\\" creada por la Asociaci\u00f3n contra el C\u00e1ncer, AECC Gipuzkoa. {:}\",\"breadcrumb\":{\"@id\":\"https:\\\/\\\/www.alzola.com\\\/es\\\/bus-activo-contra-el-cancer\\\/#breadcrumb\"},\"inLanguage\":\"es\",\"potentialAction\":[{\"@type\":\"ReadAction\",\"target\":[\"https:\\\/\\\/www.alzola.com\\\/es\\\/bus-activo-contra-el-cancer\\\/\"]}]},{\"@type\":\"ImageObject\",\"inLanguage\":\"es\",\"@id\":\"https:\\\/\\\/www.alzola.com\\\/es\\\/bus-activo-contra-el-cancer\\\/#primaryimage\",\"url\":\"https:\\\/\\\/www.alzola.com\\\/wp-content\\\/uploads\\\/2021\\\/07\\\/Bus-Activo-Contra-el-C\u00e1ncer-este-viaje-lo-hacemos-juntos.jpg\",\"contentUrl\":\"https:\\\/\\\/www.alzola.com\\\/wp-content\\\/uploads\\\/2021\\\/07\\\/Bus-Activo-Contra-el-C\u00e1ncer-este-viaje-lo-hacemos-juntos.jpg\",\"width\":1200,\"height\":674},{\"@type\":\"BreadcrumbList\",\"@id\":\"https:\\\/\\\/www.alzola.com\\\/es\\\/bus-activo-contra-el-cancer\\\/#breadcrumb\",\"itemListElement\":[{\"@type\":\"ListItem\",\"position\":1,\"name\":\"Portada\",\"item\":\"https:\\\/\\\/www.alzola.com\\\/es\\\/\"},{\"@type\":\"ListItem\",\"position\":2,\"name\":\"\u00abBus Activo Contra el C\u00e1ncer\u00bb: este viaje lo hacemos juntos\"}]},{\"@type\":\"WebSite\",\"@id\":\"https:\\\/\\\/www.alzola.com\\\/es\\\/#website\",\"url\":\"https:\\\/\\\/www.alzola.com\\\/es\\\/\",\"name\":\"Alzola Basque Water\",\"description\":\"Agua Mineral Natural desde 1801\",\"publisher\":{\"@id\":\"https:\\\/\\\/www.alzola.com\\\/es\\\/#organization\"},\"potentialAction\":[{\"@type\":\"SearchAction\",\"target\":{\"@type\":\"EntryPoint\",\"urlTemplate\":\"https:\\\/\\\/www.alzola.com\\\/es\\\/?s={search_term_string}\"},\"query-input\":{\"@type\":\"PropertyValueSpecification\",\"valueRequired\":true,\"valueName\":\"search_term_string\"}}],\"inLanguage\":\"es\"},{\"@type\":\"Organization\",\"@id\":\"https:\\\/\\\/www.alzola.com\\\/es\\\/#organization\",\"name\":\"BalenzateguiSA - Alzola Basque Water\",\"url\":\"https:\\\/\\\/www.alzola.com\\\/es\\\/\",\"logo\":{\"@type\":\"ImageObject\",\"inLanguage\":\"es\",\"@id\":\"https:\\\/\\\/www.alzola.com\\\/es\\\/#\\\/schema\\\/logo\\\/image\\\/\",\"url\":\"https:\\\/\\\/www.alzola.com\\\/wp-content\\\/uploads\\\/2013\\\/09\\\/Logo-alzola-baja.png\",\"contentUrl\":\"https:\\\/\\\/www.alzola.com\\\/wp-content\\\/uploads\\\/2013\\\/09\\\/Logo-alzola-baja.png\",\"width\":892,\"height\":600,\"caption\":\"BalenzateguiSA - Alzola Basque Water\"},\"image\":{\"@id\":\"https:\\\/\\\/www.alzola.com\\\/es\\\/#\\\/schema\\\/logo\\\/image\\\/\"},\"sameAs\":[\"https:\\\/\\\/www.facebook.com\\\/alzolabasquewater\\\/\",\"https:\\\/\\\/x.com\\\/BasqueWater\",\"https:\\\/\\\/www.instagram.com\\\/basquewater\\\/\",\"https:\\\/\\\/www.linkedin.com\\\/company\\\/3155611\\\/\",\"https:\\\/\\\/es.pinterest.com\\\/basquewater\\\/\",\"https:\\\/\\\/www.youtube.com\\\/AlzolaBasqueWater\"]},{\"@type\":\"Person\",\"@id\":\"https:\\\/\\\/www.alzola.com\\\/es\\\/#\\\/schema\\\/person\\\/67ba21fcc68e23f591865e5457edc378\",\"name\":\"Alzola Basque Water\",\"image\":{\"@type\":\"ImageObject\",\"inLanguage\":\"es\",\"@id\":\"https:\\\/\\\/secure.gravatar.com\\\/avatar\\\/6c16b08ba125fac103c3b367e4bd71c56459032ae0395aef4da6ab3a913593ba?s=96&d=mm&r=g\",\"url\":\"https:\\\/\\\/secure.gravatar.com\\\/avatar\\\/6c16b08ba125fac103c3b367e4bd71c56459032ae0395aef4da6ab3a913593ba?s=96&d=mm&r=g\",\"contentUrl\":\"https:\\\/\\\/secure.gravatar.com\\\/avatar\\\/6c16b08ba125fac103c3b367e4bd71c56459032ae0395aef4da6ab3a913593ba?s=96&d=mm&r=g\",\"caption\":\"Alzola Basque Water\"},\"description\":\"Agua Mineral Natural declarada de Utilidad P\u00fablica en 1843.\",\"sameAs\":[\"https:\\\/\\\/www.alzola.com\",\"www.facebook.com\\\/AlzolaBasqueWater\",\"https:\\\/\\\/www.instagram.com\\\/basquewater\\\/\",\"https:\\\/\\\/x.com\\\/basquewater\"]}]}<\/script>\n<!-- \/ Yoast SEO plugin. -->","yoast_head_json":{"title":"\"Bus Activo Contra el C\u00e1ncer\": este viaje lo hacemos juntos - Alzola Basque Water","description":"{:es}El pasado 19 de julio de 2021 se present\u00f3 la campa\u00f1a \"Bus Activo Contra el C\u00e1ncer\" creada por la Asociaci\u00f3n contra el C\u00e1ncer, AECC Gipuzkoa. {:}","robots":{"index":"index","follow":"follow","max-snippet":"max-snippet:-1","max-image-preview":"max-image-preview:large","max-video-preview":"max-video-preview:-1"},"canonical":"https:\/\/www.alzola.com\/es\/bus-activo-contra-el-cancer\/","og_locale":"es_ES","og_type":"article","og_title":"\"Bus Activo Contra el C\u00e1ncer\": este viaje lo hacemos juntos - Alzola Basque Water","og_description":"{:es}El pasado 19 de julio de 2021 se present\u00f3 la campa\u00f1a \"Bus Activo Contra el C\u00e1ncer\" creada por la Asociaci\u00f3n contra el C\u00e1ncer, AECC Gipuzkoa. {:}","og_url":"https:\/\/www.alzola.com\/es\/bus-activo-contra-el-cancer\/","og_site_name":"Alzola Basque Water","article_publisher":"https:\/\/www.facebook.com\/alzolabasquewater\/","article_author":"www.facebook.com\/AlzolaBasqueWater","article_published_time":"2021-07-29T18:50:00+00:00","article_modified_time":"2022-01-13T15:00:42+00:00","og_image":[{"width":1200,"height":674,"url":"https:\/\/www.alzola.com\/wp-content\/uploads\/2021\/07\/Bus-Activo-Contra-el-C\u00e1ncer-este-viaje-lo-hacemos-juntos.jpg","type":"image\/jpeg"}],"author":"Alzola Basque Water","twitter_card":"summary_large_image","twitter_creator":"@basquewater","twitter_site":"@BasqueWater","twitter_misc":{"Escrito por":"Alzola Basque Water","Tiempo de lectura":"3 minutos"},"schema":{"@context":"https:\/\/schema.org","@graph":[{"@type":"Article","@id":"https:\/\/www.alzola.com\/es\/bus-activo-contra-el-cancer\/#article","isPartOf":{"@id":"https:\/\/www.alzola.com\/es\/bus-activo-contra-el-cancer\/"},"author":{"name":"Alzola Basque Water","@id":"https:\/\/www.alzola.com\/es\/#\/schema\/person\/67ba21fcc68e23f591865e5457edc378"},"headline":"\u00abBus Activo Contra el C\u00e1ncer\u00bb: este viaje lo hacemos juntos","datePublished":"2021-07-29T18:50:00+00:00","dateModified":"2022-01-13T15:00:42+00:00","mainEntityOfPage":{"@id":"https:\/\/www.alzola.com\/es\/bus-activo-contra-el-cancer\/"},"wordCount":400,"publisher":{"@id":"https:\/\/www.alzola.com\/es\/#organization"},"image":{"@id":"https:\/\/www.alzola.com\/es\/bus-activo-contra-el-cancer\/#primaryimage"},"thumbnailUrl":"https:\/\/www.alzola.com\/wp-content\/uploads\/2021\/07\/Bus-Activo-Contra-el-C\u00e1ncer-este-viaje-lo-hacemos-juntos.jpg","keywords":["AECC","AECC_Gipuzkoa","Agua Mineral Natural","Alzola Basque Water"],"articleSection":["AECC"],"inLanguage":"es"},{"@type":"WebPage","@id":"https:\/\/www.alzola.com\/es\/bus-activo-contra-el-cancer\/","url":"https:\/\/www.alzola.com\/es\/bus-activo-contra-el-cancer\/","name":"\"Bus Activo Contra el C\u00e1ncer\": este viaje lo hacemos juntos - Alzola Basque Water","isPartOf":{"@id":"https:\/\/www.alzola.com\/es\/#website"},"primaryImageOfPage":{"@id":"https:\/\/www.alzola.com\/es\/bus-activo-contra-el-cancer\/#primaryimage"},"image":{"@id":"https:\/\/www.alzola.com\/es\/bus-activo-contra-el-cancer\/#primaryimage"},"thumbnailUrl":"https:\/\/www.alzola.com\/wp-content\/uploads\/2021\/07\/Bus-Activo-Contra-el-C\u00e1ncer-este-viaje-lo-hacemos-juntos.jpg","datePublished":"2021-07-29T18:50:00+00:00","dateModified":"2022-01-13T15:00:42+00:00","description":"{:es}El pasado 19 de julio de 2021 se present\u00f3 la campa\u00f1a \"Bus Activo Contra el C\u00e1ncer\" creada por la Asociaci\u00f3n contra el C\u00e1ncer, AECC Gipuzkoa. {:}","breadcrumb":{"@id":"https:\/\/www.alzola.com\/es\/bus-activo-contra-el-cancer\/#breadcrumb"},"inLanguage":"es","potentialAction":[{"@type":"ReadAction","target":["https:\/\/www.alzola.com\/es\/bus-activo-contra-el-cancer\/"]}]},{"@type":"ImageObject","inLanguage":"es","@id":"https:\/\/www.alzola.com\/es\/bus-activo-contra-el-cancer\/#primaryimage","url":"https:\/\/www.alzola.com\/wp-content\/uploads\/2021\/07\/Bus-Activo-Contra-el-C\u00e1ncer-este-viaje-lo-hacemos-juntos.jpg","contentUrl":"https:\/\/www.alzola.com\/wp-content\/uploads\/2021\/07\/Bus-Activo-Contra-el-C\u00e1ncer-este-viaje-lo-hacemos-juntos.jpg","width":1200,"height":674},{"@type":"BreadcrumbList","@id":"https:\/\/www.alzola.com\/es\/bus-activo-contra-el-cancer\/#breadcrumb","itemListElement":[{"@type":"ListItem","position":1,"name":"Portada","item":"https:\/\/www.alzola.com\/es\/"},{"@type":"ListItem","position":2,"name":"\u00abBus Activo Contra el C\u00e1ncer\u00bb: este viaje lo hacemos juntos"}]},{"@type":"WebSite","@id":"https:\/\/www.alzola.com\/es\/#website","url":"https:\/\/www.alzola.com\/es\/","name":"Alzola Basque Water","description":"Agua Mineral Natural desde 1801","publisher":{"@id":"https:\/\/www.alzola.com\/es\/#organization"},"potentialAction":[{"@type":"SearchAction","target":{"@type":"EntryPoint","urlTemplate":"https:\/\/www.alzola.com\/es\/?s={search_term_string}"},"query-input":{"@type":"PropertyValueSpecification","valueRequired":true,"valueName":"search_term_string"}}],"inLanguage":"es"},{"@type":"Organization","@id":"https:\/\/www.alzola.com\/es\/#organization","name":"BalenzateguiSA - Alzola Basque Water","url":"https:\/\/www.alzola.com\/es\/","logo":{"@type":"ImageObject","inLanguage":"es","@id":"https:\/\/www.alzola.com\/es\/#\/schema\/logo\/image\/","url":"https:\/\/www.alzola.com\/wp-content\/uploads\/2013\/09\/Logo-alzola-baja.png","contentUrl":"https:\/\/www.alzola.com\/wp-content\/uploads\/2013\/09\/Logo-alzola-baja.png","width":892,"height":600,"caption":"BalenzateguiSA - Alzola Basque Water"},"image":{"@id":"https:\/\/www.alzola.com\/es\/#\/schema\/logo\/image\/"},"sameAs":["https:\/\/www.facebook.com\/alzolabasquewater\/","https:\/\/x.com\/BasqueWater","https:\/\/www.instagram.com\/basquewater\/","https:\/\/www.linkedin.com\/company\/3155611\/","https:\/\/es.pinterest.com\/basquewater\/","https:\/\/www.youtube.com\/AlzolaBasqueWater"]},{"@type":"Person","@id":"https:\/\/www.alzola.com\/es\/#\/schema\/person\/67ba21fcc68e23f591865e5457edc378","name":"Alzola Basque Water","image":{"@type":"ImageObject","inLanguage":"es","@id":"https:\/\/secure.gravatar.com\/avatar\/6c16b08ba125fac103c3b367e4bd71c56459032ae0395aef4da6ab3a913593ba?s=96&d=mm&r=g","url":"https:\/\/secure.gravatar.com\/avatar\/6c16b08ba125fac103c3b367e4bd71c56459032ae0395aef4da6ab3a913593ba?s=96&d=mm&r=g","contentUrl":"https:\/\/secure.gravatar.com\/avatar\/6c16b08ba125fac103c3b367e4bd71c56459032ae0395aef4da6ab3a913593ba?s=96&d=mm&r=g","caption":"Alzola Basque Water"},"description":"Agua Mineral Natural declarada de Utilidad P\u00fablica en 1843.","sameAs":["https:\/\/www.alzola.com","www.facebook.com\/AlzolaBasqueWater","https:\/\/www.instagram.com\/basquewater\/","https:\/\/x.com\/basquewater"]}]}},"_links":{"self":[{"href":"https:\/\/www.alzola.com\/es\/wp-json\/wp\/v2\/posts\/5311","targetHints":{"allow":["GET"]}}],"collection":[{"href":"https:\/\/www.alzola.com\/es\/wp-json\/wp\/v2\/posts"}],"about":[{"href":"https:\/\/www.alzola.com\/es\/wp-json\/wp\/v2\/types\/post"}],"author":[{"embeddable":true,"href":"https:\/\/www.alzola.com\/es\/wp-json\/wp\/v2\/users\/2"}],"replies":[{"embeddable":true,"href":"https:\/\/www.alzola.com\/es\/wp-json\/wp\/v2\/comments?post=5311"}],"version-history":[{"count":0,"href":"https:\/\/www.alzola.com\/es\/wp-json\/wp\/v2\/posts\/5311\/revisions"}],"wp:featuredmedia":[{"embeddable":true,"href":"https:\/\/www.alzola.com\/es\/wp-json\/wp\/v2\/media\/5318"}],"wp:attachment":[{"href":"https:\/\/www.alzola.com\/es\/wp-json\/wp\/v2\/media?parent=5311"}],"wp:term":[{"taxonomy":"category","embeddable":true,"href":"https:\/\/www.alzola.com\/es\/wp-json\/wp\/v2\/categories?post=5311"},{"taxonomy":"post_tag","embeddable":true,"href":"https:\/\/www.alzola.com\/es\/wp-json\/wp\/v2\/tags?post=5311"}],"curies":[{"name":"wp","href":"https:\/\/api.w.org\/{rel}","templated":true}]}}