{"id":5244,"date":"2021-02-09T12:44:34","date_gmt":"2021-02-09T11:44:34","guid":{"rendered":"https:\/\/www.alzola.com\/?p=5244"},"modified":"2024-10-21T09:16:45","modified_gmt":"2024-10-21T08:16:45","slug":"hidratacion-en-invierno","status":"publish","type":"post","link":"https:\/\/www.alzola.com\/es\/hidratacion-en-invierno\/","title":{"rendered":"La falta de hidrataci\u00f3n en invierno. \u00bfC\u00f3mo no sentir fr\u00edo?"},"content":{"rendered":"<h3 class=\"p1\"><b>La falta de Hidrataci\u00f3n tambi\u00e9n se da en invierno<\/b><\/h3>\n<p class=\"p3\">Hay veces en las que disminuye la atenci\u00f3n que dedicamos a las se\u00f1ales de nuestro cuerpo. Esto puede propiciar descuidar la hidrataci\u00f3n, independientemente de la \u00e9poca del a\u00f1o. Hemos compartido algunos <a href=\"https:\/\/www.alzola.com\/es\/episodio-de-calor-agua-mineral-natural\" target=\"_blank\" rel=\"noopener\"><span class=\"s1\">consejos para evitar estas situaciones<\/span><\/a>. Hoy a\u00f1adiremos alg\u00fan consejo m\u00e1s, centrado en c\u00f3mo evitar la deshidrataci\u00f3n en invierno.<\/p>\n<p class=\"p3\">La falta de hidrataci\u00f3n es m\u00e1s f\u00e1cil de percibir en un ambiente caluroso que cuando azota el invierno. \u00bfTe has preguntado por qu\u00e9?<\/p>\n<p class=\"p3\">Mucha gente, cuando piensa en beber agua durante el invierno, siente una sensaci\u00f3n contraria a lo que realmente ocurre. Mantener el nivel de l\u00edquidos en el cuerpo nos ayuda a regular nuestra temperatura corporal. Sin embargo, hay personas que experimentan el est\u00edmulo opuesto cuando piensa en beber agua durante el invierno.<\/p>\n<p class=\"p3\">\u00bfPor qu\u00e9 ciertas personas tienen una sensaci\u00f3n de fr\u00edo cuando piensan en beber agua durante la \u00e9poca invernal?<\/p>\n<p class=\"p3\">\u00bfEs cuesti\u00f3n de prejuicios o son las circunstancias en las que se desenvuelven las que producen esa sensaci\u00f3n?<\/p>\n<h3 class=\"p4\"><b>El agua y el fr\u00edo no han de ir de la mano<\/b><\/h3>\n<p class=\"p3\">Pensemos en las situaciones en las que las personas sentimos sed, y sin embargo, el sentimiento de fr\u00edo no es prioritario&#8230; \u00bfQu\u00e9 es lo que nos viene a la cabeza? \u00bfLa \u00faltima vez que sent\u00edamos verdadera sed porque sud\u00e1bamos haciendo deporte? Probablemente.<\/p>\n<p class=\"p3\"><img loading=\"lazy\" decoding=\"async\" class=\"aligncenter wp-image-5289 size-large\" src=\"https:\/\/www.alzola.com\/wp-content\/uploads\/2021\/02\/Alzola-basque-water-tu-hidratacionen-invierno-1024x780.png\" alt=\"Hidrataci\u00f3n en Invierno\" width=\"602\" height=\"459\" srcset=\"https:\/\/www.alzola.com\/wp-content\/uploads\/2021\/02\/Alzola-basque-water-tu-hidratacionen-invierno-1024x780.png 1024w, https:\/\/www.alzola.com\/wp-content\/uploads\/2021\/02\/Alzola-basque-water-tu-hidratacionen-invierno-300x229.png 300w, https:\/\/www.alzola.com\/wp-content\/uploads\/2021\/02\/Alzola-basque-water-tu-hidratacionen-invierno-768x585.png 768w, https:\/\/www.alzola.com\/wp-content\/uploads\/2021\/02\/Alzola-basque-water-tu-hidratacionen-invierno-84x64.png 84w, https:\/\/www.alzola.com\/wp-content\/uploads\/2021\/02\/Alzola-basque-water-tu-hidratacionen-invierno-200x152.png 200w, https:\/\/www.alzola.com\/wp-content\/uploads\/2021\/02\/Alzola-basque-water-tu-hidratacionen-invierno-450x343.png 450w, https:\/\/www.alzola.com\/wp-content\/uploads\/2021\/02\/Alzola-basque-water-tu-hidratacionen-invierno-1037x790.png 1037w, https:\/\/www.alzola.com\/wp-content\/uploads\/2021\/02\/Alzola-basque-water-tu-hidratacionen-invierno-360x274.png 360w, https:\/\/www.alzola.com\/wp-content\/uploads\/2021\/02\/Alzola-basque-water-tu-hidratacionen-invierno-800x609.png 800w, https:\/\/www.alzola.com\/wp-content\/uploads\/2021\/02\/Alzola-basque-water-tu-hidratacionen-invierno.png 1284w\" sizes=\"auto, (max-width: 602px) 100vw, 602px\" \/><\/p>\n<p class=\"p3\">La vida sedentaria, la disminuci\u00f3n de nuestra actividad f\u00edsica durante el invierno y la alteraci\u00f3n de nuestro ritmo biol\u00f3gico unida a la ca\u00edda de las temperaturas puede provocar que nuestro cuerpo se contraiga. Cuando nuestro estado energ\u00e9tico es de reposo o m\u00e1s a\u00fan, cuando experimenta una contracci\u00f3n, hacemos poco favor a nuestro organismo al ingerir l\u00edquidos a una temperatura inferior a la del cuerpo. Con el agua igual.<\/p>\n<p><img loading=\"lazy\" decoding=\"async\" class=\"wp-image-5287 alignright\" src=\"https:\/\/www.alzola.com\/wp-content\/uploads\/2021\/01\/Vaso-de-txikitero-el-vino-bueno-y-el-agua-buena-a-temperatura-ambiente-300x300.png\" alt=\"\" width=\"216\" height=\"216\" srcset=\"https:\/\/www.alzola.com\/wp-content\/uploads\/2021\/01\/Vaso-de-txikitero-el-vino-bueno-y-el-agua-buena-a-temperatura-ambiente-300x300.png 300w, https:\/\/www.alzola.com\/wp-content\/uploads\/2021\/01\/Vaso-de-txikitero-el-vino-bueno-y-el-agua-buena-a-temperatura-ambiente-150x150.png 150w, https:\/\/www.alzola.com\/wp-content\/uploads\/2021\/01\/Vaso-de-txikitero-el-vino-bueno-y-el-agua-buena-a-temperatura-ambiente-768x771.png 768w, https:\/\/www.alzola.com\/wp-content\/uploads\/2021\/01\/Vaso-de-txikitero-el-vino-bueno-y-el-agua-buena-a-temperatura-ambiente-64x64.png 64w, https:\/\/www.alzola.com\/wp-content\/uploads\/2021\/01\/Vaso-de-txikitero-el-vino-bueno-y-el-agua-buena-a-temperatura-ambiente-84x84.png 84w, https:\/\/www.alzola.com\/wp-content\/uploads\/2021\/01\/Vaso-de-txikitero-el-vino-bueno-y-el-agua-buena-a-temperatura-ambiente-200x201.png 200w, https:\/\/www.alzola.com\/wp-content\/uploads\/2021\/01\/Vaso-de-txikitero-el-vino-bueno-y-el-agua-buena-a-temperatura-ambiente-450x452.png 450w, https:\/\/www.alzola.com\/wp-content\/uploads\/2021\/01\/Vaso-de-txikitero-el-vino-bueno-y-el-agua-buena-a-temperatura-ambiente-786x790.png 786w, https:\/\/www.alzola.com\/wp-content\/uploads\/2021\/01\/Vaso-de-txikitero-el-vino-bueno-y-el-agua-buena-a-temperatura-ambiente-360x362.png 360w, https:\/\/www.alzola.com\/wp-content\/uploads\/2021\/01\/Vaso-de-txikitero-el-vino-bueno-y-el-agua-buena-a-temperatura-ambiente-100x100.png 100w, https:\/\/www.alzola.com\/wp-content\/uploads\/2021\/01\/Vaso-de-txikitero-el-vino-bueno-y-el-agua-buena-a-temperatura-ambiente-800x804.png 800w, https:\/\/www.alzola.com\/wp-content\/uploads\/2021\/01\/Vaso-de-txikitero-el-vino-bueno-y-el-agua-buena-a-temperatura-ambiente.png 886w\" sizes=\"auto, (max-width: 216px) 100vw, 216px\" \/><\/p>\n<p class=\"p3\">Nuestra sociedad est\u00e1 acostumbrada a <a href=\"https:\/\/www.alzola.com\/sabes-que-bebes\/\" target=\"_blank\" rel=\"noopener\"><span class=\"s1\">ingerir el agua m\u00e1s bien fr\u00eda. Las razones para esto, ya las mencion\u00e1bamos en otro art\u00edculo<\/span><\/a> y las rememoramos porque a\u00fan hay mucha gente que no ha asimilado el mensaje. Para que quede claramente reflejado, vamos a hacerlo en t\u00e9rminos de comparativa con el vino, pero antes debes responder correctamente a esta prueba:<\/p>\n<p class=\"p3\"><em><strong>\u00bfC\u00f3mo saber si un vino es bueno\/malo?<\/strong><\/em><\/p>\n<p class=\"p3\"><em><strong>A) Cuando lo puedes beber a temperatura ambiente.<\/strong><\/em><\/p>\n<p class=\"p3\"><em><strong>B) Cuando est\u00e1 envasado en botella de cristal.<\/strong><\/em><\/p>\n<p class=\"p3\"><em><strong>C) Cuando es caro.<\/strong><\/em><\/p>\n<p class=\"p3\"><em>La respuesta correcta es la A).<\/em><\/p>\n<p class=\"p3\">Es cultura popular que el mal vino deba servirse fr\u00edo y en vaso de canto ancho. De ah\u00ed el dise\u00f1o del antiguo vaso de<strong><em> txikitero<\/em><\/strong>. Si adem\u00e1s est\u00e1 acompa\u00f1ado de un queso de sabor potente, esto tambi\u00e9n ayuda.<\/p>\n<p class=\"p3\">Con el agua ocurre algo semejante. El agua realmente buena, no solo es posible beberla a temperatura ambiente, tambi\u00e9n caliente. Quienes han tenido la ocasi\u00f3n de visitar el manantial de Alzola y probar en su surgencia, a 28 \u00baC, las aguas que aqu\u00ed afloran, reconocen este hecho. Al igual que se hace con el Agua Mineral Natural de Alzola Basque Water, cuando se siguen las indicaciones de la <a href=\"https:\/\/www.alzola.com\/receta-medica-clasica-del-balneario-de-alzola\/\" target=\"_blank\" rel=\"noopener\">Receta M\u00e9dica Hist\u00f3rica del Balneario de Alzola<\/a>, recomendamos beber el agua a temperatura lo m\u00e1s cercana a la temperatura de nuestro cuerpo.<\/p>\n<p><img loading=\"lazy\" decoding=\"async\" class=\"aligncenter wp-image-2344 size-large\" src=\"https:\/\/www.alzola.com\/wp-content\/uploads\/2017\/06\/Flyer-Receta-Medica-Historica-Balneario-de-Alzola-1024x610.jpg\" alt=\"Mea Claro y R\u00edete del Boticario y asegura la hidrataci\u00f3n en invierno como en verano\" width=\"602\" height=\"359\" srcset=\"https:\/\/www.alzola.com\/wp-content\/uploads\/2017\/06\/Flyer-Receta-Medica-Historica-Balneario-de-Alzola-1024x610.jpg 1024w, https:\/\/www.alzola.com\/wp-content\/uploads\/2017\/06\/Flyer-Receta-Medica-Historica-Balneario-de-Alzola-300x179.jpg 300w, https:\/\/www.alzola.com\/wp-content\/uploads\/2017\/06\/Flyer-Receta-Medica-Historica-Balneario-de-Alzola-768x457.jpg 768w, https:\/\/www.alzola.com\/wp-content\/uploads\/2017\/06\/Flyer-Receta-Medica-Historica-Balneario-de-Alzola-84x50.jpg 84w, https:\/\/www.alzola.com\/wp-content\/uploads\/2017\/06\/Flyer-Receta-Medica-Historica-Balneario-de-Alzola-200x119.jpg 200w, https:\/\/www.alzola.com\/wp-content\/uploads\/2017\/06\/Flyer-Receta-Medica-Historica-Balneario-de-Alzola-450x268.jpg 450w, https:\/\/www.alzola.com\/wp-content\/uploads\/2017\/06\/Flyer-Receta-Medica-Historica-Balneario-de-Alzola-360x214.jpg 360w, https:\/\/www.alzola.com\/wp-content\/uploads\/2017\/06\/Flyer-Receta-Medica-Historica-Balneario-de-Alzola-800x476.jpg 800w, https:\/\/www.alzola.com\/wp-content\/uploads\/2017\/06\/Flyer-Receta-Medica-Historica-Balneario-de-Alzola.jpg 1196w\" sizes=\"auto, (max-width: 602px) 100vw, 602px\" \/><\/p>\n<p class=\"p3\">Ahora, retomemos la reflexi\u00f3n previa a esta comparativa. Pensemos c\u00f3mo mejorar nuestra hidrataci\u00f3n en invierno. \u00bfQu\u00e9 hace que las personas optemos por la costumbre de ingerir agua fr\u00eda, en lugar de atemperada o caliente, como recomienda tambi\u00e9n la cultura china para activar el Chi o la energ\u00eda vital?<\/p>\n<p class=\"p3\">La costumbre de beber agua directamente del grifo<span class=\"Apple-converted-space\">\u00a0<\/span>contaminada por el cloro, las trazas met\u00e1licas de las tuber\u00edas por las que transcurre y otros agentes propios del agua de red, ha propiciado que, durante a\u00f1os, la mayor\u00eda de nosotros hayamos adquirido la costumbre de ingerir el agua m\u00e1s bien fr\u00eda. Principalmente, para evitar el sabor inducido por agentes qu\u00edmicos. Adem\u00e1s, con el tiempo, la ingesta habitual de cloro puede da\u00f1ar nuestras papilas gustativas. Esto ha generado alusiones equivocadas que se han generalizado en la mente de las personas, tales como la famosa y err\u00f3nea percepci\u00f3n de que \u00ab<i>el agua no tiene sabor.<\/i>\u00bb As\u00ed, poco a poco, la persona se va desnaturalizando, perdiendo las capacidades cognitivas.<\/p>\n<p class=\"p3\">Hay personas que aseguran que no pueden beber agua caliente. Ciertamente, hacerlo directamente del grifo puede resultar algo indeseable. Pero cuando estas personas prueban esta pr\u00e1ctica con Alzola Basque Water, experimentan un cambio en su percepci\u00f3n que nunca hubieran imaginado.<\/p>\n<p class=\"p3\">De aqu\u00ed, han derivado percepciones que dan t\u00edtulo a art\u00edculos como \u00ab<span class=\"s1\"><a href=\"https:\/\/www.alzola.com\/es\/personas-que-consumen-agua-mineral-natural-beben-mas-agua\/\" target=\"_blank\" rel=\"noopener\">Las personas que consumen Agua Mineral Natural para ingesta, beben m\u00e1s agua que las que consumen agua de grifo<\/a>\u00bb<\/span>. Esto ha quedado patente en personas cercanas al manantial que han experimentado esta vivencia personalmente.<\/p>\n<p class=\"p3\">As\u00ed pues, deseamos que la correcta hidrataci\u00f3n durante esta \u00e9poca invernal pueda ayudarte a sobrellevar el fr\u00edo con tus defensas a tope.<\/p>\n<p class=\"p3\">Recuerda que el deporte nos ayuda a mantenernos saludables y a mantener vivos los est\u00edmulos que el cuerpo genera, entre ellos, los que provocan la necesidad de beber.<\/p>\n<p class=\"p5\" style=\"text-align: center;\"><b>En invierno tambi\u00e9n, practica deporte y bebe Alzola Basque Water.<\/b><\/p>\n","protected":false},"excerpt":{"rendered":"<p>La falta de Hidrataci\u00f3n tambi\u00e9n se da en invierno Hay veces en las que disminuye la atenci\u00f3n que dedicamos a las se\u00f1ales de nuestro cuerpo. Esto puede propiciar descuidar la hidrataci\u00f3n, independientemente de la \u00e9poca del a\u00f1o. Hemos compartido algunos consejos para evitar estas situaciones. Hoy a\u00f1adiremos alg\u00fan consejo m\u00e1s, centrado en c\u00f3mo evitar la deshidrataci\u00f3n en invierno. La falta de hidrataci\u00f3n es m\u00e1s f\u00e1cil de percibir en un ambiente caluroso que cuando azota el invierno. \u00bfTe has preguntado por qu\u00e9? Mucha gente, cuando piensa en beber agua durante el invierno, siente una sensaci\u00f3n contraria a lo que realmente ocurre. Mantener el nivel de l\u00edquidos en el cuerpo nos ayuda a regular nuestra temperatura corporal. Sin embargo, hay personas que experimentan el est\u00edmulo opuesto cuando piensa en beber agua durante el invierno. \u00bfPor qu\u00e9 ciertas personas tienen una sensaci\u00f3n de fr\u00edo cuando piensan en beber agua durante la \u00e9poca invernal? \u00bfEs cuesti\u00f3n de prejuicios o son las circunstancias en las que se desenvuelven las que producen esa sensaci\u00f3n? El agua y el fr\u00edo no han de ir de la mano Pensemos en las situaciones en las que las personas sentimos sed, y sin embargo, el sentimiento de fr\u00edo no es&#8230;<\/p>\n","protected":false},"author":2,"featured_media":5290,"comment_status":"closed","ping_status":"open","sticky":false,"template":"","format":"standard","meta":{"om_disable_all_campaigns":false,"_monsterinsights_skip_tracking":false,"_monsterinsights_sitenote_active":false,"_monsterinsights_sitenote_note":"","_monsterinsights_sitenote_category":0,"footnotes":""},"categories":[44],"tags":[216,406],"class_list":["post-5244","post","type-post","status-publish","format-standard","has-post-thumbnail","hentry","category-agua-mineral-natural","tag-hidratacion","tag-invierno"],"yoast_head":"<!-- This site is optimized with the Yoast SEO plugin v27.5 - https:\/\/yoast.com\/product\/yoast-seo-wordpress\/ -->\n<title>La falta de hidrataci\u00f3n en invierno. \u00bfC\u00f3mo no sentir fr\u00edo?<\/title>\n<meta name=\"description\" content=\"{:es}La falta de hidrataci\u00f3n es m\u00e1s f\u00e1cil de percibir en un ambiente caluroso que cuando azota el invierno. \u00bfTe has preguntado por qu\u00e9?{:}\" \/>\n<meta name=\"robots\" content=\"index, follow, max-snippet:-1, max-image-preview:large, max-video-preview:-1\" \/>\n<link rel=\"canonical\" href=\"https:\/\/www.alzola.com\/es\/hidratacion-en-invierno\/\" \/>\n<meta property=\"og:locale\" content=\"es_ES\" \/>\n<meta property=\"og:type\" content=\"article\" \/>\n<meta property=\"og:title\" content=\"La falta de hidrataci\u00f3n en invierno. \u00bfC\u00f3mo no sentir fr\u00edo?\" \/>\n<meta property=\"og:description\" content=\"{:es}La falta de hidrataci\u00f3n es m\u00e1s f\u00e1cil de percibir en un ambiente caluroso que cuando azota el invierno. \u00bfTe has preguntado por qu\u00e9?{:}\" \/>\n<meta property=\"og:url\" content=\"https:\/\/www.alzola.com\/es\/hidratacion-en-invierno\/\" \/>\n<meta property=\"og:site_name\" content=\"Alzola Basque Water\" \/>\n<meta property=\"article:publisher\" content=\"https:\/\/www.facebook.com\/alzolabasquewater\/\" \/>\n<meta property=\"article:author\" content=\"www.facebook.com\/AlzolaBasqueWater\" \/>\n<meta property=\"article:published_time\" content=\"2021-02-09T11:44:34+00:00\" \/>\n<meta property=\"article:modified_time\" content=\"2024-10-21T08:16:45+00:00\" \/>\n<meta property=\"og:image\" content=\"https:\/\/www.alzola.com\/wp-content\/uploads\/2021\/02\/Hidratacio\u0301n-en-Invierno-con-Alzola-Basque-Water.jpg\" \/>\n\t<meta property=\"og:image:width\" content=\"2198\" \/>\n\t<meta property=\"og:image:height\" content=\"1226\" \/>\n\t<meta property=\"og:image:type\" content=\"image\/jpeg\" \/>\n<meta name=\"author\" content=\"Alzola Basque Water\" \/>\n<meta name=\"twitter:card\" content=\"summary_large_image\" \/>\n<meta name=\"twitter:creator\" content=\"@basquewater\" \/>\n<meta name=\"twitter:site\" content=\"@BasqueWater\" \/>\n<meta name=\"twitter:label1\" content=\"Escrito por\" \/>\n\t<meta name=\"twitter:data1\" content=\"Alzola Basque Water\" \/>\n\t<meta name=\"twitter:label2\" content=\"Tiempo de lectura\" \/>\n\t<meta name=\"twitter:data2\" content=\"5 minutos\" \/>\n<script type=\"application\/ld+json\" class=\"yoast-schema-graph\">{\"@context\":\"https:\\\/\\\/schema.org\",\"@graph\":[{\"@type\":\"Article\",\"@id\":\"https:\\\/\\\/www.alzola.com\\\/es\\\/hidratacion-en-invierno\\\/#article\",\"isPartOf\":{\"@id\":\"https:\\\/\\\/www.alzola.com\\\/es\\\/hidratacion-en-invierno\\\/\"},\"author\":{\"name\":\"Alzola Basque Water\",\"@id\":\"https:\\\/\\\/www.alzola.com\\\/es\\\/#\\\/schema\\\/person\\\/67ba21fcc68e23f591865e5457edc378\"},\"headline\":\"La falta de hidrataci\u00f3n en invierno. \u00bfC\u00f3mo no sentir fr\u00edo?\",\"datePublished\":\"2021-02-09T11:44:34+00:00\",\"dateModified\":\"2024-10-21T08:16:45+00:00\",\"mainEntityOfPage\":{\"@id\":\"https:\\\/\\\/www.alzola.com\\\/es\\\/hidratacion-en-invierno\\\/\"},\"wordCount\":908,\"publisher\":{\"@id\":\"https:\\\/\\\/www.alzola.com\\\/es\\\/#organization\"},\"image\":{\"@id\":\"https:\\\/\\\/www.alzola.com\\\/es\\\/hidratacion-en-invierno\\\/#primaryimage\"},\"thumbnailUrl\":\"https:\\\/\\\/www.alzola.com\\\/wp-content\\\/uploads\\\/2021\\\/02\\\/Hidratacio\u0301n-en-Invierno-con-Alzola-Basque-Water.jpg\",\"keywords\":[\"Hidrataci\u00f3n\",\"Invierno\"],\"articleSection\":[\"Agua Mineral Natural\"],\"inLanguage\":\"es\"},{\"@type\":\"WebPage\",\"@id\":\"https:\\\/\\\/www.alzola.com\\\/es\\\/hidratacion-en-invierno\\\/\",\"url\":\"https:\\\/\\\/www.alzola.com\\\/es\\\/hidratacion-en-invierno\\\/\",\"name\":\"La falta de hidrataci\u00f3n en invierno. \u00bfC\u00f3mo no sentir fr\u00edo?\",\"isPartOf\":{\"@id\":\"https:\\\/\\\/www.alzola.com\\\/es\\\/#website\"},\"primaryImageOfPage\":{\"@id\":\"https:\\\/\\\/www.alzola.com\\\/es\\\/hidratacion-en-invierno\\\/#primaryimage\"},\"image\":{\"@id\":\"https:\\\/\\\/www.alzola.com\\\/es\\\/hidratacion-en-invierno\\\/#primaryimage\"},\"thumbnailUrl\":\"https:\\\/\\\/www.alzola.com\\\/wp-content\\\/uploads\\\/2021\\\/02\\\/Hidratacio\u0301n-en-Invierno-con-Alzola-Basque-Water.jpg\",\"datePublished\":\"2021-02-09T11:44:34+00:00\",\"dateModified\":\"2024-10-21T08:16:45+00:00\",\"description\":\"{:es}La falta de hidrataci\u00f3n es m\u00e1s f\u00e1cil de percibir en un ambiente caluroso que cuando azota el invierno. \u00bfTe has preguntado por qu\u00e9?{:}\",\"breadcrumb\":{\"@id\":\"https:\\\/\\\/www.alzola.com\\\/es\\\/hidratacion-en-invierno\\\/#breadcrumb\"},\"inLanguage\":\"es\",\"potentialAction\":[{\"@type\":\"ReadAction\",\"target\":[\"https:\\\/\\\/www.alzola.com\\\/es\\\/hidratacion-en-invierno\\\/\"]}]},{\"@type\":\"ImageObject\",\"inLanguage\":\"es\",\"@id\":\"https:\\\/\\\/www.alzola.com\\\/es\\\/hidratacion-en-invierno\\\/#primaryimage\",\"url\":\"https:\\\/\\\/www.alzola.com\\\/wp-content\\\/uploads\\\/2021\\\/02\\\/Hidratacio\u0301n-en-Invierno-con-Alzola-Basque-Water.jpg\",\"contentUrl\":\"https:\\\/\\\/www.alzola.com\\\/wp-content\\\/uploads\\\/2021\\\/02\\\/Hidratacio\u0301n-en-Invierno-con-Alzola-Basque-Water.jpg\",\"width\":2198,\"height\":1226,\"caption\":\"Hidratacio\u0301n en Invierno con Alzola Basque Water\"},{\"@type\":\"BreadcrumbList\",\"@id\":\"https:\\\/\\\/www.alzola.com\\\/es\\\/hidratacion-en-invierno\\\/#breadcrumb\",\"itemListElement\":[{\"@type\":\"ListItem\",\"position\":1,\"name\":\"Portada\",\"item\":\"https:\\\/\\\/www.alzola.com\\\/es\\\/\"},{\"@type\":\"ListItem\",\"position\":2,\"name\":\"La falta de hidrataci\u00f3n en invierno. \u00bfC\u00f3mo no sentir fr\u00edo?\"}]},{\"@type\":\"WebSite\",\"@id\":\"https:\\\/\\\/www.alzola.com\\\/es\\\/#website\",\"url\":\"https:\\\/\\\/www.alzola.com\\\/es\\\/\",\"name\":\"Alzola Basque Water\",\"description\":\"Agua Mineral Natural desde 1801\",\"publisher\":{\"@id\":\"https:\\\/\\\/www.alzola.com\\\/es\\\/#organization\"},\"potentialAction\":[{\"@type\":\"SearchAction\",\"target\":{\"@type\":\"EntryPoint\",\"urlTemplate\":\"https:\\\/\\\/www.alzola.com\\\/es\\\/?s={search_term_string}\"},\"query-input\":{\"@type\":\"PropertyValueSpecification\",\"valueRequired\":true,\"valueName\":\"search_term_string\"}}],\"inLanguage\":\"es\"},{\"@type\":\"Organization\",\"@id\":\"https:\\\/\\\/www.alzola.com\\\/es\\\/#organization\",\"name\":\"BalenzateguiSA - Alzola Basque Water\",\"url\":\"https:\\\/\\\/www.alzola.com\\\/es\\\/\",\"logo\":{\"@type\":\"ImageObject\",\"inLanguage\":\"es\",\"@id\":\"https:\\\/\\\/www.alzola.com\\\/es\\\/#\\\/schema\\\/logo\\\/image\\\/\",\"url\":\"https:\\\/\\\/www.alzola.com\\\/wp-content\\\/uploads\\\/2013\\\/09\\\/Logo-alzola-baja.png\",\"contentUrl\":\"https:\\\/\\\/www.alzola.com\\\/wp-content\\\/uploads\\\/2013\\\/09\\\/Logo-alzola-baja.png\",\"width\":892,\"height\":600,\"caption\":\"BalenzateguiSA - Alzola Basque Water\"},\"image\":{\"@id\":\"https:\\\/\\\/www.alzola.com\\\/es\\\/#\\\/schema\\\/logo\\\/image\\\/\"},\"sameAs\":[\"https:\\\/\\\/www.facebook.com\\\/alzolabasquewater\\\/\",\"https:\\\/\\\/x.com\\\/BasqueWater\",\"https:\\\/\\\/www.instagram.com\\\/basquewater\\\/\",\"https:\\\/\\\/www.linkedin.com\\\/company\\\/3155611\\\/\",\"https:\\\/\\\/es.pinterest.com\\\/basquewater\\\/\",\"https:\\\/\\\/www.youtube.com\\\/AlzolaBasqueWater\"]},{\"@type\":\"Person\",\"@id\":\"https:\\\/\\\/www.alzola.com\\\/es\\\/#\\\/schema\\\/person\\\/67ba21fcc68e23f591865e5457edc378\",\"name\":\"Alzola Basque Water\",\"image\":{\"@type\":\"ImageObject\",\"inLanguage\":\"es\",\"@id\":\"https:\\\/\\\/secure.gravatar.com\\\/avatar\\\/6c16b08ba125fac103c3b367e4bd71c56459032ae0395aef4da6ab3a913593ba?s=96&d=mm&r=g\",\"url\":\"https:\\\/\\\/secure.gravatar.com\\\/avatar\\\/6c16b08ba125fac103c3b367e4bd71c56459032ae0395aef4da6ab3a913593ba?s=96&d=mm&r=g\",\"contentUrl\":\"https:\\\/\\\/secure.gravatar.com\\\/avatar\\\/6c16b08ba125fac103c3b367e4bd71c56459032ae0395aef4da6ab3a913593ba?s=96&d=mm&r=g\",\"caption\":\"Alzola Basque Water\"},\"description\":\"Agua Mineral Natural declarada de Utilidad P\u00fablica en 1843.\",\"sameAs\":[\"https:\\\/\\\/www.alzola.com\",\"www.facebook.com\\\/AlzolaBasqueWater\",\"https:\\\/\\\/www.instagram.com\\\/basquewater\\\/\",\"https:\\\/\\\/x.com\\\/basquewater\"]}]}<\/script>\n<!-- \/ Yoast SEO plugin. -->","yoast_head_json":{"title":"La falta de hidrataci\u00f3n en invierno. \u00bfC\u00f3mo no sentir fr\u00edo?","description":"{:es}La falta de hidrataci\u00f3n es m\u00e1s f\u00e1cil de percibir en un ambiente caluroso que cuando azota el invierno. \u00bfTe has preguntado por qu\u00e9?{:}","robots":{"index":"index","follow":"follow","max-snippet":"max-snippet:-1","max-image-preview":"max-image-preview:large","max-video-preview":"max-video-preview:-1"},"canonical":"https:\/\/www.alzola.com\/es\/hidratacion-en-invierno\/","og_locale":"es_ES","og_type":"article","og_title":"La falta de hidrataci\u00f3n en invierno. \u00bfC\u00f3mo no sentir fr\u00edo?","og_description":"{:es}La falta de hidrataci\u00f3n es m\u00e1s f\u00e1cil de percibir en un ambiente caluroso que cuando azota el invierno. \u00bfTe has preguntado por qu\u00e9?{:}","og_url":"https:\/\/www.alzola.com\/es\/hidratacion-en-invierno\/","og_site_name":"Alzola Basque Water","article_publisher":"https:\/\/www.facebook.com\/alzolabasquewater\/","article_author":"www.facebook.com\/AlzolaBasqueWater","article_published_time":"2021-02-09T11:44:34+00:00","article_modified_time":"2024-10-21T08:16:45+00:00","og_image":[{"width":2198,"height":1226,"url":"https:\/\/www.alzola.com\/wp-content\/uploads\/2021\/02\/Hidratacio\u0301n-en-Invierno-con-Alzola-Basque-Water.jpg","type":"image\/jpeg"}],"author":"Alzola Basque Water","twitter_card":"summary_large_image","twitter_creator":"@basquewater","twitter_site":"@BasqueWater","twitter_misc":{"Escrito por":"Alzola Basque Water","Tiempo de lectura":"5 minutos"},"schema":{"@context":"https:\/\/schema.org","@graph":[{"@type":"Article","@id":"https:\/\/www.alzola.com\/es\/hidratacion-en-invierno\/#article","isPartOf":{"@id":"https:\/\/www.alzola.com\/es\/hidratacion-en-invierno\/"},"author":{"name":"Alzola Basque Water","@id":"https:\/\/www.alzola.com\/es\/#\/schema\/person\/67ba21fcc68e23f591865e5457edc378"},"headline":"La falta de hidrataci\u00f3n en invierno. \u00bfC\u00f3mo no sentir fr\u00edo?","datePublished":"2021-02-09T11:44:34+00:00","dateModified":"2024-10-21T08:16:45+00:00","mainEntityOfPage":{"@id":"https:\/\/www.alzola.com\/es\/hidratacion-en-invierno\/"},"wordCount":908,"publisher":{"@id":"https:\/\/www.alzola.com\/es\/#organization"},"image":{"@id":"https:\/\/www.alzola.com\/es\/hidratacion-en-invierno\/#primaryimage"},"thumbnailUrl":"https:\/\/www.alzola.com\/wp-content\/uploads\/2021\/02\/Hidratacio\u0301n-en-Invierno-con-Alzola-Basque-Water.jpg","keywords":["Hidrataci\u00f3n","Invierno"],"articleSection":["Agua Mineral Natural"],"inLanguage":"es"},{"@type":"WebPage","@id":"https:\/\/www.alzola.com\/es\/hidratacion-en-invierno\/","url":"https:\/\/www.alzola.com\/es\/hidratacion-en-invierno\/","name":"La falta de hidrataci\u00f3n en invierno. \u00bfC\u00f3mo no sentir fr\u00edo?","isPartOf":{"@id":"https:\/\/www.alzola.com\/es\/#website"},"primaryImageOfPage":{"@id":"https:\/\/www.alzola.com\/es\/hidratacion-en-invierno\/#primaryimage"},"image":{"@id":"https:\/\/www.alzola.com\/es\/hidratacion-en-invierno\/#primaryimage"},"thumbnailUrl":"https:\/\/www.alzola.com\/wp-content\/uploads\/2021\/02\/Hidratacio\u0301n-en-Invierno-con-Alzola-Basque-Water.jpg","datePublished":"2021-02-09T11:44:34+00:00","dateModified":"2024-10-21T08:16:45+00:00","description":"{:es}La falta de hidrataci\u00f3n es m\u00e1s f\u00e1cil de percibir en un ambiente caluroso que cuando azota el invierno. \u00bfTe has preguntado por qu\u00e9?{:}","breadcrumb":{"@id":"https:\/\/www.alzola.com\/es\/hidratacion-en-invierno\/#breadcrumb"},"inLanguage":"es","potentialAction":[{"@type":"ReadAction","target":["https:\/\/www.alzola.com\/es\/hidratacion-en-invierno\/"]}]},{"@type":"ImageObject","inLanguage":"es","@id":"https:\/\/www.alzola.com\/es\/hidratacion-en-invierno\/#primaryimage","url":"https:\/\/www.alzola.com\/wp-content\/uploads\/2021\/02\/Hidratacio\u0301n-en-Invierno-con-Alzola-Basque-Water.jpg","contentUrl":"https:\/\/www.alzola.com\/wp-content\/uploads\/2021\/02\/Hidratacio\u0301n-en-Invierno-con-Alzola-Basque-Water.jpg","width":2198,"height":1226,"caption":"Hidratacio\u0301n en Invierno con Alzola Basque Water"},{"@type":"BreadcrumbList","@id":"https:\/\/www.alzola.com\/es\/hidratacion-en-invierno\/#breadcrumb","itemListElement":[{"@type":"ListItem","position":1,"name":"Portada","item":"https:\/\/www.alzola.com\/es\/"},{"@type":"ListItem","position":2,"name":"La falta de hidrataci\u00f3n en invierno. \u00bfC\u00f3mo no sentir fr\u00edo?"}]},{"@type":"WebSite","@id":"https:\/\/www.alzola.com\/es\/#website","url":"https:\/\/www.alzola.com\/es\/","name":"Alzola Basque Water","description":"Agua Mineral Natural desde 1801","publisher":{"@id":"https:\/\/www.alzola.com\/es\/#organization"},"potentialAction":[{"@type":"SearchAction","target":{"@type":"EntryPoint","urlTemplate":"https:\/\/www.alzola.com\/es\/?s={search_term_string}"},"query-input":{"@type":"PropertyValueSpecification","valueRequired":true,"valueName":"search_term_string"}}],"inLanguage":"es"},{"@type":"Organization","@id":"https:\/\/www.alzola.com\/es\/#organization","name":"BalenzateguiSA - Alzola Basque Water","url":"https:\/\/www.alzola.com\/es\/","logo":{"@type":"ImageObject","inLanguage":"es","@id":"https:\/\/www.alzola.com\/es\/#\/schema\/logo\/image\/","url":"https:\/\/www.alzola.com\/wp-content\/uploads\/2013\/09\/Logo-alzola-baja.png","contentUrl":"https:\/\/www.alzola.com\/wp-content\/uploads\/2013\/09\/Logo-alzola-baja.png","width":892,"height":600,"caption":"BalenzateguiSA - Alzola Basque Water"},"image":{"@id":"https:\/\/www.alzola.com\/es\/#\/schema\/logo\/image\/"},"sameAs":["https:\/\/www.facebook.com\/alzolabasquewater\/","https:\/\/x.com\/BasqueWater","https:\/\/www.instagram.com\/basquewater\/","https:\/\/www.linkedin.com\/company\/3155611\/","https:\/\/es.pinterest.com\/basquewater\/","https:\/\/www.youtube.com\/AlzolaBasqueWater"]},{"@type":"Person","@id":"https:\/\/www.alzola.com\/es\/#\/schema\/person\/67ba21fcc68e23f591865e5457edc378","name":"Alzola Basque Water","image":{"@type":"ImageObject","inLanguage":"es","@id":"https:\/\/secure.gravatar.com\/avatar\/6c16b08ba125fac103c3b367e4bd71c56459032ae0395aef4da6ab3a913593ba?s=96&d=mm&r=g","url":"https:\/\/secure.gravatar.com\/avatar\/6c16b08ba125fac103c3b367e4bd71c56459032ae0395aef4da6ab3a913593ba?s=96&d=mm&r=g","contentUrl":"https:\/\/secure.gravatar.com\/avatar\/6c16b08ba125fac103c3b367e4bd71c56459032ae0395aef4da6ab3a913593ba?s=96&d=mm&r=g","caption":"Alzola Basque Water"},"description":"Agua Mineral Natural declarada de Utilidad P\u00fablica en 1843.","sameAs":["https:\/\/www.alzola.com","www.facebook.com\/AlzolaBasqueWater","https:\/\/www.instagram.com\/basquewater\/","https:\/\/x.com\/basquewater"]}]}},"_links":{"self":[{"href":"https:\/\/www.alzola.com\/es\/wp-json\/wp\/v2\/posts\/5244","targetHints":{"allow":["GET"]}}],"collection":[{"href":"https:\/\/www.alzola.com\/es\/wp-json\/wp\/v2\/posts"}],"about":[{"href":"https:\/\/www.alzola.com\/es\/wp-json\/wp\/v2\/types\/post"}],"author":[{"embeddable":true,"href":"https:\/\/www.alzola.com\/es\/wp-json\/wp\/v2\/users\/2"}],"replies":[{"embeddable":true,"href":"https:\/\/www.alzola.com\/es\/wp-json\/wp\/v2\/comments?post=5244"}],"version-history":[{"count":3,"href":"https:\/\/www.alzola.com\/es\/wp-json\/wp\/v2\/posts\/5244\/revisions"}],"predecessor-version":[{"id":54974,"href":"https:\/\/www.alzola.com\/es\/wp-json\/wp\/v2\/posts\/5244\/revisions\/54974"}],"wp:featuredmedia":[{"embeddable":true,"href":"https:\/\/www.alzola.com\/es\/wp-json\/wp\/v2\/media\/5290"}],"wp:attachment":[{"href":"https:\/\/www.alzola.com\/es\/wp-json\/wp\/v2\/media?parent=5244"}],"wp:term":[{"taxonomy":"category","embeddable":true,"href":"https:\/\/www.alzola.com\/es\/wp-json\/wp\/v2\/categories?post=5244"},{"taxonomy":"post_tag","embeddable":true,"href":"https:\/\/www.alzola.com\/es\/wp-json\/wp\/v2\/tags?post=5244"}],"curies":[{"name":"wp","href":"https:\/\/api.w.org\/{rel}","templated":true}]}}