{"id":4868,"date":"2019-11-07T15:03:59","date_gmt":"2019-11-07T14:03:59","guid":{"rendered":"https:\/\/www.alzola.com\/?p=4868"},"modified":"2021-09-29T10:26:53","modified_gmt":"2021-09-29T09:26:53","slug":"esencia","status":"publish","type":"post","link":"https:\/\/www.alzola.com\/es\/esencia\/","title":{"rendered":"Producto, mensaje y esencia sin alterar, Alzola Basque Water"},"content":{"rendered":"<p>\u00bfPor qu\u00e9 un mensaje y esencia sin alterar corresponden al Agua Mineral Natural m\u00e1s equilibrada de Europa?<\/p>\n<h2 class=\"p2\"><span class=\"s1\"><b>El principio Causa &#8211; Efecto<\/b><\/span><\/h2>\n<p class=\"p3\"><span class=\"s1\">Casualmente, nos toca ser honestos con nosotros mismos. <\/span><\/p>\n<p class=\"p3\"><span class=\"s1\">Como ciudadanos de un entorno que asumimos civilizado, a menudo (casi nos podemos atrever a decir que en la mayor\u00eda de las ocasiones), no conocemos la verdad. Somos fieles seguidores de los<span class=\"Apple-converted-space\"> <\/span>escenarios que nos aseguran la comodidad. Aquellos en los que nuestro hom\u00f3nimo consumidor se muestra dispuesto a pagar por el confort que representan. <\/span><\/p>\n<p class=\"p3\"><span class=\"s1\">El precio a menudo, es reflejo del desconocimiento. Cierto es que cuando se limita la informaci\u00f3n, la vida parece m\u00e1s sencilla, liviana y c\u00f3moda.<\/span><\/p>\n<p class=\"p3\"><span class=\"s1\">Los sesgos en criterios y opiniones que puede provocar esta limitaci\u00f3n, y en consecuencia, el d\u00e9ficit de entendimiento que supone la libertad del conocimiento, son aspectos asumidos en nuestro d\u00eda a d\u00eda. Por ello, nos toca reconocer que a\u00fan otorgando a la casualidad el protagonismo cotidiano que habituamos, los acontecimientos responden a determinadas causas.<\/span><\/p>\n<p class=\"p3\"><span class=\"s1\">Los mercados las recogen a modo de factores que responden a reglas, la econom\u00eda les atribuye el car\u00e1cter de leyes (oferta y demanda) y el \u00e1mbito pol\u00edtico nos las presenta a modo de cocktail de adoctrinamiento para nuestra asimilaci\u00f3n pausada, somnolienta y despistada.<\/span><\/p>\n<p class=\"p3\"><span class=\"s1\">Como conclusi\u00f3n, vivencias, situaciones y experiencias que parecen rescatadas del limbo de lo absurdo. Y os preguntar\u00e9is, &#8230; \u00bfY qu\u00e9 tiene esto que ver con el agua m\u00e1s equilibrada de Europa?<\/span><\/p>\n<p class=\"p4\"><span class=\"s1\"> <\/span><\/p>\n<h2 class=\"p2\"><span class=\"s1\"><b>Las personas pecamos de comodidad<\/b><\/span><\/h2>\n<p class=\"p4\"><span class=\"s1\">Reconocemos que el planeta no es para siempre. Nuestro mayor l\u00edmite lo marca el tiempo y cualquier escenario posible de futuro se plantea con recursos limitados, donde pueden ocurrir dos cosas:<\/span><\/p>\n<p class=\"p4\"><span class=\"s1\">A) Que con \u00abla comodidad de quien consume\u00bb como bandera, mercados, Econom\u00eda y Pol\u00edtica esquilmen los recursos.<\/span><\/p>\n<p class=\"p4\"><span class=\"s1\">\u00f3 que&#8230;<\/span><\/p>\n<p class=\"p4\"><span class=\"s1\">B) Antepongamos la transparencia de la informaci\u00f3n y en consecuencia el conocimiento y el entendimiento. Un consenso de criterios y valores que albergue un futuro menos c\u00f3modo a priori, pero m\u00e1s veraz, real.<\/span><\/p>\n<p class=\"p4\"><span class=\"s1\">A falta de una causa mayor que altere el curso de la Historia, la experiencia nos sugiere una mayor probabilidad para el acontecimiento primero.<\/span><\/p>\n<h2 class=\"p2\"><span class=\"s1\"><b><img loading=\"lazy\" decoding=\"async\" class=\"alignleft wp-image-4894\" src=\"https:\/\/www.alzola.com\/wp-content\/uploads\/2019\/11\/Los-recursos-son-naturalmente-limitados-300x300.png\" alt=\"\" width=\"340\" height=\"340\" srcset=\"https:\/\/www.alzola.com\/wp-content\/uploads\/2019\/11\/Los-recursos-son-naturalmente-limitados-300x300.png 300w, https:\/\/www.alzola.com\/wp-content\/uploads\/2019\/11\/Los-recursos-son-naturalmente-limitados-150x150.png 150w, https:\/\/www.alzola.com\/wp-content\/uploads\/2019\/11\/Los-recursos-son-naturalmente-limitados-64x64.png 64w, https:\/\/www.alzola.com\/wp-content\/uploads\/2019\/11\/Los-recursos-son-naturalmente-limitados-84x84.png 84w, https:\/\/www.alzola.com\/wp-content\/uploads\/2019\/11\/Los-recursos-son-naturalmente-limitados-200x200.png 200w, https:\/\/www.alzola.com\/wp-content\/uploads\/2019\/11\/Los-recursos-son-naturalmente-limitados-450x450.png 450w, https:\/\/www.alzola.com\/wp-content\/uploads\/2019\/11\/Los-recursos-son-naturalmente-limitados-360x360.png 360w, https:\/\/www.alzola.com\/wp-content\/uploads\/2019\/11\/Los-recursos-son-naturalmente-limitados-100x100.png 100w, https:\/\/www.alzola.com\/wp-content\/uploads\/2019\/11\/Los-recursos-son-naturalmente-limitados.png 640w\" sizes=\"auto, (max-width: 340px) 100vw, 340px\" \/>Llevar al l\u00edmite los recursos en aras de nuestra comodidad<\/b><\/span><\/h2>\n<p class=\"p4\"><span class=\"s1\">El cambio clim\u00e1tico podr\u00eda ser la causa mayor hacia un nuevo escenario. Hay quien sostiene que la alteraci\u00f3n del clima, la subida del nivel del agua y otros factores representan una causa mayor para un cambio de paradigma a nivel global.<\/span><\/p>\n<p class=\"p4\"><span class=\"s1\">No obstante, la explotaci\u00f3n minera en pa\u00edses pobres para el desarrollo del parque m\u00f3vil global no hace m\u00e1s que trasladar el problema de fondo, sin resolverlo.<\/span><\/p>\n<p class=\"p4\"><span class=\"s1\">Seguiremos en el cauce turbio del ocultismo y la falta de rigor planetario, mientras las potencias mundiales tratan de imponer cada cual su hegemon\u00eda sobre cada habitante del planeta al que tengan llegada, bien por medio de la tecnolog\u00eda, la econom\u00eda o la religi\u00f3n, incluso mediante el control del agua.<\/span><\/p>\n<p>&nbsp;<\/p>\n<h2><\/h2>\n<h2><\/h2>\n<h2><\/h2>\n<h2 class=\"p2\"><span class=\"s1\"><b>El precio de la comodidad es la dependencia<\/b><\/span><\/h2>\n<p class=\"p4\"><span class=\"s1\">El territorio determina nuestra dependencia geogr\u00e1fica. En t\u00e9rminos de rigor, la dependencia m\u00e1s importante para un ser vivo es la dependencia al agua. Y \u00bfQu\u00e9 sabemos del agua?<\/span><\/p>\n<p class=\"p4\"><span class=\"s1\">En el mundo no hay acceso al agua potable para todos sus habitantes. Hay quien asegura que tampoco podr\u00eda darse esta posibilidad porque simplemente no hay agua limpia para todas las personas. <\/span><\/p>\n<p class=\"p4\"><span class=\"s1\">\u00bfHemos alcanzado ya el l\u00edmite de saturaci\u00f3n de los recursos h\u00eddricos del planeta por garantizar nuestra comodidad?<br \/>\nEstos son algunos datos a nivel estatal y a fecha de 2018 que pueden ayudar a orientarnos.<\/span><\/p>\n<p class=\"p4\">La huella h\u00eddrica de un espa\u00f1ol es de alrededor de 6.700 litros\/d\u00eda, vinculados en un 80% al sector agrario y en un 15% al sector industrial, una de las mayores huellas h\u00eddricas del mundo (fuente: <a href=\"http:\/\/www.esagua.es\/esagua\/la-necesidad\/\"><span class=\"s3\">esagua<\/span><\/a>).<\/p>\n<p class=\"p4\"><span class=\"s1\">El consumo dom\u00e9stico de agua de un espa\u00f1ol, por el contrario, con una media de 132 litros por persona y d\u00eda, se encuentra entre los m\u00e1s bajos de Europa. (fuente: <a href=\"https:\/\/www.efeverde.com\/noticias\/agua-litros-habitante\/\"><span class=\"s3\">efeverde<\/span><\/a>). Los <a href=\"https:\/\/www.mapa.gob.es\/es\/alimentacion\/temas\/consumo-y-comercializacion-y-distribucion-alimentaria\/20190807_informedeconsumo2018pdf_tcm30-512256.pdf\">datos del Ministerio de Agricultura, Pesca y Alimentaci\u00f3n sobre agua<\/a> para consumo de ingesta (no considera diferenciar el Agua Mineral Natural del agua preparada), muestran un aumento en 2018 de un 2,3% con relaci\u00f3n al a\u00f1o anterior, situando al consumo dom\u00e9stico de agua envasada en 62,76 litros por persona y a\u00f1o.<\/span><\/p>\n<p class=\"p4\"><span class=\"s1\">Durante 2018, seg\u00fan los <a href=\"http:\/\/www.aneabe.com\/el_agua_mineral\/cifras-del-sector\/\">datos recabados por Aneabe<\/a> y sujetos a sus empresas asociadas, el consumo medio de cada espa\u00f1ol ha resultado de 134 litros. Estos datos nos llevan a considerar que en Espa\u00f1a, con una producci\u00f3n de 6.312.000.000 litros (3,1% mayor respecto al a\u00f1o anterior) y una poblaci\u00f3n de 46.720.000 personas (lo que da un cociente de 135 litros\/persona), estar\u00eda en el l\u00edmite de poder soportar un hipot\u00e9tico abastecimiento con Agua Mineral Natural de toda su ciudadan\u00eda. <\/span><\/p>\n<p class=\"p4\"><span class=\"s1\">Ante esta hipot\u00e9tica situaci\u00f3n, podemos pensar que aproximadamente, disponemos de un umbral de aseguramiento para el abastecimiento de Agua Mineral Natural con origen estatal que depende directamente de la producci\u00f3n agregada de las empresas no asociadas a Aneabe y de la capacidad para aumentar la producci\u00f3n de todas en conjunto.<\/span><\/p>\n<p><img loading=\"lazy\" decoding=\"async\" class=\"aligncenter wp-image-4897\" src=\"https:\/\/www.alzola.com\/wp-content\/uploads\/2019\/11\/El-precio-de-la-comodidad-es-la-dependencia-en-esencia-1024x339.jpg\" alt=\"El precio de la comodidad es la dependencia en esencia\" width=\"905\" height=\"300\" srcset=\"https:\/\/www.alzola.com\/wp-content\/uploads\/2019\/11\/El-precio-de-la-comodidad-es-la-dependencia-en-esencia-1024x339.jpg 1024w, https:\/\/www.alzola.com\/wp-content\/uploads\/2019\/11\/El-precio-de-la-comodidad-es-la-dependencia-en-esencia-360x119.jpg 360w, https:\/\/www.alzola.com\/wp-content\/uploads\/2019\/11\/El-precio-de-la-comodidad-es-la-dependencia-en-esencia-800x265.jpg 800w, https:\/\/www.alzola.com\/wp-content\/uploads\/2019\/11\/El-precio-de-la-comodidad-es-la-dependencia-en-esencia-300x99.jpg 300w, https:\/\/www.alzola.com\/wp-content\/uploads\/2019\/11\/El-precio-de-la-comodidad-es-la-dependencia-en-esencia-768x255.jpg 768w\" sizes=\"auto, (max-width: 905px) 100vw, 905px\" \/><\/p>\n<p>&nbsp;<\/p>\n<h2><\/h2>\n<h2 class=\"p2\"><span class=\"s1\"><b>La comodidad de un segmento es la dependencia de otro<\/b><\/span><\/h2>\n<p class=\"p4\"><span class=\"s1\">Sin embargo, \u00abmantener a un segmento de la poblaci\u00f3n af\u00edn al consumo exclusivo del agua de red para ingesta y aferrado a la idea de que todas las aguas son iguales\u00bb representa una garant\u00eda para evitar este tipo de escenarios.<\/span><\/p>\n<p class=\"p4\"><span class=\"s1\">El cumplimiento de esta consideraci\u00f3n se asegura mediante diversas medidas, tanto a nivel pol\u00edtico, social como cultural.<\/span><\/p>\n<p class=\"p4\"><span class=\"s1\"> <\/span><\/p>\n<h3 class=\"p5\"><span class=\"s1\"><b>Medidas pol\u00edticas<\/b><\/span><\/h3>\n<p class=\"p4\"><span class=\"s1\">La principal medida que deriva del \u00e1mbito pol\u00edtico es la ofuscaci\u00f3n. Dificultar el acceso a la informaci\u00f3n y generar confusi\u00f3n en relaci\u00f3n al agua tiene un recorrido pol\u00edtico interesante.<\/span><\/p>\n<p class=\"p4\"><span class=\"s1\">La propia legislaci\u00f3n espa\u00f1ol aclara la <a href=\"https:\/\/www.alzola.com\/sabes-que-bebes\/\"><span class=\"s3\">diferencia entre aguas<\/span><\/a> y sin embargo, el \u00e1mbito pol\u00edtico se afana en emparejar la calidad, el car\u00e1cter y la esencia del agua potable y el Agua Mineral Natural.<\/span><\/p>\n<p class=\"p6\"><span class=\"s1\">La atribuci\u00f3n de t\u00e9rminos de equidad a dos productos que la propia legislaci\u00f3n determina diferentes y claramente diferenciados genera sospecha cuando se realiza bajo justificaci\u00f3n de limitar el uso del pl\u00e1stico. <\/span><\/p>\n<p class=\"p6\"><span class=\"s1\">\u00a1Perd\u00f3n! Son dos cosas independientes; que hagamos uso o no del pl\u00e1stico no infiere en las caracter\u00edsticas del agua. Otro aspecto fundamental en el desarrollo de la pol\u00edtica es el \u00e1mbito medioambiental. \u00a1Y es curioso!<\/span><\/p>\n<p class=\"p6\"><span class=\"s1\">Resulta siempre m\u00e1s id\u00f3neo desde el \u00e1mbito pol\u00edtico, asumir el desahucio popular de esta diferenciaci\u00f3n marcada por ley, que poner en entredicho la eficiencia del sistema de recogida selectiva y reciclado implantado en Espa\u00f1a. La propia legislaci\u00f3n otorga al sistema integral de reciclaje &#8211; Ecoembes y Ecovidrio &#8211; las competencias para el reciclado. <\/span><\/p>\n<p class=\"p6\"><span class=\"s1\">En este \u00e1mbito, al usuario aun le queda por asimilar que si hace caso omiso a la necesidad de seleccionar el residuo, no solo estar\u00e1 contribuyendo a la ineficiencia del sistema, adem\u00e1s estar\u00e1 pagando por un trabajo que no se efectuar\u00e1. Alguien cobrar\u00e1 por un trabajo que no va a realizar.<\/span><\/p>\n<p>&nbsp;<\/p>\n<h3 class=\"p5\"><span class=\"s1\"><b>Consideraciones Econ\u00f3micas<\/b><\/span><\/h3>\n<p class=\"p4\"><span class=\"s1\">Cabe resaltar en este aspecto, la comparativa que se lleva a cabo en relaci\u00f3n al precio (entre el agua potable y las Aguas Minerales Naturales) por parte de instituciones publicas, privadas y<span class=\"Apple-converted-space\">  <\/span>medios de comunicaci\u00f3n.<\/span><\/p>\n<p class=\"p4\"><span class=\"s1\">Esta comparativa da lugar a la manipulaci\u00f3n del entendimiento popular. Trata de comparar y equiparar el cociente de dividir la recaudaci\u00f3n anual entre la cantidad de agua con la que se ha abastecido a la poblaci\u00f3n, con el precio de mercado de un botell\u00edn de Agua Mineral Natural. \u00a1Esto es absurdo! Lo explicamos:<\/span><\/p>\n<p class=\"p4\"><span class=\"s1\">En el precio de un botell\u00edn se contemplan todos los costes derivados de la actividad econ\u00f3mica de la empresa envasadora. Sus instalaciones, maquinaria y laboratorio, amortizaciones, sueldos y salarios, acciones de marketing, impacto social, imputaciones de costes varios, etc. y el correspondiente margen de beneficio para la empresa, del que destinar\u00e1 la contribuci\u00f3n a las arcas del Estado v\u00eda impuestos correspondientes.<\/span><\/p>\n<p class=\"p4\"><span class=\"s1\">Por otro lado, en el caso del agua de red, ni infraestructura, ni el mantenimiento de instalaciones, ni los costes derivados del tratamiento y potabilizaci\u00f3n del agua se toman en consideraci\u00f3n para tal comparativa. Como ejemplo, quede constancia del coste estimado de 1,2 millones de \u20ac de la adecuaci\u00f3n de las instalaciones del sistema de abastecimiento de en la regi\u00f3n de Murcia tras la gota fr\u00eda del pasado Setiembre. La red de abastecimiento de agua potable es la instalaci\u00f3n m\u00e1s compleja a nivel estatal y sus costes no se contemplan en el c\u00e1lculo del precio del agua de red.<\/span><\/p>\n<p class=\"p4\"><span class=\"s1\"> <\/span><\/p>\n<h3 class=\"p5\"><span class=\"s1\"><b>Herramientas p\u00fablicas<\/b><\/span><\/h3>\n<p class=\"p4\"><span class=\"s1\">Para la difusi\u00f3n de este tipo de consideraciones err\u00f3neas, se emplean y articulan herramientas p\u00fablicas, de consistorios, diputaciones, y gobiernos auton\u00f3micos, sufragados con los impuestos de todos los ciudadanos, consumidores con derecho a la informaci\u00f3n, a la transparencia y al conocimiento. <\/span><\/p>\n<p class=\"p4\"><span class=\"s1\">Esto promueve que a menudo, las personas que ejercen sus competencias en dichos estamentos difieran en sus consideraciones con la realidad.<\/span><\/p>\n<p class=\"p4\"><span class=\"s1\"> <\/span><\/p>\n<h2 class=\"p5\"><span class=\"s1\"><b><img loading=\"lazy\" decoding=\"async\" class=\"alignright wp-image-4900\" src=\"https:\/\/www.alzola.com\/wp-content\/uploads\/2019\/11\/El-agua-invoca-nuestro-respeto-por-su-esencia.jpg\" alt=\"El agua invoca nuestro respeto por su esencia\" width=\"500\" height=\"331\" srcset=\"https:\/\/www.alzola.com\/wp-content\/uploads\/2019\/11\/El-agua-invoca-nuestro-respeto-por-su-esencia.jpg 640w, https:\/\/www.alzola.com\/wp-content\/uploads\/2019\/11\/El-agua-invoca-nuestro-respeto-por-su-esencia-300x199.jpg 300w, https:\/\/www.alzola.com\/wp-content\/uploads\/2019\/11\/El-agua-invoca-nuestro-respeto-por-su-esencia-84x56.jpg 84w, https:\/\/www.alzola.com\/wp-content\/uploads\/2019\/11\/El-agua-invoca-nuestro-respeto-por-su-esencia-200x133.jpg 200w, https:\/\/www.alzola.com\/wp-content\/uploads\/2019\/11\/El-agua-invoca-nuestro-respeto-por-su-esencia-450x298.jpg 450w, https:\/\/www.alzola.com\/wp-content\/uploads\/2019\/11\/El-agua-invoca-nuestro-respeto-por-su-esencia-360x239.jpg 360w\" sizes=\"auto, (max-width: 500px) 100vw, 500px\" \/>Legislaci\u00f3n<\/b><\/span><\/h2>\n<p class=\"p4\"><span class=\"s1\">La ley de Aguas Minerales Naturales en Espa\u00f1a prohibe hacer alusi\u00f3n a cualquier beneficio del producto para el organismo.<\/span><\/p>\n<p class=\"p4\"><span class=\"s1\"> A lo que antiguamente tomaba la definici\u00f3n de Agua Minero Medicinal, hoy en d\u00eda no puede dedic\u00e1rsele ninguna atribuci\u00f3n curativa.<\/span><\/p>\n<p class=\"p4\"><span class=\"s1\">Por otro lado, la Historia de los Balnearios dan fe de evidencias relacionadas con la curaci\u00f3n y la sanaci\u00f3n que muestran una realidad a la que a d\u00eda de hoy no es posible apelar, si no es por <a href=\"https:\/\/www.alzola.com\/receta-medica-clasica-del-balneario-de-alzola\/\"><span class=\"s3\">publicaciones previas a la ley.<\/span><\/a> <\/span><span class=\"s1\"><br \/>\n<\/span><\/p>\n<h2><\/h2>\n<p>&nbsp;<\/p>\n<h2 class=\"p2\"><span class=\"s1\"><b>La falta de veracidad se acomoda en los mercados<\/b><\/span><\/h2>\n<p class=\"p8\"><span class=\"s1\">La falta de rigor a la hora de abordar el reconocimiento de las diferentes aguas provoca confusi\u00f3n. En aras de la comodidad y ante la condici\u00f3n de tener que contrastar y\/o debatir el enfoque err\u00f3neo y carente de rigor de sus l\u00edderes,<span class=\"Apple-converted-space\">  <\/span>el p\u00fablico se desvincula de los conocimientos adquiridos para sustituirlos por creencias populares.<\/span><\/p>\n<p class=\"p8\"><span class=\"s1\">En consecuencia, se fomenta el riesgo de que la banalidad para abordar aspectos relativos a la alimentaci\u00f3n se desarrolle en la mente del consumidor. Anestesiado por la saturaci\u00f3n de mensajes, los cuales se ve abocado a filtrar, comienza confundiendo las aguas y termina asimilando conceptos tales como <a href=\"https:\/\/www.lavanguardia.com\/vivo\/ecologia\/20160614\/402498428265\/ecologico-biologico-organico-sostenible-alimentacion.html\"><span class=\"s4\">ecol\u00f3gico, biol\u00f3gico, sostenible y org\u00e1nico<\/span><\/a> como sin\u00f3nimos. <\/span><\/p>\n<p class=\"p8\"><span class=\"s1\">La legislaci\u00f3n correspondiente acaba regulando estos t\u00e9rminos. Ocurre una vez que la mezcla de conceptos ha viciado el pensamiento y su reeducaci\u00f3n se hace m\u00e1s complicada. Probablemente carezca de tiempo, est\u00edmulos ni inter\u00e9s para dedicar a una realidad que se repite. Y es que, las marcas buscan continuamente subterfugios que les ayuden a competir por la escasez de clarividencia de los consumidores, que como apunt\u00e1bamos al inicio del art\u00edculo contribuye a su estado de confort.<\/span><\/p>\n<p class=\"p8\"><span class=\"s1\">Cuando las marcas se quedan sin recursos para acomodarse en el estado alterado de conciencia de los consumidores, recurren al origen. Escarban en lo genuino hasta dar con la magia y aflora el t\u00e9rmino<b> Natural<\/b>. <\/span><\/p>\n<p class=\"p8\"><span class=\"s1\">\u00bfOs suena? \u00a1S\u00ed! Pues escuchad atentamente, por favor.<\/span><\/p>\n<p class=\"p8\"><span class=\"s1\">Lo \u00fanico Natural por definici\u00f3n, es el Agua Mineral Natural-<i> tal y como se halla en la Naturaleza, carente de artificio, mezcla o elaboraci\u00f3n &#8211; definici\u00f3n de la RAE.<\/i><\/span><\/p>\n<p class=\"p8\"><span class=\"s1\">El uso del t\u00e9rmino Natural, sin regular por ley excepto en determinadas categor\u00edas de alimentos, se emplea a d\u00eda de hoy <a href=\"https:\/\/prezi.com\/view\/gz5pO0aDT9P0dxGxS3xP\/\"><span class=\"s4\">\u00abcuando un alimento re\u00fane de forma natural la condici\u00f3n para el uso de una declaraci\u00f3n nutricional\u00bb<\/span><\/a>. <\/span><\/p>\n<p class=\"p8\"><span class=\"s1\">Result\u00f3 en su d\u00eda, que una vez m\u00e1s, en el desempe\u00f1o de identificar y diferenciar el producto, como necesidad derivada del marketing, se hubo adelantado a la legislaci\u00f3n en su nomenclatura.<\/span><\/p>\n<p class=\"p8\"><span class=\"s1\">El ejemplo de yogurt natural \u00f3 zumo natural son algunos ejemplos, en los que la materia prima para su elaboraci\u00f3n, se ha controlado con f\u00e1rmacos \u00f3 fitosanitarios. Posteriormente, la leche se pasteuriza y las frutas y hortalizas se lavan para asegurar su calidad en el proceso. Existe un proceso de elaboraci\u00f3n.<\/span><\/p>\n<p class=\"p8\"><span class=\"s1\">Todo t\u00e9rmino Natural que acompa\u00f1e un alimento que no sea el Agua Mineral Natural es un ejercicio de postureo para aparentar o reflejar la caracter\u00edstica alimentaria mejor percibida por el consumidor, no solo en su decisi\u00f3n de compra, tambi\u00e9n en la experiencia sensorial de su consumo.<\/span><\/p>\n<p>&nbsp;<\/p>\n<p class=\"p8\"><span class=\"s1\"><img loading=\"lazy\" decoding=\"async\" class=\"alignleft wp-image-4898\" src=\"https:\/\/www.alzola.com\/wp-content\/uploads\/2019\/11\/Postureo-Marketiniano-contra-la-esencia-1024x683.jpg\" alt=\"Postureo Marketiniano contra la esencia\" width=\"500\" height=\"333\" srcset=\"https:\/\/www.alzola.com\/wp-content\/uploads\/2019\/11\/Postureo-Marketiniano-contra-la-esencia-1024x683.jpg 1024w, https:\/\/www.alzola.com\/wp-content\/uploads\/2019\/11\/Postureo-Marketiniano-contra-la-esencia-300x200.jpg 300w, https:\/\/www.alzola.com\/wp-content\/uploads\/2019\/11\/Postureo-Marketiniano-contra-la-esencia-768x512.jpg 768w, https:\/\/www.alzola.com\/wp-content\/uploads\/2019\/11\/Postureo-Marketiniano-contra-la-esencia-1536x1024.jpg 1536w, https:\/\/www.alzola.com\/wp-content\/uploads\/2019\/11\/Postureo-Marketiniano-contra-la-esencia-84x56.jpg 84w, https:\/\/www.alzola.com\/wp-content\/uploads\/2019\/11\/Postureo-Marketiniano-contra-la-esencia-200x133.jpg 200w, https:\/\/www.alzola.com\/wp-content\/uploads\/2019\/11\/Postureo-Marketiniano-contra-la-esencia-450x300.jpg 450w, https:\/\/www.alzola.com\/wp-content\/uploads\/2019\/11\/Postureo-Marketiniano-contra-la-esencia-1185x790.jpg 1185w, https:\/\/www.alzola.com\/wp-content\/uploads\/2019\/11\/Postureo-Marketiniano-contra-la-esencia-360x240.jpg 360w, https:\/\/www.alzola.com\/wp-content\/uploads\/2019\/11\/Postureo-Marketiniano-contra-la-esencia-800x533.jpg 800w, https:\/\/www.alzola.com\/wp-content\/uploads\/2019\/11\/Postureo-Marketiniano-contra-la-esencia.jpg 1920w\" sizes=\"auto, (max-width: 500px) 100vw, 500px\" \/><\/span><\/p>\n<h2 class=\"p2\"><span class=\"s1\"><b>El Postureo Marketiniano<\/b><\/span><\/h2>\n<p class=\"p8\"><span class=\"s1\">Cuando a nivel pol\u00edtico, econ\u00f3mico, legal, social y cultural se han llevado a cabo alteraciones de la realidad como las que hemos observado previamente, resulta justificado para las marcas (especialmente para las multinacionales) lanzar campa\u00f1as basadas en una mentira o una verdad contada a medias. Alimentaci\u00f3n, salud y cosm\u00e9tica son ejemplos muy claros de esta evidencia.<\/span><\/p>\n<p class=\"p8\"><span class=\"s1\">Las marcas luchan por el nuevo impulso de los mercados, el posicionamiento de marca basado en el postureo verde, social y sostenible. Muchas estar\u00e1n dispuestas a sucumbir en la falsedad reiterativa hasta la saciedad, por la supremac\u00eda de su discurso a modo de reclamo.<\/span><\/p>\n<p class=\"p8\"><span class=\"s1\">Es posible que en un t\u00e9rmino medio, el mensaje pueda quedar sujeto parcialmente a la falta de veracidad inherente del mercado, justificando as\u00ed su conducta. No obstante, si la firma lo consiente, su legado contribuir\u00e1 de forma innegable al <i>\u00abstatus &#8211; quo\u00bb <\/i>de confusi\u00f3n y falta de veracidad ante el p\u00fablico. <\/span><\/p>\n<p class=\"p8\"><span class=\"s1\">De forma parad\u00f3jica, en un \u00e1mbito en el que el producto se concibe de usar y tirar, esta cualidad puede trasladarse al mensaje. Con la nueva temporada, al cambio de legislaci\u00f3n o avance tecnol\u00f3gico aplicable al producto, se adaptar\u00e1 y modificar\u00e1 el mensaje en este escenario de falsa sinceridad.<\/span><\/p>\n<p class=\"p8\"><span class=\"s1\">El contrapunto a toda esta exposici\u00f3n se plantea en la conciencia de las personas. Existe el auge de un consumidor que reclama transparencia y en su nombre, se preve una lucha efervescente entre el consumidor que anhela el b\u00e1lsamo de su ignorancia rodeado de <i>\u00abp\u00e1jaros y flores\u00bb<\/i> y la perspicacia de quien atiende a sus sentidos, como al uso del an\u00e1lisis racional y los hechos pasados.<\/span><\/p>\n<p>&nbsp;<\/p>\n<h3><\/h3>\n<h2 class=\"p8\"><span class=\"s1\"><b><img loading=\"lazy\" decoding=\"async\" class=\" wp-image-4899 alignright\" src=\"https:\/\/www.alzola.com\/wp-content\/uploads\/2019\/11\/El-agua-en-esencia-Agua-Mineral-Natural-200x300.jpg\" alt=\"El agua en esencia, Agua Mineral Natural\" width=\"217\" height=\"326\" srcset=\"https:\/\/www.alzola.com\/wp-content\/uploads\/2019\/11\/El-agua-en-esencia-Agua-Mineral-Natural-200x300.jpg 200w, https:\/\/www.alzola.com\/wp-content\/uploads\/2019\/11\/El-agua-en-esencia-Agua-Mineral-Natural-683x1024.jpg 683w, https:\/\/www.alzola.com\/wp-content\/uploads\/2019\/11\/El-agua-en-esencia-Agua-Mineral-Natural-768x1152.jpg 768w, https:\/\/www.alzola.com\/wp-content\/uploads\/2019\/11\/El-agua-en-esencia-Agua-Mineral-Natural-1024x1536.jpg 1024w, https:\/\/www.alzola.com\/wp-content\/uploads\/2019\/11\/El-agua-en-esencia-Agua-Mineral-Natural-84x126.jpg 84w, https:\/\/www.alzola.com\/wp-content\/uploads\/2019\/11\/El-agua-en-esencia-Agua-Mineral-Natural-450x675.jpg 450w, https:\/\/www.alzola.com\/wp-content\/uploads\/2019\/11\/El-agua-en-esencia-Agua-Mineral-Natural-527x790.jpg 527w, https:\/\/www.alzola.com\/wp-content\/uploads\/2019\/11\/El-agua-en-esencia-Agua-Mineral-Natural-360x540.jpg 360w, https:\/\/www.alzola.com\/wp-content\/uploads\/2019\/11\/El-agua-en-esencia-Agua-Mineral-Natural-800x1200.jpg 800w, https:\/\/www.alzola.com\/wp-content\/uploads\/2019\/11\/El-agua-en-esencia-Agua-Mineral-Natural.jpg 1280w\" sizes=\"auto, (max-width: 217px) 100vw, 217px\" \/><\/b><\/span><\/h2>\n<h2><\/h2>\n<h2 class=\"p8\"><span class=\"s1\"><b>Producto, mensaje y esencia sin alterar, Alzola Basque Water<\/b><\/span><\/h2>\n<p class=\"p4\"><span class=\"s1\">Un producto sin alterar desde que se tienen visos (m\u00e1s de 200 a\u00f1os) bien se merece el respeto a su calidad, veracidad contrastada y contrastable de su mensaje a trav\u00e9s de la <a href=\"https:\/\/www.alzola.com\/receta-medica-clasica-del-balneario-de-alzola\/\"><span class=\"s3\">Receta M\u00e9dica Hist\u00f3rica<\/span><\/a> del agua y a su esencia transformadora.<\/span><\/p>\n<p class=\"p4\"><span class=\"s1\"> <\/span><\/p>\n<h3 class=\"p9\"><span class=\"s1\"><b>Por el respeto que el agua invoca<\/b><\/span><\/h3>\n<p class=\"p4\"><span class=\"s1\">Es el respeto que el Agua Mineral Natural de Alzola Basque Water nos invoca, lo que ha determinado el car\u00e1cter de la marca. Lo que ha propiciado desde la toma de contacto de la nueva propiedad, la decisi\u00f3n de apelar a la conciencia, a la Cultura del Agua arraigada en sus gentes y a socializar el acceso tanto al agua como al conocimiento en torno a ella para beneficio del p\u00fablico.<\/span><\/p>\n<p class=\"p4\"><span class=\"s1\"> <\/span><\/p>\n<p class=\"p4\"><span class=\"s1\">Un agua cuya singularidad se debe a los 25 a\u00f1os que transcurre nutri\u00e9ndose de la Naturaleza.<\/span><\/p>\n<p class=\"p4\"><span class=\"s1\">Un agua que la misma Naturaleza limita como el caudal de una fuente.<\/span><\/p>\n<p class=\"p4\"><span class=\"s1\">Un agua cuyo conocimiento ha sido transmitido entre generaciones, reconocida su salubridad.<\/span><\/p>\n<p class=\"p4\"><span class=\"s1\">Un agua que ha padecido las limitaciones legales de promulgarse como medicina preventiva y correctiva.<\/span><\/p>\n<p class=\"p4\"><span class=\"s1\">Un agua que sigue siendo objeto de espionaje por marcas multinacionales.<\/span><\/p>\n<p class=\"p4\"><span class=\"s1\"> <\/span><\/p>\n<p class=\"p4\"><span class=\"s1\">Es la capacidad que nos ha demostrado el agua para hacer f\u00e1cil el camino (que no c\u00f3modo) de tantas personas, que la atribuci\u00f3n de agua social se le debe a <a href=\"https:\/\/www.alzola.com\/gracias-creadores-de-empleo-por-confiar-en-local\/\"><span class=\"s3\">la primera puesta en escena<\/span><\/a> de su nueva etapa como Alzola Basque Water, la de agradecer el consumo local del producto con un mensaje de futuro para la creaci\u00f3n de empleo en el entorno.<\/span><\/p>\n<p class=\"p4\"><span class=\"s1\">Se ha caminado <a href=\"https:\/\/www.alzola.com\/tag\/medicos-del-mundo\/\"><span class=\"s3\">junto a colectivos desfavorecidos<\/span><\/a> y el agua en su sinceridad se muestra igual para todos.<\/span><\/p>\n<p class=\"p4\"><span class=\"s1\">En lugar de premiar a nuestros colaboradores con importantes sumas destinadas a justificar la presencia de la marca a su lado, les invitamos a conocer su nacimiento, ser testigos del milagro y part\u00edcipes en la <a href=\"https:\/\/youtu.be\/xrfS2Hav7Yc\"><span class=\"s3\">conciencia colaborativa y el respeto hacia el medio ambiente.<\/span><\/a><\/span><\/p>\n<p class=\"p4\"><span class=\"s1\">Les educamos en la singularidad de este tesoro h\u00eddrico para que nos acompa\u00f1en en la labor de repartir salud, para y con sus vecinos, familiares y amigos, para con todo el pueblo al que tienen llegada. Una evidencia en esta nueva etapa de Alzola Basque Water es que cuando el p\u00fablico gana, ganamos todas las partes implicadas en repartir salud, promover una acci\u00f3n o comunicar un mensaje.<\/span><\/p>\n<p class=\"p4\"><span class=\"s1\">Con este motivo y con la reivindicaci\u00f3n de salud y respeto para las personas hemos tomado las calles de <a href=\"https:\/\/youtu.be\/wD9h3eypaPQ\"><span class=\"s3\">Donostia<\/span><\/a> (<a href=\"http:\/\/www.donostiaazulsalud.com\/\"><span class=\"s3\">www.donostiaazulsalud.com<\/span><\/a>), de <a href=\"https:\/\/youtu.be\/kgopL_wmTN8\"><span class=\"s3\">Bilbao<\/span><\/a> (<a href=\"http:\/\/www.osakidun.eus\/\"><span class=\"s3\">www.osakidun.eus<\/span><\/a>), de <a href=\"https:\/\/youtu.be\/OQArSoZglG0\"><span class=\"s3\">Vitoria &#8211; Gasteiz y de Iru\u00f1a<\/span><\/a> y otros municipios, y volveremos a hacerlo de la mano de quien desee acompa\u00f1arnos.<\/span><\/p>\n<p class=\"p4\"><span class=\"s1\">Los h\u00e1bitos, las leyes y las falsas doctrinas, hacen de esta apuesta un camino arduo e inc\u00f3modo. A\u00fan as\u00ed, es parte de la esencia del Agua Mineral Natural de Alzola.<\/span><\/p>\n<p>&nbsp;<\/p>\n","protected":false},"excerpt":{"rendered":"<p>\u00bfPor qu\u00e9 un mensaje y esencia sin alterar corresponden al Agua Mineral Natural m\u00e1s equilibrada de Europa? El principio Causa &#8211; Efecto Casualmente, nos toca ser honestos con nosotros mismos. Como ciudadanos de un entorno que asumimos civilizado, a menudo (casi nos podemos atrever a decir que en la mayor\u00eda de las ocasiones), no conocemos la verdad. Somos fieles seguidores de los escenarios que nos aseguran la comodidad. Aquellos en los que nuestro hom\u00f3nimo consumidor se muestra dispuesto a pagar por el confort que representan. El precio a menudo, es reflejo del desconocimiento. Cierto es que cuando se limita la informaci\u00f3n, la vida parece m\u00e1s sencilla, liviana y c\u00f3moda. Los sesgos en criterios y opiniones que puede provocar esta limitaci\u00f3n, y en consecuencia, el d\u00e9ficit de entendimiento que supone la libertad del conocimiento, son aspectos asumidos en nuestro d\u00eda a d\u00eda. Por ello, nos toca reconocer que a\u00fan otorgando a la casualidad el protagonismo cotidiano que habituamos, los acontecimientos responden a determinadas causas. Los mercados las recogen a modo de factores que responden a reglas, la econom\u00eda les atribuye el car\u00e1cter de leyes (oferta y demanda) y el \u00e1mbito pol\u00edtico nos las presenta a modo de cocktail de adoctrinamiento para&#8230;<\/p>\n","protected":false},"author":2,"featured_media":4893,"comment_status":"closed","ping_status":"open","sticky":false,"template":"","format":"standard","meta":{"om_disable_all_campaigns":false,"_monsterinsights_skip_tracking":false,"_monsterinsights_sitenote_active":false,"_monsterinsights_sitenote_note":"","_monsterinsights_sitenote_category":0,"footnotes":""},"categories":[44],"tags":[213,373],"class_list":["post-4868","post","type-post","status-publish","format-standard","has-post-thumbnail","hentry","category-agua-mineral-natural","tag-agua-mineral-natural","tag-esencia"],"yoast_head":"<!-- This site is optimized with the Yoast SEO plugin v27.5 - https:\/\/yoast.com\/product\/yoast-seo-wordpress\/ -->\n<title>Producto, mensaje y esencia sin alterar, Alzola Basque Water Esentzia eraldatugabea, Europako Ur orekatuenak<\/title>\n<meta name=\"description\" content=\"{:es}\u00bfPor qu\u00e9 un mensaje y una esencia sin alterar corresponden al Agua Mineral Natural m\u00e1s equilibrada de Europa? Te explicamos el contexto y la raz\u00f3n.{:eu}Ura bizitzarako esentzia bada, ingurune zibilizatua deritzogun honetan, sarritan egia benetakoa ezezaguna dugu. {:}\" \/>\n<meta name=\"robots\" content=\"index, follow, max-snippet:-1, max-image-preview:large, max-video-preview:-1\" \/>\n<link rel=\"canonical\" href=\"https:\/\/www.alzola.com\/es\/esencia\/\" \/>\n<meta property=\"og:locale\" content=\"es_ES\" \/>\n<meta property=\"og:type\" content=\"article\" \/>\n<meta property=\"og:title\" content=\"Producto, mensaje y esencia sin alterar, Alzola Basque Water Esentzia eraldatugabea, Europako Ur orekatuenak\" \/>\n<meta property=\"og:description\" content=\"{:es}\u00bfPor qu\u00e9 un mensaje y una esencia sin alterar corresponden al Agua Mineral Natural m\u00e1s equilibrada de Europa? Te explicamos el contexto y la raz\u00f3n.{:eu}Ura bizitzarako esentzia bada, ingurune zibilizatua deritzogun honetan, sarritan egia benetakoa ezezaguna dugu. {:}\" \/>\n<meta property=\"og:url\" content=\"https:\/\/www.alzola.com\/es\/esencia\/\" \/>\n<meta property=\"og:site_name\" content=\"Alzola Basque Water\" \/>\n<meta property=\"article:publisher\" content=\"https:\/\/www.facebook.com\/alzolabasquewater\/\" \/>\n<meta property=\"article:author\" content=\"www.facebook.com\/AlzolaBasqueWater\" \/>\n<meta property=\"article:published_time\" content=\"2019-11-07T14:03:59+00:00\" \/>\n<meta property=\"article:modified_time\" content=\"2021-09-29T09:26:53+00:00\" \/>\n<meta property=\"og:image\" content=\"https:\/\/www.alzola.com\/wp-content\/uploads\/2019\/11\/El-principio-causa-efecto-en-el-agua-esencia-Alzola-Basque-Water.jpg\" \/>\n\t<meta property=\"og:image:width\" content=\"1280\" \/>\n\t<meta property=\"og:image:height\" content=\"847\" \/>\n\t<meta property=\"og:image:type\" content=\"image\/jpeg\" \/>\n<meta name=\"author\" content=\"Alzola Basque Water\" \/>\n<meta name=\"twitter:card\" content=\"summary_large_image\" \/>\n<meta name=\"twitter:title\" content=\"Esencia en producto y mensaje, Alzola Basque Water\" \/>\n<meta name=\"twitter:description\" content=\"\u00bfPor qu\u00e9 un #mensaje y una #esencia sin alterar corresponden al #AguaMineralNatural m\u00e1s #equilibrada de Europa? Te explicamos el contexto y la raz\u00f3n #basquewater\" \/>\n<meta name=\"twitter:image\" content=\"https:\/\/www.alzola.com\/wp-content\/uploads\/2019\/11\/El-agua-en-esencia-Agua-Mineral-Natural.jpg\" \/>\n<meta name=\"twitter:creator\" content=\"@basquewater\" \/>\n<meta name=\"twitter:site\" content=\"@BasqueWater\" \/>\n<meta name=\"twitter:label1\" content=\"Escrito por\" \/>\n\t<meta name=\"twitter:data1\" content=\"Alzola Basque Water\" \/>\n\t<meta name=\"twitter:label2\" content=\"Tiempo de lectura\" \/>\n\t<meta name=\"twitter:data2\" content=\"14 minutos\" \/>\n<script type=\"application\/ld+json\" class=\"yoast-schema-graph\">{\"@context\":\"https:\\\/\\\/schema.org\",\"@graph\":[{\"@type\":\"Article\",\"@id\":\"https:\\\/\\\/www.alzola.com\\\/es\\\/esencia\\\/#article\",\"isPartOf\":{\"@id\":\"https:\\\/\\\/www.alzola.com\\\/es\\\/esencia\\\/\"},\"author\":{\"name\":\"Alzola Basque Water\",\"@id\":\"https:\\\/\\\/www.alzola.com\\\/es\\\/#\\\/schema\\\/person\\\/67ba21fcc68e23f591865e5457edc378\"},\"headline\":\"Producto, mensaje y esencia sin alterar, Alzola Basque Water\",\"datePublished\":\"2019-11-07T14:03:59+00:00\",\"dateModified\":\"2021-09-29T09:26:53+00:00\",\"mainEntityOfPage\":{\"@id\":\"https:\\\/\\\/www.alzola.com\\\/es\\\/esencia\\\/\"},\"wordCount\":2908,\"publisher\":{\"@id\":\"https:\\\/\\\/www.alzola.com\\\/es\\\/#organization\"},\"image\":{\"@id\":\"https:\\\/\\\/www.alzola.com\\\/es\\\/esencia\\\/#primaryimage\"},\"thumbnailUrl\":\"https:\\\/\\\/www.alzola.com\\\/wp-content\\\/uploads\\\/2019\\\/11\\\/El-principio-causa-efecto-en-el-agua-esencia-Alzola-Basque-Water.jpg\",\"keywords\":[\"Agua Mineral Natural\",\"Esencia\"],\"articleSection\":[\"Agua Mineral Natural\"],\"inLanguage\":\"es\"},{\"@type\":\"WebPage\",\"@id\":\"https:\\\/\\\/www.alzola.com\\\/es\\\/esencia\\\/\",\"url\":\"https:\\\/\\\/www.alzola.com\\\/es\\\/esencia\\\/\",\"name\":\"Producto, mensaje y esencia sin alterar, Alzola Basque Water Esentzia eraldatugabea, Europako Ur orekatuenak\",\"isPartOf\":{\"@id\":\"https:\\\/\\\/www.alzola.com\\\/es\\\/#website\"},\"primaryImageOfPage\":{\"@id\":\"https:\\\/\\\/www.alzola.com\\\/es\\\/esencia\\\/#primaryimage\"},\"image\":{\"@id\":\"https:\\\/\\\/www.alzola.com\\\/es\\\/esencia\\\/#primaryimage\"},\"thumbnailUrl\":\"https:\\\/\\\/www.alzola.com\\\/wp-content\\\/uploads\\\/2019\\\/11\\\/El-principio-causa-efecto-en-el-agua-esencia-Alzola-Basque-Water.jpg\",\"datePublished\":\"2019-11-07T14:03:59+00:00\",\"dateModified\":\"2021-09-29T09:26:53+00:00\",\"description\":\"{:es}\u00bfPor qu\u00e9 un mensaje y una esencia sin alterar corresponden al Agua Mineral Natural m\u00e1s equilibrada de Europa? Te explicamos el contexto y la raz\u00f3n.{:eu}Ura bizitzarako esentzia bada, ingurune zibilizatua deritzogun honetan, sarritan egia benetakoa ezezaguna dugu. {:}\",\"breadcrumb\":{\"@id\":\"https:\\\/\\\/www.alzola.com\\\/es\\\/esencia\\\/#breadcrumb\"},\"inLanguage\":\"es\",\"potentialAction\":[{\"@type\":\"ReadAction\",\"target\":[\"https:\\\/\\\/www.alzola.com\\\/es\\\/esencia\\\/\"]}]},{\"@type\":\"ImageObject\",\"inLanguage\":\"es\",\"@id\":\"https:\\\/\\\/www.alzola.com\\\/es\\\/esencia\\\/#primaryimage\",\"url\":\"https:\\\/\\\/www.alzola.com\\\/wp-content\\\/uploads\\\/2019\\\/11\\\/El-principio-causa-efecto-en-el-agua-esencia-Alzola-Basque-Water.jpg\",\"contentUrl\":\"https:\\\/\\\/www.alzola.com\\\/wp-content\\\/uploads\\\/2019\\\/11\\\/El-principio-causa-efecto-en-el-agua-esencia-Alzola-Basque-Water.jpg\",\"width\":1280,\"height\":847,\"caption\":\"El principio causa efecto en el agua esencia Alzola Basque Water\"},{\"@type\":\"BreadcrumbList\",\"@id\":\"https:\\\/\\\/www.alzola.com\\\/es\\\/esencia\\\/#breadcrumb\",\"itemListElement\":[{\"@type\":\"ListItem\",\"position\":1,\"name\":\"Portada\",\"item\":\"https:\\\/\\\/www.alzola.com\\\/es\\\/\"},{\"@type\":\"ListItem\",\"position\":2,\"name\":\"Producto, mensaje y esencia sin alterar, Alzola Basque Water\"}]},{\"@type\":\"WebSite\",\"@id\":\"https:\\\/\\\/www.alzola.com\\\/es\\\/#website\",\"url\":\"https:\\\/\\\/www.alzola.com\\\/es\\\/\",\"name\":\"Alzola Basque Water\",\"description\":\"Agua Mineral Natural desde 1801\",\"publisher\":{\"@id\":\"https:\\\/\\\/www.alzola.com\\\/es\\\/#organization\"},\"potentialAction\":[{\"@type\":\"SearchAction\",\"target\":{\"@type\":\"EntryPoint\",\"urlTemplate\":\"https:\\\/\\\/www.alzola.com\\\/es\\\/?s={search_term_string}\"},\"query-input\":{\"@type\":\"PropertyValueSpecification\",\"valueRequired\":true,\"valueName\":\"search_term_string\"}}],\"inLanguage\":\"es\"},{\"@type\":\"Organization\",\"@id\":\"https:\\\/\\\/www.alzola.com\\\/es\\\/#organization\",\"name\":\"BalenzateguiSA - Alzola Basque Water\",\"url\":\"https:\\\/\\\/www.alzola.com\\\/es\\\/\",\"logo\":{\"@type\":\"ImageObject\",\"inLanguage\":\"es\",\"@id\":\"https:\\\/\\\/www.alzola.com\\\/es\\\/#\\\/schema\\\/logo\\\/image\\\/\",\"url\":\"https:\\\/\\\/www.alzola.com\\\/wp-content\\\/uploads\\\/2013\\\/09\\\/Logo-alzola-baja.png\",\"contentUrl\":\"https:\\\/\\\/www.alzola.com\\\/wp-content\\\/uploads\\\/2013\\\/09\\\/Logo-alzola-baja.png\",\"width\":892,\"height\":600,\"caption\":\"BalenzateguiSA - Alzola Basque Water\"},\"image\":{\"@id\":\"https:\\\/\\\/www.alzola.com\\\/es\\\/#\\\/schema\\\/logo\\\/image\\\/\"},\"sameAs\":[\"https:\\\/\\\/www.facebook.com\\\/alzolabasquewater\\\/\",\"https:\\\/\\\/x.com\\\/BasqueWater\",\"https:\\\/\\\/www.instagram.com\\\/basquewater\\\/\",\"https:\\\/\\\/www.linkedin.com\\\/company\\\/3155611\\\/\",\"https:\\\/\\\/es.pinterest.com\\\/basquewater\\\/\",\"https:\\\/\\\/www.youtube.com\\\/AlzolaBasqueWater\"]},{\"@type\":\"Person\",\"@id\":\"https:\\\/\\\/www.alzola.com\\\/es\\\/#\\\/schema\\\/person\\\/67ba21fcc68e23f591865e5457edc378\",\"name\":\"Alzola Basque Water\",\"image\":{\"@type\":\"ImageObject\",\"inLanguage\":\"es\",\"@id\":\"https:\\\/\\\/secure.gravatar.com\\\/avatar\\\/6c16b08ba125fac103c3b367e4bd71c56459032ae0395aef4da6ab3a913593ba?s=96&d=mm&r=g\",\"url\":\"https:\\\/\\\/secure.gravatar.com\\\/avatar\\\/6c16b08ba125fac103c3b367e4bd71c56459032ae0395aef4da6ab3a913593ba?s=96&d=mm&r=g\",\"contentUrl\":\"https:\\\/\\\/secure.gravatar.com\\\/avatar\\\/6c16b08ba125fac103c3b367e4bd71c56459032ae0395aef4da6ab3a913593ba?s=96&d=mm&r=g\",\"caption\":\"Alzola Basque Water\"},\"description\":\"Agua Mineral Natural declarada de Utilidad P\u00fablica en 1843.\",\"sameAs\":[\"https:\\\/\\\/www.alzola.com\",\"www.facebook.com\\\/AlzolaBasqueWater\",\"https:\\\/\\\/www.instagram.com\\\/basquewater\\\/\",\"https:\\\/\\\/x.com\\\/basquewater\"]}]}<\/script>\n<!-- \/ Yoast SEO plugin. -->","yoast_head_json":{"title":"Producto, mensaje y esencia sin alterar, Alzola Basque Water Esentzia eraldatugabea, Europako Ur orekatuenak","description":"{:es}\u00bfPor qu\u00e9 un mensaje y una esencia sin alterar corresponden al Agua Mineral Natural m\u00e1s equilibrada de Europa? Te explicamos el contexto y la raz\u00f3n.{:eu}Ura bizitzarako esentzia bada, ingurune zibilizatua deritzogun honetan, sarritan egia benetakoa ezezaguna dugu. {:}","robots":{"index":"index","follow":"follow","max-snippet":"max-snippet:-1","max-image-preview":"max-image-preview:large","max-video-preview":"max-video-preview:-1"},"canonical":"https:\/\/www.alzola.com\/es\/esencia\/","og_locale":"es_ES","og_type":"article","og_title":"Producto, mensaje y esencia sin alterar, Alzola Basque Water Esentzia eraldatugabea, Europako Ur orekatuenak","og_description":"{:es}\u00bfPor qu\u00e9 un mensaje y una esencia sin alterar corresponden al Agua Mineral Natural m\u00e1s equilibrada de Europa? Te explicamos el contexto y la raz\u00f3n.{:eu}Ura bizitzarako esentzia bada, ingurune zibilizatua deritzogun honetan, sarritan egia benetakoa ezezaguna dugu. {:}","og_url":"https:\/\/www.alzola.com\/es\/esencia\/","og_site_name":"Alzola Basque Water","article_publisher":"https:\/\/www.facebook.com\/alzolabasquewater\/","article_author":"www.facebook.com\/AlzolaBasqueWater","article_published_time":"2019-11-07T14:03:59+00:00","article_modified_time":"2021-09-29T09:26:53+00:00","og_image":[{"width":1280,"height":847,"url":"https:\/\/www.alzola.com\/wp-content\/uploads\/2019\/11\/El-principio-causa-efecto-en-el-agua-esencia-Alzola-Basque-Water.jpg","type":"image\/jpeg"}],"author":"Alzola Basque Water","twitter_card":"summary_large_image","twitter_title":"Esencia en producto y mensaje, Alzola Basque Water","twitter_description":"\u00bfPor qu\u00e9 un #mensaje y una #esencia sin alterar corresponden al #AguaMineralNatural m\u00e1s #equilibrada de Europa? Te explicamos el contexto y la raz\u00f3n #basquewater","twitter_image":"https:\/\/www.alzola.com\/wp-content\/uploads\/2019\/11\/El-agua-en-esencia-Agua-Mineral-Natural.jpg","twitter_creator":"@basquewater","twitter_site":"@BasqueWater","twitter_misc":{"Escrito por":"Alzola Basque Water","Tiempo de lectura":"14 minutos"},"schema":{"@context":"https:\/\/schema.org","@graph":[{"@type":"Article","@id":"https:\/\/www.alzola.com\/es\/esencia\/#article","isPartOf":{"@id":"https:\/\/www.alzola.com\/es\/esencia\/"},"author":{"name":"Alzola Basque Water","@id":"https:\/\/www.alzola.com\/es\/#\/schema\/person\/67ba21fcc68e23f591865e5457edc378"},"headline":"Producto, mensaje y esencia sin alterar, Alzola Basque Water","datePublished":"2019-11-07T14:03:59+00:00","dateModified":"2021-09-29T09:26:53+00:00","mainEntityOfPage":{"@id":"https:\/\/www.alzola.com\/es\/esencia\/"},"wordCount":2908,"publisher":{"@id":"https:\/\/www.alzola.com\/es\/#organization"},"image":{"@id":"https:\/\/www.alzola.com\/es\/esencia\/#primaryimage"},"thumbnailUrl":"https:\/\/www.alzola.com\/wp-content\/uploads\/2019\/11\/El-principio-causa-efecto-en-el-agua-esencia-Alzola-Basque-Water.jpg","keywords":["Agua Mineral Natural","Esencia"],"articleSection":["Agua Mineral Natural"],"inLanguage":"es"},{"@type":"WebPage","@id":"https:\/\/www.alzola.com\/es\/esencia\/","url":"https:\/\/www.alzola.com\/es\/esencia\/","name":"Producto, mensaje y esencia sin alterar, Alzola Basque Water Esentzia eraldatugabea, Europako Ur orekatuenak","isPartOf":{"@id":"https:\/\/www.alzola.com\/es\/#website"},"primaryImageOfPage":{"@id":"https:\/\/www.alzola.com\/es\/esencia\/#primaryimage"},"image":{"@id":"https:\/\/www.alzola.com\/es\/esencia\/#primaryimage"},"thumbnailUrl":"https:\/\/www.alzola.com\/wp-content\/uploads\/2019\/11\/El-principio-causa-efecto-en-el-agua-esencia-Alzola-Basque-Water.jpg","datePublished":"2019-11-07T14:03:59+00:00","dateModified":"2021-09-29T09:26:53+00:00","description":"{:es}\u00bfPor qu\u00e9 un mensaje y una esencia sin alterar corresponden al Agua Mineral Natural m\u00e1s equilibrada de Europa? Te explicamos el contexto y la raz\u00f3n.{:eu}Ura bizitzarako esentzia bada, ingurune zibilizatua deritzogun honetan, sarritan egia benetakoa ezezaguna dugu. {:}","breadcrumb":{"@id":"https:\/\/www.alzola.com\/es\/esencia\/#breadcrumb"},"inLanguage":"es","potentialAction":[{"@type":"ReadAction","target":["https:\/\/www.alzola.com\/es\/esencia\/"]}]},{"@type":"ImageObject","inLanguage":"es","@id":"https:\/\/www.alzola.com\/es\/esencia\/#primaryimage","url":"https:\/\/www.alzola.com\/wp-content\/uploads\/2019\/11\/El-principio-causa-efecto-en-el-agua-esencia-Alzola-Basque-Water.jpg","contentUrl":"https:\/\/www.alzola.com\/wp-content\/uploads\/2019\/11\/El-principio-causa-efecto-en-el-agua-esencia-Alzola-Basque-Water.jpg","width":1280,"height":847,"caption":"El principio causa efecto en el agua esencia Alzola Basque Water"},{"@type":"BreadcrumbList","@id":"https:\/\/www.alzola.com\/es\/esencia\/#breadcrumb","itemListElement":[{"@type":"ListItem","position":1,"name":"Portada","item":"https:\/\/www.alzola.com\/es\/"},{"@type":"ListItem","position":2,"name":"Producto, mensaje y esencia sin alterar, Alzola Basque Water"}]},{"@type":"WebSite","@id":"https:\/\/www.alzola.com\/es\/#website","url":"https:\/\/www.alzola.com\/es\/","name":"Alzola Basque Water","description":"Agua Mineral Natural desde 1801","publisher":{"@id":"https:\/\/www.alzola.com\/es\/#organization"},"potentialAction":[{"@type":"SearchAction","target":{"@type":"EntryPoint","urlTemplate":"https:\/\/www.alzola.com\/es\/?s={search_term_string}"},"query-input":{"@type":"PropertyValueSpecification","valueRequired":true,"valueName":"search_term_string"}}],"inLanguage":"es"},{"@type":"Organization","@id":"https:\/\/www.alzola.com\/es\/#organization","name":"BalenzateguiSA - Alzola Basque Water","url":"https:\/\/www.alzola.com\/es\/","logo":{"@type":"ImageObject","inLanguage":"es","@id":"https:\/\/www.alzola.com\/es\/#\/schema\/logo\/image\/","url":"https:\/\/www.alzola.com\/wp-content\/uploads\/2013\/09\/Logo-alzola-baja.png","contentUrl":"https:\/\/www.alzola.com\/wp-content\/uploads\/2013\/09\/Logo-alzola-baja.png","width":892,"height":600,"caption":"BalenzateguiSA - Alzola Basque Water"},"image":{"@id":"https:\/\/www.alzola.com\/es\/#\/schema\/logo\/image\/"},"sameAs":["https:\/\/www.facebook.com\/alzolabasquewater\/","https:\/\/x.com\/BasqueWater","https:\/\/www.instagram.com\/basquewater\/","https:\/\/www.linkedin.com\/company\/3155611\/","https:\/\/es.pinterest.com\/basquewater\/","https:\/\/www.youtube.com\/AlzolaBasqueWater"]},{"@type":"Person","@id":"https:\/\/www.alzola.com\/es\/#\/schema\/person\/67ba21fcc68e23f591865e5457edc378","name":"Alzola Basque Water","image":{"@type":"ImageObject","inLanguage":"es","@id":"https:\/\/secure.gravatar.com\/avatar\/6c16b08ba125fac103c3b367e4bd71c56459032ae0395aef4da6ab3a913593ba?s=96&d=mm&r=g","url":"https:\/\/secure.gravatar.com\/avatar\/6c16b08ba125fac103c3b367e4bd71c56459032ae0395aef4da6ab3a913593ba?s=96&d=mm&r=g","contentUrl":"https:\/\/secure.gravatar.com\/avatar\/6c16b08ba125fac103c3b367e4bd71c56459032ae0395aef4da6ab3a913593ba?s=96&d=mm&r=g","caption":"Alzola Basque Water"},"description":"Agua Mineral Natural declarada de Utilidad P\u00fablica en 1843.","sameAs":["https:\/\/www.alzola.com","www.facebook.com\/AlzolaBasqueWater","https:\/\/www.instagram.com\/basquewater\/","https:\/\/x.com\/basquewater"]}]}},"_links":{"self":[{"href":"https:\/\/www.alzola.com\/es\/wp-json\/wp\/v2\/posts\/4868","targetHints":{"allow":["GET"]}}],"collection":[{"href":"https:\/\/www.alzola.com\/es\/wp-json\/wp\/v2\/posts"}],"about":[{"href":"https:\/\/www.alzola.com\/es\/wp-json\/wp\/v2\/types\/post"}],"author":[{"embeddable":true,"href":"https:\/\/www.alzola.com\/es\/wp-json\/wp\/v2\/users\/2"}],"replies":[{"embeddable":true,"href":"https:\/\/www.alzola.com\/es\/wp-json\/wp\/v2\/comments?post=4868"}],"version-history":[{"count":0,"href":"https:\/\/www.alzola.com\/es\/wp-json\/wp\/v2\/posts\/4868\/revisions"}],"wp:featuredmedia":[{"embeddable":true,"href":"https:\/\/www.alzola.com\/es\/wp-json\/wp\/v2\/media\/4893"}],"wp:attachment":[{"href":"https:\/\/www.alzola.com\/es\/wp-json\/wp\/v2\/media?parent=4868"}],"wp:term":[{"taxonomy":"category","embeddable":true,"href":"https:\/\/www.alzola.com\/es\/wp-json\/wp\/v2\/categories?post=4868"},{"taxonomy":"post_tag","embeddable":true,"href":"https:\/\/www.alzola.com\/es\/wp-json\/wp\/v2\/tags?post=4868"}],"curies":[{"name":"wp","href":"https:\/\/api.w.org\/{rel}","templated":true}]}}