{"id":3907,"date":"2019-06-28T09:48:21","date_gmt":"2019-06-28T08:48:21","guid":{"rendered":"https:\/\/www.alzola.com\/?p=3907"},"modified":"2021-09-29T10:26:50","modified_gmt":"2021-09-29T09:26:50","slug":"marcha-solidaria-contra-el-cancer-con-amana-es-la-cana-y-aecc-gipuzkoa","status":"publish","type":"post","link":"https:\/\/www.alzola.com\/es\/marcha-solidaria-contra-el-cancer-con-amana-es-la-cana-y-aecc-gipuzkoa\/","title":{"rendered":"Marcha solidaria contra el C\u00e1ncer con \u00abAma\u00f1a es la Ca\u00f1a\u00bb y AECC Gipuzkoa"},"content":{"rendered":"<p class=\"p1\"><span class=\"s1\">M\u00e1s de 1.500 personas tomaron parte en la I Marcha Solidaria contra el c\u00e1ncer en Eibar, con el apoyo entre otros de Alzola Basque Water.<\/span><\/p>\n<p><iframe loading=\"lazy\" src=\"https:\/\/www.youtube.com\/embed\/BqLW95JUuzI\" width=\"560\" height=\"315\" frameborder=\"0\" allowfullscreen=\"allowfullscreen\"><\/iframe><\/p>\n<p>&nbsp;<\/p>\n<p class=\"p1\"><span class=\"s1\">La iniciativa tiene como objetivos:<\/span><\/p>\n<ul>\n<li class=\"p1\"><strong><span class=\"s1\">Concienciar a la poblaci\u00f3n de Eibar sobre una enfermedad que, \u00abdesgraciadamente, toca en todas las familias o en gente cercana\u00bb.<\/span><\/strong><\/li>\n<\/ul>\n<p>&nbsp;<\/p>\n<ul>\n<li><strong>Recaudar dinero para avanzar en la investigaci\u00f3n contra el c\u00e1ncer.<\/strong><\/li>\n<\/ul>\n<p>&nbsp;<\/p>\n<p class=\"p1\"><span class=\"s1\">La organizaci\u00f3n de la marcha solidaria contra el c\u00e1ncer recae en \u00abAma\u00f1a es la Ca\u00f1a\u00bb. Ama\u00f1a es la Ca\u00f1a es la asociaci\u00f3n de vecinos del barrio de Ama\u00f1a, Eibar. La marcha representa un paseo por la ciudad y se realiza a pie con salida y llegada en la Plaza de Unzaga.<\/span><\/p>\n<h4>Recorrido y distancia<\/h4>\n<p class=\"p1\">La marcha ha recorrido las calles Ferm\u00edn Calbet\u00f3n, Bidebarrieta, Arrag\u00fceta, Errebal, Toribio Etxebarria, Paseo San Andr\u00e9s, Legarre, Ama\u00f1a por Berdintasunaren Pasealekua (paseo de la igualdad) hasta el hospital, cruzando por la pasarela, Avenida de Otaola, e Isasi, con llegada a Unzaga y con una distancia de 3,9 km aproximadamente.<\/p>\n<p><span class=\"s1\">El avituallamiento consta de una manzana donada por Eroski, y una botella de Alzola Basque Water.<\/span><\/p>\n<p><span class=\"s1\"> Desde la organizaci\u00f3n se agradecen los apoyos del Ayuntamiento, Fundaci\u00f3n SD Eibar, Alzola Basque Water, Eroski, Caixabank.<\/span><\/p>\n<h4><a href=\"https:\/\/www.alzola.com\/wp-content\/uploads\/2019\/06\/Aman\u0303aeslacan\u0303a-con-el-apoyo-de-Alzola-Basque-Water.jpg\"><img loading=\"lazy\" decoding=\"async\" class=\"aligncenter wp-image-3913 size-large\" src=\"https:\/\/www.alzola.com\/wp-content\/uploads\/2019\/06\/Aman\u0303aeslacan\u0303a-con-el-apoyo-de-Alzola-Basque-Water-1024x587.jpg\" alt=\"\" width=\"602\" height=\"345\" srcset=\"https:\/\/www.alzola.com\/wp-content\/uploads\/2019\/06\/Aman\u0303aeslacan\u0303a-con-el-apoyo-de-Alzola-Basque-Water-1024x587.jpg 1024w, https:\/\/www.alzola.com\/wp-content\/uploads\/2019\/06\/Aman\u0303aeslacan\u0303a-con-el-apoyo-de-Alzola-Basque-Water-300x172.jpg 300w, https:\/\/www.alzola.com\/wp-content\/uploads\/2019\/06\/Aman\u0303aeslacan\u0303a-con-el-apoyo-de-Alzola-Basque-Water-768x440.jpg 768w, https:\/\/www.alzola.com\/wp-content\/uploads\/2019\/06\/Aman\u0303aeslacan\u0303a-con-el-apoyo-de-Alzola-Basque-Water-84x48.jpg 84w, https:\/\/www.alzola.com\/wp-content\/uploads\/2019\/06\/Aman\u0303aeslacan\u0303a-con-el-apoyo-de-Alzola-Basque-Water-200x115.jpg 200w, https:\/\/www.alzola.com\/wp-content\/uploads\/2019\/06\/Aman\u0303aeslacan\u0303a-con-el-apoyo-de-Alzola-Basque-Water-450x258.jpg 450w, https:\/\/www.alzola.com\/wp-content\/uploads\/2019\/06\/Aman\u0303aeslacan\u0303a-con-el-apoyo-de-Alzola-Basque-Water-1200x688.jpg 1200w, https:\/\/www.alzola.com\/wp-content\/uploads\/2019\/06\/Aman\u0303aeslacan\u0303a-con-el-apoyo-de-Alzola-Basque-Water-360x206.jpg 360w, https:\/\/www.alzola.com\/wp-content\/uploads\/2019\/06\/Aman\u0303aeslacan\u0303a-con-el-apoyo-de-Alzola-Basque-Water-800x458.jpg 800w, https:\/\/www.alzola.com\/wp-content\/uploads\/2019\/06\/Aman\u0303aeslacan\u0303a-con-el-apoyo-de-Alzola-Basque-Water.jpg 1440w\" sizes=\"auto, (max-width: 602px) 100vw, 602px\" \/><\/a><\/h4>\n<h4 class=\"p1\">Recaudaci\u00f3n<\/h4>\n<p><span class=\"s1\">El dinero recaudado se destinar\u00e1 a la financiaci\u00f3n de parte del proyecto de investigaci\u00f3n de la <a href=\"https:\/\/www.aecc.es\/es\/investigacion\/proyectos-aecc\/terapia-basada-celulas-inmunitarias-tratamiento-cancer-mama-colon_OLD\"><strong>Inmunoterapia para el c\u00e1ncer de mama<\/strong><\/a> liderado por el Doctor Ignacio Melero. <a href=\"https:\/\/www.cun.es\/nuestros-profesionales\/profesionales\/ignacio-javier-melero-bermejo\">El Doctor Ignacio Melero es investigador de la Cl\u00ednica Universidad de Navarra<\/a> y <a href=\"https:\/\/cima.unav.edu\/noticias-home\/-\/asset_publisher\/9Hui\/content\/2018-10-10-noticia-cima-melero-ranm\/10174?tituloNoticia=el-catedratico-ignacio-melero-academico-correspondiente-de-la-real-academia-nacional-de-medicina-de-espa%C3%B1a&amp;fechaNoticia=10-10-2018\">Cima<\/a>, en Navarra.<\/span><\/p>\n<p>&nbsp;<\/p>\n<h3>AECC Gipuzkoa<\/h3>\n<p class=\"p1\"><span class=\"s1\">Con el objetivo de conseguir 160.000 euros antes de fin de a\u00f1o, <a href=\"https:\/\/www.aecc.es\/es\/sobre-nosotros\/donde-estamos\/sede-guipuzcoa\">AECC Gipuzkoa<\/a> ha lanzado para este 2019 un reto a todo el territorio de Gipuzkoa. <\/span><\/p>\n<p class=\"p1\"><span class=\"s1\">AECC Gipuzkoa hace un llamamiento a colaborar en la recaudaci\u00f3n de este montante. Invertir en una terapia que potencia las c\u00e9lulas del sistema inmune como se\u00f1ala \u00abAma\u00f1a es la Ca\u00f1a\u00bb es una acci\u00f3n que puede favorecer la calidad de vida de muchas personas afectadas por la enfermedad. Estas c\u00e9lulas tienen la capacidad de destruir las c\u00e9lulas malignas. <\/span><\/p>\n<p class=\"p1\"><span class=\"s1\">La investigaci\u00f3n comenz\u00f3 en 2015 y est\u00e1 previsto que finalice en 2020.<\/span><\/p>\n<p>&nbsp;<\/p>\n<h3>AECC Gipuzkoa y Alzola Basque Water<\/h3>\n<p>La colaboraci\u00f3n de Alzola Basque Water en el \u00e1mbito de la investigaci\u00f3n contra el c\u00e1ncer y en especial de la mano de <a href=\"https:\/\/www.alzola.com\/aecc-gipuzkoa-culmina-campana-prevencion-solar-del-cancer-de-piel\/\">AECC Gipuzkoa se remonta al 2015<\/a>.<\/p>\n<p>Su antigua direcci\u00f3n visit\u00f3 el manantial con una afirmaci\u00f3n muy relevante para Alzola. Dec\u00edan as\u00ed Fernando Pesquera y Jose Mar\u00eda Otaegi, por entonces representantes de la organizaci\u00f3n: <em><strong><a href=\"https:\/\/www.alzola.com\/buena-hidratacion-para-prevenir-el-cancer-piel\/\">\u00abPara prevenir el c\u00e1ncer de piel, es m\u00e1s importante beber agua antes, durante y despu\u00e9s de la exposici\u00f3n al sol que darse crema\u00bb<\/a>.<\/strong><\/em><\/p>\n<p>El 2016 supuso para Alzola un reto corporativo. El \u00e9xito de la colaboraci\u00f3n con AECC Gipuzkoa en sus campa\u00f1as estivales planteaba superar un reto mayor. La creaci\u00f3n de una beca para la investigaci\u00f3n contra el c\u00e1ncer en Bio-Donostia.<\/p>\n<p>Bajo el t\u00edtulo <a href=\"http:\/\/www.donostiaazulsalud.com\/\">#DonostiaAzulSalud<\/a> los trabajadores del manantial salimos a las calles de Donostia &#8211; San Sebasti\u00e1n a repartir salud. La campa\u00f1a tuvo una acogida y una respuesta extraordinaria por parte de los vecinos y comercios de la capital de Gipuzkoa.<\/p>\n<p>&nbsp;<\/p>\n","protected":false},"excerpt":{"rendered":"<p>M\u00e1s de 1.500 personas tomaron parte en la I Marcha Solidaria contra el c\u00e1ncer en Eibar, con el apoyo entre otros de Alzola Basque Water. &nbsp; La iniciativa tiene como objetivos: Concienciar a la poblaci\u00f3n de Eibar sobre una enfermedad que, \u00abdesgraciadamente, toca en todas las familias o en gente cercana\u00bb. &nbsp; Recaudar dinero para avanzar en la investigaci\u00f3n contra el c\u00e1ncer. &nbsp; La organizaci\u00f3n de la marcha solidaria contra el c\u00e1ncer recae en \u00abAma\u00f1a es la Ca\u00f1a\u00bb. Ama\u00f1a es la Ca\u00f1a es la asociaci\u00f3n de vecinos del barrio de Ama\u00f1a, Eibar. La marcha representa un paseo por la ciudad y se realiza a pie con salida y llegada en la Plaza de Unzaga. Recorrido y distancia La marcha ha recorrido las calles Ferm\u00edn Calbet\u00f3n, Bidebarrieta, Arrag\u00fceta, Errebal, Toribio Etxebarria, Paseo San Andr\u00e9s, Legarre, Ama\u00f1a por Berdintasunaren Pasealekua (paseo de la igualdad) hasta el hospital, cruzando por la pasarela, Avenida de Otaola, e Isasi, con llegada a Unzaga y con una distancia de 3,9 km aproximadamente. El avituallamiento consta de una manzana donada por Eroski, y una botella de Alzola Basque Water. Desde la organizaci\u00f3n se agradecen los apoyos del Ayuntamiento, Fundaci\u00f3n SD Eibar, Alzola Basque Water, Eroski, Caixabank. Recaudaci\u00f3n&#8230;<\/p>\n","protected":false},"author":2,"featured_media":3914,"comment_status":"closed","ping_status":"open","sticky":false,"template":"","format":"standard","meta":{"om_disable_all_campaigns":false,"_monsterinsights_skip_tracking":false,"_monsterinsights_sitenote_active":false,"_monsterinsights_sitenote_note":"","_monsterinsights_sitenote_category":0,"footnotes":""},"categories":[44],"tags":[257,350,351],"class_list":["post-3907","post","type-post","status-publish","format-standard","has-post-thumbnail","hentry","category-agua-mineral-natural","tag-aecc_gipuzkoa","tag-amana-es-la-cana","tag-marcha-solidaria"],"yoast_head":"<!-- This site is optimized with the Yoast SEO plugin v27.5 - https:\/\/yoast.com\/product\/yoast-seo-wordpress\/ -->\n<title>Marcha solidaria contra el C\u00e1ncer con &quot;Ama\u00f1a es la Ca\u00f1a&quot;<\/title>\n<meta name=\"description\" content=\"{:es}M\u00e1s de 1.500 personas en la I Marcha Solidaria contra el c\u00e1ncer que ha organizo la asociaci\u00f3n Ama\u00f1a es la Ca\u00f1a de Eibar con el apoyo de Alzola Basque Water.{:}\" \/>\n<meta name=\"robots\" content=\"index, follow, max-snippet:-1, max-image-preview:large, max-video-preview:-1\" \/>\n<link rel=\"canonical\" href=\"https:\/\/www.alzola.com\/es\/marcha-solidaria-contra-el-cancer-con-amana-es-la-cana-y-aecc-gipuzkoa\/\" \/>\n<meta property=\"og:locale\" content=\"es_ES\" \/>\n<meta property=\"og:type\" content=\"article\" \/>\n<meta property=\"og:title\" content=\"Marcha solidaria contra el C\u00e1ncer con &quot;Ama\u00f1a es la Ca\u00f1a&quot;\" \/>\n<meta property=\"og:description\" content=\"{:es}M\u00e1s de 1.500 personas en la I Marcha Solidaria contra el c\u00e1ncer que ha organizo la asociaci\u00f3n Ama\u00f1a es la Ca\u00f1a de Eibar con el apoyo de Alzola Basque Water.{:}\" \/>\n<meta property=\"og:url\" content=\"https:\/\/www.alzola.com\/es\/marcha-solidaria-contra-el-cancer-con-amana-es-la-cana-y-aecc-gipuzkoa\/\" \/>\n<meta property=\"og:site_name\" content=\"Alzola Basque Water\" \/>\n<meta property=\"article:publisher\" content=\"https:\/\/www.facebook.com\/alzolabasquewater\/\" \/>\n<meta property=\"article:author\" content=\"www.facebook.com\/AlzolaBasqueWater\" \/>\n<meta property=\"article:published_time\" content=\"2019-06-28T08:48:21+00:00\" \/>\n<meta property=\"article:modified_time\" content=\"2021-09-29T09:26:50+00:00\" \/>\n<meta property=\"og:image\" content=\"https:\/\/www.alzola.com\/wp-content\/uploads\/2019\/06\/Aman\u0303a-es-la-can\u0303a-con-Alzola-Basque-Water-scaled.jpg\" \/>\n\t<meta property=\"og:image:width\" content=\"2560\" \/>\n\t<meta property=\"og:image:height\" content=\"1120\" \/>\n\t<meta property=\"og:image:type\" content=\"image\/jpeg\" \/>\n<meta name=\"author\" content=\"Alzola Basque Water\" \/>\n<meta name=\"twitter:card\" content=\"summary_large_image\" \/>\n<meta name=\"twitter:creator\" content=\"@basquewater\" \/>\n<meta name=\"twitter:site\" content=\"@BasqueWater\" \/>\n<meta name=\"twitter:label1\" content=\"Escrito por\" \/>\n\t<meta name=\"twitter:data1\" content=\"Alzola Basque Water\" \/>\n\t<meta name=\"twitter:label2\" content=\"Tiempo de lectura\" \/>\n\t<meta name=\"twitter:data2\" content=\"3 minutos\" \/>\n<script type=\"application\/ld+json\" class=\"yoast-schema-graph\">{\"@context\":\"https:\\\/\\\/schema.org\",\"@graph\":[{\"@type\":\"Article\",\"@id\":\"https:\\\/\\\/www.alzola.com\\\/es\\\/marcha-solidaria-contra-el-cancer-con-amana-es-la-cana-y-aecc-gipuzkoa\\\/#article\",\"isPartOf\":{\"@id\":\"https:\\\/\\\/www.alzola.com\\\/es\\\/marcha-solidaria-contra-el-cancer-con-amana-es-la-cana-y-aecc-gipuzkoa\\\/\"},\"author\":{\"name\":\"Alzola Basque Water\",\"@id\":\"https:\\\/\\\/www.alzola.com\\\/es\\\/#\\\/schema\\\/person\\\/67ba21fcc68e23f591865e5457edc378\"},\"headline\":\"Marcha solidaria contra el C\u00e1ncer con \u00abAma\u00f1a es la Ca\u00f1a\u00bb y AECC Gipuzkoa\",\"datePublished\":\"2019-06-28T08:48:21+00:00\",\"dateModified\":\"2021-09-29T09:26:50+00:00\",\"mainEntityOfPage\":{\"@id\":\"https:\\\/\\\/www.alzola.com\\\/es\\\/marcha-solidaria-contra-el-cancer-con-amana-es-la-cana-y-aecc-gipuzkoa\\\/\"},\"wordCount\":571,\"publisher\":{\"@id\":\"https:\\\/\\\/www.alzola.com\\\/es\\\/#organization\"},\"image\":{\"@id\":\"https:\\\/\\\/www.alzola.com\\\/es\\\/marcha-solidaria-contra-el-cancer-con-amana-es-la-cana-y-aecc-gipuzkoa\\\/#primaryimage\"},\"thumbnailUrl\":\"https:\\\/\\\/www.alzola.com\\\/wp-content\\\/uploads\\\/2019\\\/06\\\/Aman\u0303a-es-la-can\u0303a-con-Alzola-Basque-Water-scaled.jpg\",\"keywords\":[\"AECC_Gipuzkoa\",\"Ama\u00f1a es la Ca\u00f1a\",\"Marcha Solidaria\"],\"articleSection\":[\"Agua Mineral Natural\"],\"inLanguage\":\"es\"},{\"@type\":\"WebPage\",\"@id\":\"https:\\\/\\\/www.alzola.com\\\/es\\\/marcha-solidaria-contra-el-cancer-con-amana-es-la-cana-y-aecc-gipuzkoa\\\/\",\"url\":\"https:\\\/\\\/www.alzola.com\\\/es\\\/marcha-solidaria-contra-el-cancer-con-amana-es-la-cana-y-aecc-gipuzkoa\\\/\",\"name\":\"Marcha solidaria contra el C\u00e1ncer con \\\"Ama\u00f1a es la Ca\u00f1a\\\"\",\"isPartOf\":{\"@id\":\"https:\\\/\\\/www.alzola.com\\\/es\\\/#website\"},\"primaryImageOfPage\":{\"@id\":\"https:\\\/\\\/www.alzola.com\\\/es\\\/marcha-solidaria-contra-el-cancer-con-amana-es-la-cana-y-aecc-gipuzkoa\\\/#primaryimage\"},\"image\":{\"@id\":\"https:\\\/\\\/www.alzola.com\\\/es\\\/marcha-solidaria-contra-el-cancer-con-amana-es-la-cana-y-aecc-gipuzkoa\\\/#primaryimage\"},\"thumbnailUrl\":\"https:\\\/\\\/www.alzola.com\\\/wp-content\\\/uploads\\\/2019\\\/06\\\/Aman\u0303a-es-la-can\u0303a-con-Alzola-Basque-Water-scaled.jpg\",\"datePublished\":\"2019-06-28T08:48:21+00:00\",\"dateModified\":\"2021-09-29T09:26:50+00:00\",\"description\":\"{:es}M\u00e1s de 1.500 personas en la I Marcha Solidaria contra el c\u00e1ncer que ha organizo la asociaci\u00f3n Ama\u00f1a es la Ca\u00f1a de Eibar con el apoyo de Alzola Basque Water.{:}\",\"breadcrumb\":{\"@id\":\"https:\\\/\\\/www.alzola.com\\\/es\\\/marcha-solidaria-contra-el-cancer-con-amana-es-la-cana-y-aecc-gipuzkoa\\\/#breadcrumb\"},\"inLanguage\":\"es\",\"potentialAction\":[{\"@type\":\"ReadAction\",\"target\":[\"https:\\\/\\\/www.alzola.com\\\/es\\\/marcha-solidaria-contra-el-cancer-con-amana-es-la-cana-y-aecc-gipuzkoa\\\/\"]}]},{\"@type\":\"ImageObject\",\"inLanguage\":\"es\",\"@id\":\"https:\\\/\\\/www.alzola.com\\\/es\\\/marcha-solidaria-contra-el-cancer-con-amana-es-la-cana-y-aecc-gipuzkoa\\\/#primaryimage\",\"url\":\"https:\\\/\\\/www.alzola.com\\\/wp-content\\\/uploads\\\/2019\\\/06\\\/Aman\u0303a-es-la-can\u0303a-con-Alzola-Basque-Water-scaled.jpg\",\"contentUrl\":\"https:\\\/\\\/www.alzola.com\\\/wp-content\\\/uploads\\\/2019\\\/06\\\/Aman\u0303a-es-la-can\u0303a-con-Alzola-Basque-Water-scaled.jpg\",\"width\":2560,\"height\":1120},{\"@type\":\"BreadcrumbList\",\"@id\":\"https:\\\/\\\/www.alzola.com\\\/es\\\/marcha-solidaria-contra-el-cancer-con-amana-es-la-cana-y-aecc-gipuzkoa\\\/#breadcrumb\",\"itemListElement\":[{\"@type\":\"ListItem\",\"position\":1,\"name\":\"Portada\",\"item\":\"https:\\\/\\\/www.alzola.com\\\/es\\\/\"},{\"@type\":\"ListItem\",\"position\":2,\"name\":\"Marcha solidaria contra el C\u00e1ncer con \u00abAma\u00f1a es la Ca\u00f1a\u00bb y AECC Gipuzkoa\"}]},{\"@type\":\"WebSite\",\"@id\":\"https:\\\/\\\/www.alzola.com\\\/es\\\/#website\",\"url\":\"https:\\\/\\\/www.alzola.com\\\/es\\\/\",\"name\":\"Alzola Basque Water\",\"description\":\"Agua Mineral Natural desde 1801\",\"publisher\":{\"@id\":\"https:\\\/\\\/www.alzola.com\\\/es\\\/#organization\"},\"potentialAction\":[{\"@type\":\"SearchAction\",\"target\":{\"@type\":\"EntryPoint\",\"urlTemplate\":\"https:\\\/\\\/www.alzola.com\\\/es\\\/?s={search_term_string}\"},\"query-input\":{\"@type\":\"PropertyValueSpecification\",\"valueRequired\":true,\"valueName\":\"search_term_string\"}}],\"inLanguage\":\"es\"},{\"@type\":\"Organization\",\"@id\":\"https:\\\/\\\/www.alzola.com\\\/es\\\/#organization\",\"name\":\"BalenzateguiSA - Alzola Basque Water\",\"url\":\"https:\\\/\\\/www.alzola.com\\\/es\\\/\",\"logo\":{\"@type\":\"ImageObject\",\"inLanguage\":\"es\",\"@id\":\"https:\\\/\\\/www.alzola.com\\\/es\\\/#\\\/schema\\\/logo\\\/image\\\/\",\"url\":\"https:\\\/\\\/www.alzola.com\\\/wp-content\\\/uploads\\\/2013\\\/09\\\/Logo-alzola-baja.png\",\"contentUrl\":\"https:\\\/\\\/www.alzola.com\\\/wp-content\\\/uploads\\\/2013\\\/09\\\/Logo-alzola-baja.png\",\"width\":892,\"height\":600,\"caption\":\"BalenzateguiSA - Alzola Basque Water\"},\"image\":{\"@id\":\"https:\\\/\\\/www.alzola.com\\\/es\\\/#\\\/schema\\\/logo\\\/image\\\/\"},\"sameAs\":[\"https:\\\/\\\/www.facebook.com\\\/alzolabasquewater\\\/\",\"https:\\\/\\\/x.com\\\/BasqueWater\",\"https:\\\/\\\/www.instagram.com\\\/basquewater\\\/\",\"https:\\\/\\\/www.linkedin.com\\\/company\\\/3155611\\\/\",\"https:\\\/\\\/es.pinterest.com\\\/basquewater\\\/\",\"https:\\\/\\\/www.youtube.com\\\/AlzolaBasqueWater\"]},{\"@type\":\"Person\",\"@id\":\"https:\\\/\\\/www.alzola.com\\\/es\\\/#\\\/schema\\\/person\\\/67ba21fcc68e23f591865e5457edc378\",\"name\":\"Alzola Basque Water\",\"image\":{\"@type\":\"ImageObject\",\"inLanguage\":\"es\",\"@id\":\"https:\\\/\\\/secure.gravatar.com\\\/avatar\\\/6c16b08ba125fac103c3b367e4bd71c56459032ae0395aef4da6ab3a913593ba?s=96&d=mm&r=g\",\"url\":\"https:\\\/\\\/secure.gravatar.com\\\/avatar\\\/6c16b08ba125fac103c3b367e4bd71c56459032ae0395aef4da6ab3a913593ba?s=96&d=mm&r=g\",\"contentUrl\":\"https:\\\/\\\/secure.gravatar.com\\\/avatar\\\/6c16b08ba125fac103c3b367e4bd71c56459032ae0395aef4da6ab3a913593ba?s=96&d=mm&r=g\",\"caption\":\"Alzola Basque Water\"},\"description\":\"Agua Mineral Natural declarada de Utilidad P\u00fablica en 1843.\",\"sameAs\":[\"https:\\\/\\\/www.alzola.com\",\"www.facebook.com\\\/AlzolaBasqueWater\",\"https:\\\/\\\/www.instagram.com\\\/basquewater\\\/\",\"https:\\\/\\\/x.com\\\/basquewater\"]}]}<\/script>\n<!-- \/ Yoast SEO plugin. -->","yoast_head_json":{"title":"Marcha solidaria contra el C\u00e1ncer con \"Ama\u00f1a es la Ca\u00f1a\"","description":"{:es}M\u00e1s de 1.500 personas en la I Marcha Solidaria contra el c\u00e1ncer que ha organizo la asociaci\u00f3n Ama\u00f1a es la Ca\u00f1a de Eibar con el apoyo de Alzola Basque Water.{:}","robots":{"index":"index","follow":"follow","max-snippet":"max-snippet:-1","max-image-preview":"max-image-preview:large","max-video-preview":"max-video-preview:-1"},"canonical":"https:\/\/www.alzola.com\/es\/marcha-solidaria-contra-el-cancer-con-amana-es-la-cana-y-aecc-gipuzkoa\/","og_locale":"es_ES","og_type":"article","og_title":"Marcha solidaria contra el C\u00e1ncer con \"Ama\u00f1a es la Ca\u00f1a\"","og_description":"{:es}M\u00e1s de 1.500 personas en la I Marcha Solidaria contra el c\u00e1ncer que ha organizo la asociaci\u00f3n Ama\u00f1a es la Ca\u00f1a de Eibar con el apoyo de Alzola Basque Water.{:}","og_url":"https:\/\/www.alzola.com\/es\/marcha-solidaria-contra-el-cancer-con-amana-es-la-cana-y-aecc-gipuzkoa\/","og_site_name":"Alzola Basque Water","article_publisher":"https:\/\/www.facebook.com\/alzolabasquewater\/","article_author":"www.facebook.com\/AlzolaBasqueWater","article_published_time":"2019-06-28T08:48:21+00:00","article_modified_time":"2021-09-29T09:26:50+00:00","og_image":[{"width":2560,"height":1120,"url":"https:\/\/www.alzola.com\/wp-content\/uploads\/2019\/06\/Aman\u0303a-es-la-can\u0303a-con-Alzola-Basque-Water-scaled.jpg","type":"image\/jpeg"}],"author":"Alzola Basque Water","twitter_card":"summary_large_image","twitter_creator":"@basquewater","twitter_site":"@BasqueWater","twitter_misc":{"Escrito por":"Alzola Basque Water","Tiempo de lectura":"3 minutos"},"schema":{"@context":"https:\/\/schema.org","@graph":[{"@type":"Article","@id":"https:\/\/www.alzola.com\/es\/marcha-solidaria-contra-el-cancer-con-amana-es-la-cana-y-aecc-gipuzkoa\/#article","isPartOf":{"@id":"https:\/\/www.alzola.com\/es\/marcha-solidaria-contra-el-cancer-con-amana-es-la-cana-y-aecc-gipuzkoa\/"},"author":{"name":"Alzola Basque Water","@id":"https:\/\/www.alzola.com\/es\/#\/schema\/person\/67ba21fcc68e23f591865e5457edc378"},"headline":"Marcha solidaria contra el C\u00e1ncer con \u00abAma\u00f1a es la Ca\u00f1a\u00bb y AECC Gipuzkoa","datePublished":"2019-06-28T08:48:21+00:00","dateModified":"2021-09-29T09:26:50+00:00","mainEntityOfPage":{"@id":"https:\/\/www.alzola.com\/es\/marcha-solidaria-contra-el-cancer-con-amana-es-la-cana-y-aecc-gipuzkoa\/"},"wordCount":571,"publisher":{"@id":"https:\/\/www.alzola.com\/es\/#organization"},"image":{"@id":"https:\/\/www.alzola.com\/es\/marcha-solidaria-contra-el-cancer-con-amana-es-la-cana-y-aecc-gipuzkoa\/#primaryimage"},"thumbnailUrl":"https:\/\/www.alzola.com\/wp-content\/uploads\/2019\/06\/Aman\u0303a-es-la-can\u0303a-con-Alzola-Basque-Water-scaled.jpg","keywords":["AECC_Gipuzkoa","Ama\u00f1a es la Ca\u00f1a","Marcha Solidaria"],"articleSection":["Agua Mineral Natural"],"inLanguage":"es"},{"@type":"WebPage","@id":"https:\/\/www.alzola.com\/es\/marcha-solidaria-contra-el-cancer-con-amana-es-la-cana-y-aecc-gipuzkoa\/","url":"https:\/\/www.alzola.com\/es\/marcha-solidaria-contra-el-cancer-con-amana-es-la-cana-y-aecc-gipuzkoa\/","name":"Marcha solidaria contra el C\u00e1ncer con \"Ama\u00f1a es la Ca\u00f1a\"","isPartOf":{"@id":"https:\/\/www.alzola.com\/es\/#website"},"primaryImageOfPage":{"@id":"https:\/\/www.alzola.com\/es\/marcha-solidaria-contra-el-cancer-con-amana-es-la-cana-y-aecc-gipuzkoa\/#primaryimage"},"image":{"@id":"https:\/\/www.alzola.com\/es\/marcha-solidaria-contra-el-cancer-con-amana-es-la-cana-y-aecc-gipuzkoa\/#primaryimage"},"thumbnailUrl":"https:\/\/www.alzola.com\/wp-content\/uploads\/2019\/06\/Aman\u0303a-es-la-can\u0303a-con-Alzola-Basque-Water-scaled.jpg","datePublished":"2019-06-28T08:48:21+00:00","dateModified":"2021-09-29T09:26:50+00:00","description":"{:es}M\u00e1s de 1.500 personas en la I Marcha Solidaria contra el c\u00e1ncer que ha organizo la asociaci\u00f3n Ama\u00f1a es la Ca\u00f1a de Eibar con el apoyo de Alzola Basque Water.{:}","breadcrumb":{"@id":"https:\/\/www.alzola.com\/es\/marcha-solidaria-contra-el-cancer-con-amana-es-la-cana-y-aecc-gipuzkoa\/#breadcrumb"},"inLanguage":"es","potentialAction":[{"@type":"ReadAction","target":["https:\/\/www.alzola.com\/es\/marcha-solidaria-contra-el-cancer-con-amana-es-la-cana-y-aecc-gipuzkoa\/"]}]},{"@type":"ImageObject","inLanguage":"es","@id":"https:\/\/www.alzola.com\/es\/marcha-solidaria-contra-el-cancer-con-amana-es-la-cana-y-aecc-gipuzkoa\/#primaryimage","url":"https:\/\/www.alzola.com\/wp-content\/uploads\/2019\/06\/Aman\u0303a-es-la-can\u0303a-con-Alzola-Basque-Water-scaled.jpg","contentUrl":"https:\/\/www.alzola.com\/wp-content\/uploads\/2019\/06\/Aman\u0303a-es-la-can\u0303a-con-Alzola-Basque-Water-scaled.jpg","width":2560,"height":1120},{"@type":"BreadcrumbList","@id":"https:\/\/www.alzola.com\/es\/marcha-solidaria-contra-el-cancer-con-amana-es-la-cana-y-aecc-gipuzkoa\/#breadcrumb","itemListElement":[{"@type":"ListItem","position":1,"name":"Portada","item":"https:\/\/www.alzola.com\/es\/"},{"@type":"ListItem","position":2,"name":"Marcha solidaria contra el C\u00e1ncer con \u00abAma\u00f1a es la Ca\u00f1a\u00bb y AECC Gipuzkoa"}]},{"@type":"WebSite","@id":"https:\/\/www.alzola.com\/es\/#website","url":"https:\/\/www.alzola.com\/es\/","name":"Alzola Basque Water","description":"Agua Mineral Natural desde 1801","publisher":{"@id":"https:\/\/www.alzola.com\/es\/#organization"},"potentialAction":[{"@type":"SearchAction","target":{"@type":"EntryPoint","urlTemplate":"https:\/\/www.alzola.com\/es\/?s={search_term_string}"},"query-input":{"@type":"PropertyValueSpecification","valueRequired":true,"valueName":"search_term_string"}}],"inLanguage":"es"},{"@type":"Organization","@id":"https:\/\/www.alzola.com\/es\/#organization","name":"BalenzateguiSA - Alzola Basque Water","url":"https:\/\/www.alzola.com\/es\/","logo":{"@type":"ImageObject","inLanguage":"es","@id":"https:\/\/www.alzola.com\/es\/#\/schema\/logo\/image\/","url":"https:\/\/www.alzola.com\/wp-content\/uploads\/2013\/09\/Logo-alzola-baja.png","contentUrl":"https:\/\/www.alzola.com\/wp-content\/uploads\/2013\/09\/Logo-alzola-baja.png","width":892,"height":600,"caption":"BalenzateguiSA - Alzola Basque Water"},"image":{"@id":"https:\/\/www.alzola.com\/es\/#\/schema\/logo\/image\/"},"sameAs":["https:\/\/www.facebook.com\/alzolabasquewater\/","https:\/\/x.com\/BasqueWater","https:\/\/www.instagram.com\/basquewater\/","https:\/\/www.linkedin.com\/company\/3155611\/","https:\/\/es.pinterest.com\/basquewater\/","https:\/\/www.youtube.com\/AlzolaBasqueWater"]},{"@type":"Person","@id":"https:\/\/www.alzola.com\/es\/#\/schema\/person\/67ba21fcc68e23f591865e5457edc378","name":"Alzola Basque Water","image":{"@type":"ImageObject","inLanguage":"es","@id":"https:\/\/secure.gravatar.com\/avatar\/6c16b08ba125fac103c3b367e4bd71c56459032ae0395aef4da6ab3a913593ba?s=96&d=mm&r=g","url":"https:\/\/secure.gravatar.com\/avatar\/6c16b08ba125fac103c3b367e4bd71c56459032ae0395aef4da6ab3a913593ba?s=96&d=mm&r=g","contentUrl":"https:\/\/secure.gravatar.com\/avatar\/6c16b08ba125fac103c3b367e4bd71c56459032ae0395aef4da6ab3a913593ba?s=96&d=mm&r=g","caption":"Alzola Basque Water"},"description":"Agua Mineral Natural declarada de Utilidad P\u00fablica en 1843.","sameAs":["https:\/\/www.alzola.com","www.facebook.com\/AlzolaBasqueWater","https:\/\/www.instagram.com\/basquewater\/","https:\/\/x.com\/basquewater"]}]}},"_links":{"self":[{"href":"https:\/\/www.alzola.com\/es\/wp-json\/wp\/v2\/posts\/3907","targetHints":{"allow":["GET"]}}],"collection":[{"href":"https:\/\/www.alzola.com\/es\/wp-json\/wp\/v2\/posts"}],"about":[{"href":"https:\/\/www.alzola.com\/es\/wp-json\/wp\/v2\/types\/post"}],"author":[{"embeddable":true,"href":"https:\/\/www.alzola.com\/es\/wp-json\/wp\/v2\/users\/2"}],"replies":[{"embeddable":true,"href":"https:\/\/www.alzola.com\/es\/wp-json\/wp\/v2\/comments?post=3907"}],"version-history":[{"count":0,"href":"https:\/\/www.alzola.com\/es\/wp-json\/wp\/v2\/posts\/3907\/revisions"}],"wp:featuredmedia":[{"embeddable":true,"href":"https:\/\/www.alzola.com\/es\/wp-json\/wp\/v2\/media\/3914"}],"wp:attachment":[{"href":"https:\/\/www.alzola.com\/es\/wp-json\/wp\/v2\/media?parent=3907"}],"wp:term":[{"taxonomy":"category","embeddable":true,"href":"https:\/\/www.alzola.com\/es\/wp-json\/wp\/v2\/categories?post=3907"},{"taxonomy":"post_tag","embeddable":true,"href":"https:\/\/www.alzola.com\/es\/wp-json\/wp\/v2\/tags?post=3907"}],"curies":[{"name":"wp","href":"https:\/\/api.w.org\/{rel}","templated":true}]}}