{"id":3289,"date":"2018-07-05T12:06:25","date_gmt":"2018-07-05T11:06:25","guid":{"rendered":"https:\/\/www.alzola.com\/?p=3289"},"modified":"2021-09-29T10:26:47","modified_gmt":"2021-09-29T09:26:47","slug":"noesno-ezbetidaez-sanfermin-andramaria-astenagusia","status":"publish","type":"post","link":"https:\/\/www.alzola.com\/es\/noesno-ezbetidaez-sanfermin-andramaria-astenagusia\/","title":{"rendered":"NOESNO en San Ferm\u00edn, La Blanca y Semana Grande"},"content":{"rendered":"<p><strong>NOESNO<\/strong> \u00a1Repite con nosotros!<\/p>\n<p><strong>NOESNO <\/strong>En San Ferm\u00edn, La Blanca y Semana Grande.<\/p>\n<p>En una <a href=\"https:\/\/www.alzola.com\/no-la-maltrates-eres-70-agua\/\">alegor\u00eda de las personas y el agua<\/a> hemos manifestado ya en 2015 el rechazo al maltrato de las personas desde el manantial de Alzola. Rechazamos la actitud de quienes vulneran los derechos de las personas y en consecuencia su salud.<\/p>\n<div id=\"attachment_3305\" style=\"width: 2372px\" class=\"wp-caption aligncenter\"><a href=\"https:\/\/www.alzola.com\/wp-content\/uploads\/2018\/07\/EzbetidaEz-Alzola-Basque-Water-NoesNo-21.jpg\"><img loading=\"lazy\" decoding=\"async\" aria-describedby=\"caption-attachment-3305\" class=\"size-full wp-image-3305\" src=\"https:\/\/www.alzola.com\/wp-content\/uploads\/2018\/07\/EzbetidaEz-Alzola-Basque-Water-NoesNo-21.jpg\" alt=\"\" width=\"2362\" height=\"1552\" srcset=\"https:\/\/www.alzola.com\/wp-content\/uploads\/2018\/07\/EzbetidaEz-Alzola-Basque-Water-NoesNo-21.jpg 2362w, https:\/\/www.alzola.com\/wp-content\/uploads\/2018\/07\/EzbetidaEz-Alzola-Basque-Water-NoesNo-21-300x197.jpg 300w, https:\/\/www.alzola.com\/wp-content\/uploads\/2018\/07\/EzbetidaEz-Alzola-Basque-Water-NoesNo-21-1024x673.jpg 1024w, https:\/\/www.alzola.com\/wp-content\/uploads\/2018\/07\/EzbetidaEz-Alzola-Basque-Water-NoesNo-21-768x505.jpg 768w, https:\/\/www.alzola.com\/wp-content\/uploads\/2018\/07\/EzbetidaEz-Alzola-Basque-Water-NoesNo-21-1536x1009.jpg 1536w, https:\/\/www.alzola.com\/wp-content\/uploads\/2018\/07\/EzbetidaEz-Alzola-Basque-Water-NoesNo-21-2048x1346.jpg 2048w, https:\/\/www.alzola.com\/wp-content\/uploads\/2018\/07\/EzbetidaEz-Alzola-Basque-Water-NoesNo-21-84x55.jpg 84w, https:\/\/www.alzola.com\/wp-content\/uploads\/2018\/07\/EzbetidaEz-Alzola-Basque-Water-NoesNo-21-200x131.jpg 200w, https:\/\/www.alzola.com\/wp-content\/uploads\/2018\/07\/EzbetidaEz-Alzola-Basque-Water-NoesNo-21-450x296.jpg 450w, https:\/\/www.alzola.com\/wp-content\/uploads\/2018\/07\/EzbetidaEz-Alzola-Basque-Water-NoesNo-21-1200x788.jpg 1200w, https:\/\/www.alzola.com\/wp-content\/uploads\/2018\/07\/EzbetidaEz-Alzola-Basque-Water-NoesNo-21-360x237.jpg 360w, https:\/\/www.alzola.com\/wp-content\/uploads\/2018\/07\/EzbetidaEz-Alzola-Basque-Water-NoesNo-21-800x526.jpg 800w\" sizes=\"auto, (max-width: 2362px) 100vw, 2362px\" \/><\/a><p id=\"caption-attachment-3305\" class=\"wp-caption-text\">Plaza del Castillo, Pamplona<\/p><\/div>\n<p>Desde el 2017 es habitual ver a miembros de nuestro equipo en las calles de tu localidad. Los ver\u00e1s, como en <a href=\"https:\/\/www.alzola.com\/alzola-calle-repartir-salud-y-alegria\/\">este video repartiendo salud y alegr\u00eda<\/a> en forma de botellines de Agua Mineral Natural y<a href=\"https:\/\/www.alzola.com\/receta-medica-clasica-balneario-alzola\/\"> la receta h\u00edst\u00f3rica del antiguo Balneario de Alzola<\/a> Basque Water.<\/p>\n<div id=\"attachment_3308\" style=\"width: 2372px\" class=\"wp-caption aligncenter\"><a href=\"https:\/\/www.alzola.com\/wp-content\/uploads\/2018\/07\/EzbetidaEz-Alzola-Basque-Water-NoesNo-25.jpg\"><img loading=\"lazy\" decoding=\"async\" aria-describedby=\"caption-attachment-3308\" class=\"size-full wp-image-3308\" src=\"https:\/\/www.alzola.com\/wp-content\/uploads\/2018\/07\/EzbetidaEz-Alzola-Basque-Water-NoesNo-25.jpg\" alt=\"\" width=\"2362\" height=\"1565\" srcset=\"https:\/\/www.alzola.com\/wp-content\/uploads\/2018\/07\/EzbetidaEz-Alzola-Basque-Water-NoesNo-25.jpg 2362w, https:\/\/www.alzola.com\/wp-content\/uploads\/2018\/07\/EzbetidaEz-Alzola-Basque-Water-NoesNo-25-300x199.jpg 300w, https:\/\/www.alzola.com\/wp-content\/uploads\/2018\/07\/EzbetidaEz-Alzola-Basque-Water-NoesNo-25-1024x678.jpg 1024w, https:\/\/www.alzola.com\/wp-content\/uploads\/2018\/07\/EzbetidaEz-Alzola-Basque-Water-NoesNo-25-768x509.jpg 768w, https:\/\/www.alzola.com\/wp-content\/uploads\/2018\/07\/EzbetidaEz-Alzola-Basque-Water-NoesNo-25-1536x1018.jpg 1536w, https:\/\/www.alzola.com\/wp-content\/uploads\/2018\/07\/EzbetidaEz-Alzola-Basque-Water-NoesNo-25-2048x1357.jpg 2048w, https:\/\/www.alzola.com\/wp-content\/uploads\/2018\/07\/EzbetidaEz-Alzola-Basque-Water-NoesNo-25-84x56.jpg 84w, https:\/\/www.alzola.com\/wp-content\/uploads\/2018\/07\/EzbetidaEz-Alzola-Basque-Water-NoesNo-25-200x133.jpg 200w, https:\/\/www.alzola.com\/wp-content\/uploads\/2018\/07\/EzbetidaEz-Alzola-Basque-Water-NoesNo-25-450x298.jpg 450w, https:\/\/www.alzola.com\/wp-content\/uploads\/2018\/07\/EzbetidaEz-Alzola-Basque-Water-NoesNo-25-1192x790.jpg 1192w, https:\/\/www.alzola.com\/wp-content\/uploads\/2018\/07\/EzbetidaEz-Alzola-Basque-Water-NoesNo-25-360x239.jpg 360w, https:\/\/www.alzola.com\/wp-content\/uploads\/2018\/07\/EzbetidaEz-Alzola-Basque-Water-NoesNo-25-800x530.jpg 800w\" sizes=\"auto, (max-width: 2362px) 100vw, 2362px\" \/><\/a><p id=\"caption-attachment-3308\" class=\"wp-caption-text\">Alzola Basque Water, Salud para el pueblo<\/p><\/div>\n<p>El p\u00fablico tambi\u00e9n reconoce las <a href=\"https:\/\/twitter.com\/BasqueWater\/status\/943527700848939008\">botellas pesonalizadas de Alzola Basque Water<\/a> presentes en \u00e1mbitos deportivos y otros espacios para la difusi\u00f3n.<\/p>\n<p>Alzola Basque Water es tomada en buena consideraci\u00f3n por gran parte del p\u00fablico. Adem\u00e1s de ser el Agua Mineral Natural m\u00e1s equilibrada que se conoce desde el punto de vista qu\u00edmico es reconocida por su compromiso social.<\/p>\n<p>En esta ocasi\u00f3n hemos decidido apoyar un mensaje y su reivindicaci\u00f3n y lo hacemos a las v\u00edsperas de San Ferm\u00edn en Pamplona, en la Plaza del Castillo.<\/p>\n<div id=\"attachment_3306\" style=\"width: 2372px\" class=\"wp-caption aligncenter\"><a href=\"https:\/\/www.alzola.com\/wp-content\/uploads\/2018\/07\/EzbetidaEz-Alzola-Basque-Water-NoesNo-18.jpg\"><img loading=\"lazy\" decoding=\"async\" aria-describedby=\"caption-attachment-3306\" class=\"size-full wp-image-3306\" src=\"https:\/\/www.alzola.com\/wp-content\/uploads\/2018\/07\/EzbetidaEz-Alzola-Basque-Water-NoesNo-18.jpg\" alt=\"\" width=\"2362\" height=\"1565\" srcset=\"https:\/\/www.alzola.com\/wp-content\/uploads\/2018\/07\/EzbetidaEz-Alzola-Basque-Water-NoesNo-18.jpg 2362w, https:\/\/www.alzola.com\/wp-content\/uploads\/2018\/07\/EzbetidaEz-Alzola-Basque-Water-NoesNo-18-300x199.jpg 300w, https:\/\/www.alzola.com\/wp-content\/uploads\/2018\/07\/EzbetidaEz-Alzola-Basque-Water-NoesNo-18-1024x678.jpg 1024w, https:\/\/www.alzola.com\/wp-content\/uploads\/2018\/07\/EzbetidaEz-Alzola-Basque-Water-NoesNo-18-768x509.jpg 768w, https:\/\/www.alzola.com\/wp-content\/uploads\/2018\/07\/EzbetidaEz-Alzola-Basque-Water-NoesNo-18-1536x1018.jpg 1536w, https:\/\/www.alzola.com\/wp-content\/uploads\/2018\/07\/EzbetidaEz-Alzola-Basque-Water-NoesNo-18-2048x1357.jpg 2048w, https:\/\/www.alzola.com\/wp-content\/uploads\/2018\/07\/EzbetidaEz-Alzola-Basque-Water-NoesNo-18-84x56.jpg 84w, https:\/\/www.alzola.com\/wp-content\/uploads\/2018\/07\/EzbetidaEz-Alzola-Basque-Water-NoesNo-18-200x133.jpg 200w, https:\/\/www.alzola.com\/wp-content\/uploads\/2018\/07\/EzbetidaEz-Alzola-Basque-Water-NoesNo-18-450x298.jpg 450w, https:\/\/www.alzola.com\/wp-content\/uploads\/2018\/07\/EzbetidaEz-Alzola-Basque-Water-NoesNo-18-1192x790.jpg 1192w, https:\/\/www.alzola.com\/wp-content\/uploads\/2018\/07\/EzbetidaEz-Alzola-Basque-Water-NoesNo-18-360x239.jpg 360w, https:\/\/www.alzola.com\/wp-content\/uploads\/2018\/07\/EzbetidaEz-Alzola-Basque-Water-NoesNo-18-800x530.jpg 800w\" sizes=\"auto, (max-width: 2362px) 100vw, 2362px\" \/><\/a><p id=\"caption-attachment-3306\" class=\"wp-caption-text\">Agua Mineral Natural de Alzola y su receta<\/p><\/div>\n<p>Una vez m\u00e1s y como es habitual hemos salido a la calle a repartir salud para nuestra gente, ofreciendo Agua Mineral Natural de Alzola Basque Water con su receta. Hemos explicado, como lo hac\u00edan los m\u00e9dicos del antiguo Balneario los beneficios de tomar Alzola Basque Water en ayunas y a 29\u00baC, temperatura a la que aflora.<\/p>\n<div id=\"attachment_3307\" style=\"width: 2372px\" class=\"wp-caption aligncenter\"><a href=\"https:\/\/www.alzola.com\/wp-content\/uploads\/2018\/07\/EzbetidaEz-Alzola-Basque-Water-NoesNo-7.jpg\"><img loading=\"lazy\" decoding=\"async\" aria-describedby=\"caption-attachment-3307\" class=\"size-full wp-image-3307\" src=\"https:\/\/www.alzola.com\/wp-content\/uploads\/2018\/07\/EzbetidaEz-Alzola-Basque-Water-NoesNo-7.jpg\" alt=\"\" width=\"2362\" height=\"1565\" srcset=\"https:\/\/www.alzola.com\/wp-content\/uploads\/2018\/07\/EzbetidaEz-Alzola-Basque-Water-NoesNo-7.jpg 2362w, https:\/\/www.alzola.com\/wp-content\/uploads\/2018\/07\/EzbetidaEz-Alzola-Basque-Water-NoesNo-7-300x199.jpg 300w, https:\/\/www.alzola.com\/wp-content\/uploads\/2018\/07\/EzbetidaEz-Alzola-Basque-Water-NoesNo-7-1024x678.jpg 1024w, https:\/\/www.alzola.com\/wp-content\/uploads\/2018\/07\/EzbetidaEz-Alzola-Basque-Water-NoesNo-7-768x509.jpg 768w, https:\/\/www.alzola.com\/wp-content\/uploads\/2018\/07\/EzbetidaEz-Alzola-Basque-Water-NoesNo-7-1536x1018.jpg 1536w, https:\/\/www.alzola.com\/wp-content\/uploads\/2018\/07\/EzbetidaEz-Alzola-Basque-Water-NoesNo-7-2048x1357.jpg 2048w, https:\/\/www.alzola.com\/wp-content\/uploads\/2018\/07\/EzbetidaEz-Alzola-Basque-Water-NoesNo-7-84x56.jpg 84w, https:\/\/www.alzola.com\/wp-content\/uploads\/2018\/07\/EzbetidaEz-Alzola-Basque-Water-NoesNo-7-200x133.jpg 200w, https:\/\/www.alzola.com\/wp-content\/uploads\/2018\/07\/EzbetidaEz-Alzola-Basque-Water-NoesNo-7-450x298.jpg 450w, https:\/\/www.alzola.com\/wp-content\/uploads\/2018\/07\/EzbetidaEz-Alzola-Basque-Water-NoesNo-7-1192x790.jpg 1192w, https:\/\/www.alzola.com\/wp-content\/uploads\/2018\/07\/EzbetidaEz-Alzola-Basque-Water-NoesNo-7-360x239.jpg 360w, https:\/\/www.alzola.com\/wp-content\/uploads\/2018\/07\/EzbetidaEz-Alzola-Basque-Water-NoesNo-7-800x530.jpg 800w\" sizes=\"auto, (max-width: 2362px) 100vw, 2362px\" \/><\/a><p id=\"caption-attachment-3307\" class=\"wp-caption-text\">Alzola, en ayunas y templada para limpiar los ri\u00f1ones<\/p><\/div>\n<p>Y adem\u00e1s hemos reivindicado los derechos de las personas con una botella personalizada para la ocasi\u00f3n. Derecho a la vida, derecho a la libertad y a la salud, libre de agresiones sexuales independientemente de la condici\u00f3n sexual que muestra cada persona, porque <strong>NOESNO<\/strong>.<\/p>\n<div id=\"attachment_3301\" style=\"width: 1210px\" class=\"wp-caption aligncenter\"><a href=\"https:\/\/www.alzola.com\/wp-content\/uploads\/2018\/07\/EzbetidaEz-Alzola-Basque-Water-NoesNo-GIF.gif\"><img loading=\"lazy\" decoding=\"async\" aria-describedby=\"caption-attachment-3301\" class=\"size-full wp-image-3301\" src=\"https:\/\/www.alzola.com\/wp-content\/uploads\/2018\/07\/EzbetidaEz-Alzola-Basque-Water-NoesNo-GIF.gif\" alt=\"EzbetidaEz Alzola Basque Water NoesNo GIF\" width=\"1200\" height=\"795\" \/><\/a><p id=\"caption-attachment-3301\" class=\"wp-caption-text\">NoesNo, reivindica tus derechos<\/p><\/div>\n<p>&nbsp;<\/p>\n","protected":false},"excerpt":{"rendered":"<p>NOESNO \u00a1Repite con nosotros! NOESNO En San Ferm\u00edn, La Blanca y Semana Grande. En una alegor\u00eda de las personas y el agua hemos manifestado ya en 2015 el rechazo al maltrato de las personas desde el manantial de Alzola. Rechazamos la actitud de quienes vulneran los derechos de las personas y en consecuencia su salud. Desde el 2017 es habitual ver a miembros de nuestro equipo en las calles de tu localidad. Los ver\u00e1s, como en este video repartiendo salud y alegr\u00eda en forma de botellines de Agua Mineral Natural y la receta h\u00edst\u00f3rica del antiguo Balneario de Alzola Basque Water. El p\u00fablico tambi\u00e9n reconoce las botellas pesonalizadas de Alzola Basque Water presentes en \u00e1mbitos deportivos y otros espacios para la difusi\u00f3n. Alzola Basque Water es tomada en buena consideraci\u00f3n por gran parte del p\u00fablico. Adem\u00e1s de ser el Agua Mineral Natural m\u00e1s equilibrada que se conoce desde el punto de vista qu\u00edmico es reconocida por su compromiso social. En esta ocasi\u00f3n hemos decidido apoyar un mensaje y su reivindicaci\u00f3n y lo hacemos a las v\u00edsperas de San Ferm\u00edn en Pamplona, en la Plaza del Castillo. Una vez m\u00e1s y como es habitual hemos salido a la calle a repartir&#8230;<\/p>\n","protected":false},"author":2,"featured_media":3304,"comment_status":"closed","ping_status":"open","sticky":false,"template":"","format":"standard","meta":{"om_disable_all_campaigns":false,"_monsterinsights_skip_tracking":false,"_monsterinsights_sitenote_active":false,"_monsterinsights_sitenote_note":"","_monsterinsights_sitenote_category":0,"footnotes":""},"categories":[44],"tags":[338,337],"class_list":["post-3289","post","type-post","status-publish","format-standard","has-post-thumbnail","hentry","category-agua-mineral-natural","tag-ezbetidaez","tag-noesno"],"yoast_head":"<!-- This site is optimized with the Yoast SEO plugin v27.5 - https:\/\/yoast.com\/product\/yoast-seo-wordpress\/ -->\n<title>NoesNo, en San Ferm\u00edn, La Blanca \u00f3 Semana GrandeEZbetiDAEZ San Fermin, AndraMari Zuria zein Aste Nagusia izan<\/title>\n<meta name=\"description\" content=\"{:es}En Alzola Basque Water reivindicamos la libertad y la salud de las personas, una vida libre de agresiones sexuales porque NOESNO. Nos has visto a las v\u00edsperas de San Ferm\u00edn en Pamplona, en la Plaza del Castillo, repartiendo Salud y Alegr\u00eda.{:eu}Personen eskubideak aldarrikatu ditugu personalizatu ur botila batekin eta aldarrikapen argiarekin. Bizitzarako eskubidea, indarkeriarik gabekoa, norberaren sexu askatasuna errespetatzen duena, EZbetiDAEZ eta.{:}\" \/>\n<meta name=\"robots\" content=\"index, follow, max-snippet:-1, max-image-preview:large, max-video-preview:-1\" \/>\n<link rel=\"canonical\" href=\"https:\/\/www.alzola.com\/es\/noesno-ezbetidaez-sanfermin-andramaria-astenagusia\/\" \/>\n<meta property=\"og:locale\" content=\"es_ES\" \/>\n<meta property=\"og:type\" content=\"article\" \/>\n<meta property=\"og:title\" content=\"NoesNo, en San Ferm\u00edn, La Blanca \u00f3 Semana GrandeEZbetiDAEZ San Fermin, AndraMari Zuria zein Aste Nagusia izan\" \/>\n<meta property=\"og:description\" content=\"{:es}En Alzola Basque Water reivindicamos la libertad y la salud de las personas, una vida libre de agresiones sexuales porque NOESNO. Nos has visto a las v\u00edsperas de San Ferm\u00edn en Pamplona, en la Plaza del Castillo, repartiendo Salud y Alegr\u00eda.{:eu}Personen eskubideak aldarrikatu ditugu personalizatu ur botila batekin eta aldarrikapen argiarekin. Bizitzarako eskubidea, indarkeriarik gabekoa, norberaren sexu askatasuna errespetatzen duena, EZbetiDAEZ eta.{:}\" \/>\n<meta property=\"og:url\" content=\"https:\/\/www.alzola.com\/es\/noesno-ezbetidaez-sanfermin-andramaria-astenagusia\/\" \/>\n<meta property=\"og:site_name\" content=\"Alzola Basque Water\" \/>\n<meta property=\"article:publisher\" content=\"https:\/\/www.facebook.com\/alzolabasquewater\/\" \/>\n<meta property=\"article:author\" content=\"www.facebook.com\/AlzolaBasqueWater\" \/>\n<meta property=\"article:published_time\" content=\"2018-07-05T11:06:25+00:00\" \/>\n<meta property=\"article:modified_time\" content=\"2021-09-29T09:26:47+00:00\" \/>\n<meta property=\"og:image\" content=\"https:\/\/www.alzola.com\/wp-content\/uploads\/2018\/07\/EzbetidaEz-Alzola-Basque-Water-NoesNo-1.jpg\" \/>\n\t<meta property=\"og:image:width\" content=\"2362\" \/>\n\t<meta property=\"og:image:height\" content=\"1565\" \/>\n\t<meta property=\"og:image:type\" content=\"image\/jpeg\" \/>\n<meta name=\"author\" content=\"Alzola Basque Water\" \/>\n<meta name=\"twitter:card\" content=\"summary_large_image\" \/>\n<meta name=\"twitter:creator\" content=\"@basquewater\" \/>\n<meta name=\"twitter:site\" content=\"@BasqueWater\" \/>\n<meta name=\"twitter:label1\" content=\"Escrito por\" \/>\n\t<meta name=\"twitter:data1\" content=\"Alzola Basque Water\" \/>\n\t<meta name=\"twitter:label2\" content=\"Tiempo de lectura\" \/>\n\t<meta name=\"twitter:data2\" content=\"2 minutos\" \/>\n<script type=\"application\/ld+json\" class=\"yoast-schema-graph\">{\"@context\":\"https:\\\/\\\/schema.org\",\"@graph\":[{\"@type\":\"Article\",\"@id\":\"https:\\\/\\\/www.alzola.com\\\/es\\\/noesno-ezbetidaez-sanfermin-andramaria-astenagusia\\\/#article\",\"isPartOf\":{\"@id\":\"https:\\\/\\\/www.alzola.com\\\/es\\\/noesno-ezbetidaez-sanfermin-andramaria-astenagusia\\\/\"},\"author\":{\"name\":\"Alzola Basque Water\",\"@id\":\"https:\\\/\\\/www.alzola.com\\\/es\\\/#\\\/schema\\\/person\\\/67ba21fcc68e23f591865e5457edc378\"},\"headline\":\"NOESNO en San Ferm\u00edn, La Blanca y Semana Grande\",\"datePublished\":\"2018-07-05T11:06:25+00:00\",\"dateModified\":\"2021-09-29T09:26:47+00:00\",\"mainEntityOfPage\":{\"@id\":\"https:\\\/\\\/www.alzola.com\\\/es\\\/noesno-ezbetidaez-sanfermin-andramaria-astenagusia\\\/\"},\"wordCount\":386,\"publisher\":{\"@id\":\"https:\\\/\\\/www.alzola.com\\\/es\\\/#organization\"},\"image\":{\"@id\":\"https:\\\/\\\/www.alzola.com\\\/es\\\/noesno-ezbetidaez-sanfermin-andramaria-astenagusia\\\/#primaryimage\"},\"thumbnailUrl\":\"https:\\\/\\\/www.alzola.com\\\/wp-content\\\/uploads\\\/2018\\\/07\\\/EzbetidaEz-Alzola-Basque-Water-NoesNo-1.jpg\",\"keywords\":[\"EZbetiDAEZ\",\"NOesNO\"],\"articleSection\":[\"Agua Mineral Natural\"],\"inLanguage\":\"es\"},{\"@type\":\"WebPage\",\"@id\":\"https:\\\/\\\/www.alzola.com\\\/es\\\/noesno-ezbetidaez-sanfermin-andramaria-astenagusia\\\/\",\"url\":\"https:\\\/\\\/www.alzola.com\\\/es\\\/noesno-ezbetidaez-sanfermin-andramaria-astenagusia\\\/\",\"name\":\"NoesNo, en San Ferm\u00edn, La Blanca \u00f3 Semana GrandeEZbetiDAEZ San Fermin, AndraMari Zuria zein Aste Nagusia izan\",\"isPartOf\":{\"@id\":\"https:\\\/\\\/www.alzola.com\\\/es\\\/#website\"},\"primaryImageOfPage\":{\"@id\":\"https:\\\/\\\/www.alzola.com\\\/es\\\/noesno-ezbetidaez-sanfermin-andramaria-astenagusia\\\/#primaryimage\"},\"image\":{\"@id\":\"https:\\\/\\\/www.alzola.com\\\/es\\\/noesno-ezbetidaez-sanfermin-andramaria-astenagusia\\\/#primaryimage\"},\"thumbnailUrl\":\"https:\\\/\\\/www.alzola.com\\\/wp-content\\\/uploads\\\/2018\\\/07\\\/EzbetidaEz-Alzola-Basque-Water-NoesNo-1.jpg\",\"datePublished\":\"2018-07-05T11:06:25+00:00\",\"dateModified\":\"2021-09-29T09:26:47+00:00\",\"description\":\"{:es}En Alzola Basque Water reivindicamos la libertad y la salud de las personas, una vida libre de agresiones sexuales porque NOESNO. Nos has visto a las v\u00edsperas de San Ferm\u00edn en Pamplona, en la Plaza del Castillo, repartiendo Salud y Alegr\u00eda.{:eu}Personen eskubideak aldarrikatu ditugu personalizatu ur botila batekin eta aldarrikapen argiarekin. Bizitzarako eskubidea, indarkeriarik gabekoa, norberaren sexu askatasuna errespetatzen duena, EZbetiDAEZ eta.{:}\",\"breadcrumb\":{\"@id\":\"https:\\\/\\\/www.alzola.com\\\/es\\\/noesno-ezbetidaez-sanfermin-andramaria-astenagusia\\\/#breadcrumb\"},\"inLanguage\":\"es\",\"potentialAction\":[{\"@type\":\"ReadAction\",\"target\":[\"https:\\\/\\\/www.alzola.com\\\/es\\\/noesno-ezbetidaez-sanfermin-andramaria-astenagusia\\\/\"]}]},{\"@type\":\"ImageObject\",\"inLanguage\":\"es\",\"@id\":\"https:\\\/\\\/www.alzola.com\\\/es\\\/noesno-ezbetidaez-sanfermin-andramaria-astenagusia\\\/#primaryimage\",\"url\":\"https:\\\/\\\/www.alzola.com\\\/wp-content\\\/uploads\\\/2018\\\/07\\\/EzbetidaEz-Alzola-Basque-Water-NoesNo-1.jpg\",\"contentUrl\":\"https:\\\/\\\/www.alzola.com\\\/wp-content\\\/uploads\\\/2018\\\/07\\\/EzbetidaEz-Alzola-Basque-Water-NoesNo-1.jpg\",\"width\":2362,\"height\":1565},{\"@type\":\"BreadcrumbList\",\"@id\":\"https:\\\/\\\/www.alzola.com\\\/es\\\/noesno-ezbetidaez-sanfermin-andramaria-astenagusia\\\/#breadcrumb\",\"itemListElement\":[{\"@type\":\"ListItem\",\"position\":1,\"name\":\"Portada\",\"item\":\"https:\\\/\\\/www.alzola.com\\\/es\\\/\"},{\"@type\":\"ListItem\",\"position\":2,\"name\":\"NOESNO en San Ferm\u00edn, La Blanca y Semana Grande\"}]},{\"@type\":\"WebSite\",\"@id\":\"https:\\\/\\\/www.alzola.com\\\/es\\\/#website\",\"url\":\"https:\\\/\\\/www.alzola.com\\\/es\\\/\",\"name\":\"Alzola Basque Water\",\"description\":\"Agua Mineral Natural desde 1801\",\"publisher\":{\"@id\":\"https:\\\/\\\/www.alzola.com\\\/es\\\/#organization\"},\"potentialAction\":[{\"@type\":\"SearchAction\",\"target\":{\"@type\":\"EntryPoint\",\"urlTemplate\":\"https:\\\/\\\/www.alzola.com\\\/es\\\/?s={search_term_string}\"},\"query-input\":{\"@type\":\"PropertyValueSpecification\",\"valueRequired\":true,\"valueName\":\"search_term_string\"}}],\"inLanguage\":\"es\"},{\"@type\":\"Organization\",\"@id\":\"https:\\\/\\\/www.alzola.com\\\/es\\\/#organization\",\"name\":\"BalenzateguiSA - Alzola Basque Water\",\"url\":\"https:\\\/\\\/www.alzola.com\\\/es\\\/\",\"logo\":{\"@type\":\"ImageObject\",\"inLanguage\":\"es\",\"@id\":\"https:\\\/\\\/www.alzola.com\\\/es\\\/#\\\/schema\\\/logo\\\/image\\\/\",\"url\":\"https:\\\/\\\/www.alzola.com\\\/wp-content\\\/uploads\\\/2013\\\/09\\\/Logo-alzola-baja.png\",\"contentUrl\":\"https:\\\/\\\/www.alzola.com\\\/wp-content\\\/uploads\\\/2013\\\/09\\\/Logo-alzola-baja.png\",\"width\":892,\"height\":600,\"caption\":\"BalenzateguiSA - Alzola Basque Water\"},\"image\":{\"@id\":\"https:\\\/\\\/www.alzola.com\\\/es\\\/#\\\/schema\\\/logo\\\/image\\\/\"},\"sameAs\":[\"https:\\\/\\\/www.facebook.com\\\/alzolabasquewater\\\/\",\"https:\\\/\\\/x.com\\\/BasqueWater\",\"https:\\\/\\\/www.instagram.com\\\/basquewater\\\/\",\"https:\\\/\\\/www.linkedin.com\\\/company\\\/3155611\\\/\",\"https:\\\/\\\/es.pinterest.com\\\/basquewater\\\/\",\"https:\\\/\\\/www.youtube.com\\\/AlzolaBasqueWater\"]},{\"@type\":\"Person\",\"@id\":\"https:\\\/\\\/www.alzola.com\\\/es\\\/#\\\/schema\\\/person\\\/67ba21fcc68e23f591865e5457edc378\",\"name\":\"Alzola Basque Water\",\"image\":{\"@type\":\"ImageObject\",\"inLanguage\":\"es\",\"@id\":\"https:\\\/\\\/secure.gravatar.com\\\/avatar\\\/6c16b08ba125fac103c3b367e4bd71c56459032ae0395aef4da6ab3a913593ba?s=96&d=mm&r=g\",\"url\":\"https:\\\/\\\/secure.gravatar.com\\\/avatar\\\/6c16b08ba125fac103c3b367e4bd71c56459032ae0395aef4da6ab3a913593ba?s=96&d=mm&r=g\",\"contentUrl\":\"https:\\\/\\\/secure.gravatar.com\\\/avatar\\\/6c16b08ba125fac103c3b367e4bd71c56459032ae0395aef4da6ab3a913593ba?s=96&d=mm&r=g\",\"caption\":\"Alzola Basque Water\"},\"description\":\"Agua Mineral Natural declarada de Utilidad P\u00fablica en 1843.\",\"sameAs\":[\"https:\\\/\\\/www.alzola.com\",\"www.facebook.com\\\/AlzolaBasqueWater\",\"https:\\\/\\\/www.instagram.com\\\/basquewater\\\/\",\"https:\\\/\\\/x.com\\\/basquewater\"]}]}<\/script>\n<!-- \/ Yoast SEO plugin. -->","yoast_head_json":{"title":"NoesNo, en San Ferm\u00edn, La Blanca \u00f3 Semana GrandeEZbetiDAEZ San Fermin, AndraMari Zuria zein Aste Nagusia izan","description":"{:es}En Alzola Basque Water reivindicamos la libertad y la salud de las personas, una vida libre de agresiones sexuales porque NOESNO. Nos has visto a las v\u00edsperas de San Ferm\u00edn en Pamplona, en la Plaza del Castillo, repartiendo Salud y Alegr\u00eda.{:eu}Personen eskubideak aldarrikatu ditugu personalizatu ur botila batekin eta aldarrikapen argiarekin. Bizitzarako eskubidea, indarkeriarik gabekoa, norberaren sexu askatasuna errespetatzen duena, EZbetiDAEZ eta.{:}","robots":{"index":"index","follow":"follow","max-snippet":"max-snippet:-1","max-image-preview":"max-image-preview:large","max-video-preview":"max-video-preview:-1"},"canonical":"https:\/\/www.alzola.com\/es\/noesno-ezbetidaez-sanfermin-andramaria-astenagusia\/","og_locale":"es_ES","og_type":"article","og_title":"NoesNo, en San Ferm\u00edn, La Blanca \u00f3 Semana GrandeEZbetiDAEZ San Fermin, AndraMari Zuria zein Aste Nagusia izan","og_description":"{:es}En Alzola Basque Water reivindicamos la libertad y la salud de las personas, una vida libre de agresiones sexuales porque NOESNO. Nos has visto a las v\u00edsperas de San Ferm\u00edn en Pamplona, en la Plaza del Castillo, repartiendo Salud y Alegr\u00eda.{:eu}Personen eskubideak aldarrikatu ditugu personalizatu ur botila batekin eta aldarrikapen argiarekin. Bizitzarako eskubidea, indarkeriarik gabekoa, norberaren sexu askatasuna errespetatzen duena, EZbetiDAEZ eta.{:}","og_url":"https:\/\/www.alzola.com\/es\/noesno-ezbetidaez-sanfermin-andramaria-astenagusia\/","og_site_name":"Alzola Basque Water","article_publisher":"https:\/\/www.facebook.com\/alzolabasquewater\/","article_author":"www.facebook.com\/AlzolaBasqueWater","article_published_time":"2018-07-05T11:06:25+00:00","article_modified_time":"2021-09-29T09:26:47+00:00","og_image":[{"width":2362,"height":1565,"url":"https:\/\/www.alzola.com\/wp-content\/uploads\/2018\/07\/EzbetidaEz-Alzola-Basque-Water-NoesNo-1.jpg","type":"image\/jpeg"}],"author":"Alzola Basque Water","twitter_card":"summary_large_image","twitter_creator":"@basquewater","twitter_site":"@BasqueWater","twitter_misc":{"Escrito por":"Alzola Basque Water","Tiempo de lectura":"2 minutos"},"schema":{"@context":"https:\/\/schema.org","@graph":[{"@type":"Article","@id":"https:\/\/www.alzola.com\/es\/noesno-ezbetidaez-sanfermin-andramaria-astenagusia\/#article","isPartOf":{"@id":"https:\/\/www.alzola.com\/es\/noesno-ezbetidaez-sanfermin-andramaria-astenagusia\/"},"author":{"name":"Alzola Basque Water","@id":"https:\/\/www.alzola.com\/es\/#\/schema\/person\/67ba21fcc68e23f591865e5457edc378"},"headline":"NOESNO en San Ferm\u00edn, La Blanca y Semana Grande","datePublished":"2018-07-05T11:06:25+00:00","dateModified":"2021-09-29T09:26:47+00:00","mainEntityOfPage":{"@id":"https:\/\/www.alzola.com\/es\/noesno-ezbetidaez-sanfermin-andramaria-astenagusia\/"},"wordCount":386,"publisher":{"@id":"https:\/\/www.alzola.com\/es\/#organization"},"image":{"@id":"https:\/\/www.alzola.com\/es\/noesno-ezbetidaez-sanfermin-andramaria-astenagusia\/#primaryimage"},"thumbnailUrl":"https:\/\/www.alzola.com\/wp-content\/uploads\/2018\/07\/EzbetidaEz-Alzola-Basque-Water-NoesNo-1.jpg","keywords":["EZbetiDAEZ","NOesNO"],"articleSection":["Agua Mineral Natural"],"inLanguage":"es"},{"@type":"WebPage","@id":"https:\/\/www.alzola.com\/es\/noesno-ezbetidaez-sanfermin-andramaria-astenagusia\/","url":"https:\/\/www.alzola.com\/es\/noesno-ezbetidaez-sanfermin-andramaria-astenagusia\/","name":"NoesNo, en San Ferm\u00edn, La Blanca \u00f3 Semana GrandeEZbetiDAEZ San Fermin, AndraMari Zuria zein Aste Nagusia izan","isPartOf":{"@id":"https:\/\/www.alzola.com\/es\/#website"},"primaryImageOfPage":{"@id":"https:\/\/www.alzola.com\/es\/noesno-ezbetidaez-sanfermin-andramaria-astenagusia\/#primaryimage"},"image":{"@id":"https:\/\/www.alzola.com\/es\/noesno-ezbetidaez-sanfermin-andramaria-astenagusia\/#primaryimage"},"thumbnailUrl":"https:\/\/www.alzola.com\/wp-content\/uploads\/2018\/07\/EzbetidaEz-Alzola-Basque-Water-NoesNo-1.jpg","datePublished":"2018-07-05T11:06:25+00:00","dateModified":"2021-09-29T09:26:47+00:00","description":"{:es}En Alzola Basque Water reivindicamos la libertad y la salud de las personas, una vida libre de agresiones sexuales porque NOESNO. Nos has visto a las v\u00edsperas de San Ferm\u00edn en Pamplona, en la Plaza del Castillo, repartiendo Salud y Alegr\u00eda.{:eu}Personen eskubideak aldarrikatu ditugu personalizatu ur botila batekin eta aldarrikapen argiarekin. Bizitzarako eskubidea, indarkeriarik gabekoa, norberaren sexu askatasuna errespetatzen duena, EZbetiDAEZ eta.{:}","breadcrumb":{"@id":"https:\/\/www.alzola.com\/es\/noesno-ezbetidaez-sanfermin-andramaria-astenagusia\/#breadcrumb"},"inLanguage":"es","potentialAction":[{"@type":"ReadAction","target":["https:\/\/www.alzola.com\/es\/noesno-ezbetidaez-sanfermin-andramaria-astenagusia\/"]}]},{"@type":"ImageObject","inLanguage":"es","@id":"https:\/\/www.alzola.com\/es\/noesno-ezbetidaez-sanfermin-andramaria-astenagusia\/#primaryimage","url":"https:\/\/www.alzola.com\/wp-content\/uploads\/2018\/07\/EzbetidaEz-Alzola-Basque-Water-NoesNo-1.jpg","contentUrl":"https:\/\/www.alzola.com\/wp-content\/uploads\/2018\/07\/EzbetidaEz-Alzola-Basque-Water-NoesNo-1.jpg","width":2362,"height":1565},{"@type":"BreadcrumbList","@id":"https:\/\/www.alzola.com\/es\/noesno-ezbetidaez-sanfermin-andramaria-astenagusia\/#breadcrumb","itemListElement":[{"@type":"ListItem","position":1,"name":"Portada","item":"https:\/\/www.alzola.com\/es\/"},{"@type":"ListItem","position":2,"name":"NOESNO en San Ferm\u00edn, La Blanca y Semana Grande"}]},{"@type":"WebSite","@id":"https:\/\/www.alzola.com\/es\/#website","url":"https:\/\/www.alzola.com\/es\/","name":"Alzola Basque Water","description":"Agua Mineral Natural desde 1801","publisher":{"@id":"https:\/\/www.alzola.com\/es\/#organization"},"potentialAction":[{"@type":"SearchAction","target":{"@type":"EntryPoint","urlTemplate":"https:\/\/www.alzola.com\/es\/?s={search_term_string}"},"query-input":{"@type":"PropertyValueSpecification","valueRequired":true,"valueName":"search_term_string"}}],"inLanguage":"es"},{"@type":"Organization","@id":"https:\/\/www.alzola.com\/es\/#organization","name":"BalenzateguiSA - Alzola Basque Water","url":"https:\/\/www.alzola.com\/es\/","logo":{"@type":"ImageObject","inLanguage":"es","@id":"https:\/\/www.alzola.com\/es\/#\/schema\/logo\/image\/","url":"https:\/\/www.alzola.com\/wp-content\/uploads\/2013\/09\/Logo-alzola-baja.png","contentUrl":"https:\/\/www.alzola.com\/wp-content\/uploads\/2013\/09\/Logo-alzola-baja.png","width":892,"height":600,"caption":"BalenzateguiSA - Alzola Basque Water"},"image":{"@id":"https:\/\/www.alzola.com\/es\/#\/schema\/logo\/image\/"},"sameAs":["https:\/\/www.facebook.com\/alzolabasquewater\/","https:\/\/x.com\/BasqueWater","https:\/\/www.instagram.com\/basquewater\/","https:\/\/www.linkedin.com\/company\/3155611\/","https:\/\/es.pinterest.com\/basquewater\/","https:\/\/www.youtube.com\/AlzolaBasqueWater"]},{"@type":"Person","@id":"https:\/\/www.alzola.com\/es\/#\/schema\/person\/67ba21fcc68e23f591865e5457edc378","name":"Alzola Basque Water","image":{"@type":"ImageObject","inLanguage":"es","@id":"https:\/\/secure.gravatar.com\/avatar\/6c16b08ba125fac103c3b367e4bd71c56459032ae0395aef4da6ab3a913593ba?s=96&d=mm&r=g","url":"https:\/\/secure.gravatar.com\/avatar\/6c16b08ba125fac103c3b367e4bd71c56459032ae0395aef4da6ab3a913593ba?s=96&d=mm&r=g","contentUrl":"https:\/\/secure.gravatar.com\/avatar\/6c16b08ba125fac103c3b367e4bd71c56459032ae0395aef4da6ab3a913593ba?s=96&d=mm&r=g","caption":"Alzola Basque Water"},"description":"Agua Mineral Natural declarada de Utilidad P\u00fablica en 1843.","sameAs":["https:\/\/www.alzola.com","www.facebook.com\/AlzolaBasqueWater","https:\/\/www.instagram.com\/basquewater\/","https:\/\/x.com\/basquewater"]}]}},"_links":{"self":[{"href":"https:\/\/www.alzola.com\/es\/wp-json\/wp\/v2\/posts\/3289","targetHints":{"allow":["GET"]}}],"collection":[{"href":"https:\/\/www.alzola.com\/es\/wp-json\/wp\/v2\/posts"}],"about":[{"href":"https:\/\/www.alzola.com\/es\/wp-json\/wp\/v2\/types\/post"}],"author":[{"embeddable":true,"href":"https:\/\/www.alzola.com\/es\/wp-json\/wp\/v2\/users\/2"}],"replies":[{"embeddable":true,"href":"https:\/\/www.alzola.com\/es\/wp-json\/wp\/v2\/comments?post=3289"}],"version-history":[{"count":0,"href":"https:\/\/www.alzola.com\/es\/wp-json\/wp\/v2\/posts\/3289\/revisions"}],"wp:featuredmedia":[{"embeddable":true,"href":"https:\/\/www.alzola.com\/es\/wp-json\/wp\/v2\/media\/3304"}],"wp:attachment":[{"href":"https:\/\/www.alzola.com\/es\/wp-json\/wp\/v2\/media?parent=3289"}],"wp:term":[{"taxonomy":"category","embeddable":true,"href":"https:\/\/www.alzola.com\/es\/wp-json\/wp\/v2\/categories?post=3289"},{"taxonomy":"post_tag","embeddable":true,"href":"https:\/\/www.alzola.com\/es\/wp-json\/wp\/v2\/tags?post=3289"}],"curies":[{"name":"wp","href":"https:\/\/api.w.org\/{rel}","templated":true}]}}