{"id":2201,"date":"2016-12-08T10:23:00","date_gmt":"2016-12-08T09:23:00","guid":{"rendered":"https:\/\/www.alzola.com\/?p=2201"},"modified":"2021-09-29T10:26:38","modified_gmt":"2021-09-29T09:26:38","slug":"kantatugurekin","status":"publish","type":"post","link":"https:\/\/www.alzola.com\/es\/kantatugurekin\/","title":{"rendered":"\u201cKantatuGurekin\u201d  una instalaci\u00f3n para celebrar el 130 Aniversario de La Coral de Bilbao"},"content":{"rendered":"<p align=\"JUSTIFY\">\u201c<span style=\"font-family: Arial, sans-serif;\"><span style=\"font-size: medium;\">KantatuGurekin\u201d es un llamamiento a cantar con La Coral de Bilbao dentro de los actos conmemorativos del 130 Aniversario de la fundaci\u00f3n de la Coral.<\/span><\/span><\/p>\n<div id=\"attachment_2207\" style=\"width: 1338px\" class=\"wp-caption aligncenter\"><a href=\"https:\/\/www.alzola.com\/wp-content\/uploads\/2016\/12\/Kantatugurekin-KantaTU-para-celebrar-los-130-an\u0303os-de-la-Coral-de-Bilbao.jpg\" rel=\"attachment wp-att-2207\"><img loading=\"lazy\" decoding=\"async\" aria-describedby=\"caption-attachment-2207\" class=\"size-full wp-image-2207\" src=\"https:\/\/www.alzola.com\/wp-content\/uploads\/2016\/12\/Kantatugurekin-KantaTU-para-celebrar-los-130-an\u0303os-de-la-Coral-de-Bilbao.jpg\" alt=\"Kantatu Gurekin y celebremos los 130 a\u00f1os de la Coral de Bilbao\" width=\"1328\" height=\"747\" srcset=\"https:\/\/www.alzola.com\/wp-content\/uploads\/2016\/12\/Kantatugurekin-KantaTU-para-celebrar-los-130-an\u0303os-de-la-Coral-de-Bilbao.jpg 1328w, https:\/\/www.alzola.com\/wp-content\/uploads\/2016\/12\/Kantatugurekin-KantaTU-para-celebrar-los-130-an\u0303os-de-la-Coral-de-Bilbao-300x169.jpg 300w, https:\/\/www.alzola.com\/wp-content\/uploads\/2016\/12\/Kantatugurekin-KantaTU-para-celebrar-los-130-an\u0303os-de-la-Coral-de-Bilbao-1024x576.jpg 1024w, https:\/\/www.alzola.com\/wp-content\/uploads\/2016\/12\/Kantatugurekin-KantaTU-para-celebrar-los-130-an\u0303os-de-la-Coral-de-Bilbao-768x432.jpg 768w, https:\/\/www.alzola.com\/wp-content\/uploads\/2016\/12\/Kantatugurekin-KantaTU-para-celebrar-los-130-an\u0303os-de-la-Coral-de-Bilbao-84x47.jpg 84w, https:\/\/www.alzola.com\/wp-content\/uploads\/2016\/12\/Kantatugurekin-KantaTU-para-celebrar-los-130-an\u0303os-de-la-Coral-de-Bilbao-200x113.jpg 200w, https:\/\/www.alzola.com\/wp-content\/uploads\/2016\/12\/Kantatugurekin-KantaTU-para-celebrar-los-130-an\u0303os-de-la-Coral-de-Bilbao-450x253.jpg 450w, https:\/\/www.alzola.com\/wp-content\/uploads\/2016\/12\/Kantatugurekin-KantaTU-para-celebrar-los-130-an\u0303os-de-la-Coral-de-Bilbao-1200x675.jpg 1200w, https:\/\/www.alzola.com\/wp-content\/uploads\/2016\/12\/Kantatugurekin-KantaTU-para-celebrar-los-130-an\u0303os-de-la-Coral-de-Bilbao-360x203.jpg 360w, https:\/\/www.alzola.com\/wp-content\/uploads\/2016\/12\/Kantatugurekin-KantaTU-para-celebrar-los-130-an\u0303os-de-la-Coral-de-Bilbao-800x450.jpg 800w\" sizes=\"auto, (max-width: 1328px) 100vw, 1328px\" \/><\/a><p id=\"caption-attachment-2207\" class=\"wp-caption-text\">KantatuGurekin y celebremos los 130 a\u00f1os de la Coral de Bilbao<\/p><\/div>\n<p align=\"JUSTIFY\"><span style=\"font-family: Arial, sans-serif;\"><span style=\"font-size: medium;\">Alzola Basque Water y Additu han ideado la instalaci\u00f3n de dos grandes contenedores en el Parque de do\u00f1a Casilda donde se invitar\u00e1 a cantar a los paseantes en honor a la fundaci\u00f3n de La Coral de Bilbao, su fundador Aureliano Valle y de las voces y la m\u00fasica que participen en la instalaci\u00f3n hasta el 22 de Diciembre.<\/span><\/span><\/p>\n<p align=\"JUSTIFY\"><span style=\"font-family: Arial, sans-serif;\"><span style=\"font-size: medium;\">Miembros de los diferentes coros de La Coral de Bilbao atender\u00e1n la instalaci\u00f3n animando a quienes compartan la pasi\u00f3n del canto, del cantar juntos, en horario de 18.00 a 20.00 los d\u00edas laborales y los festivos y fines de semana de 11.30 a 13.30 y de 18.00 a 20.00.<\/span><\/span><\/p>\n<p align=\"JUSTIFY\"><span style=\"font-family: Arial, sans-serif;\"><span style=\"font-size: medium;\">Los s\u00e1bados 10 y 17 de diciembre habr\u00e1 una peque\u00f1a intervenci\u00f3n musical de miembros del Coro Euskeria (coro juvenil de la Coral de Bilbao) a las 19.30, y los domingos 11 y 18 a las 13.00.<\/span><\/span><\/p>\n<div id=\"attachment_2206\" style=\"width: 3274px\" class=\"wp-caption aligncenter\"><a href=\"https:\/\/www.alzola.com\/wp-content\/uploads\/2016\/12\/Instalacion-disen\u0303ada-por-Additu-y-Alzola-Basque-Water-para-Kantatu-Gurekin.jpg\" rel=\"attachment wp-att-2206\"><img loading=\"lazy\" decoding=\"async\" aria-describedby=\"caption-attachment-2206\" class=\"wp-image-2206 size-full\" src=\"https:\/\/www.alzola.com\/wp-content\/uploads\/2016\/12\/Instalacion-disen\u0303ada-por-Additu-y-Alzola-Basque-Water-para-Kantatu-Gurekin.jpg\" alt=\"instalacion-disen%cc%83ada-por-additu-y-alzola-basque-water-para-kantatu-gurekin\" width=\"3264\" height=\"2448\" \/><\/a><p id=\"caption-attachment-2206\" class=\"wp-caption-text\">La instalaci\u00f3n KantatuGurekin se ha llevado dise\u00f1ado en colaboraci\u00f3n con Additu y Alzola Basque Water<\/p><\/div>\n<p align=\"JUSTIFY\"><span style=\"font-family: Arial, sans-serif;\"><span style=\"font-size: medium;\">La acci\u00f3n pretende acercar a la ciudadan\u00eda la intensa actividad que desarrolla esta instituci\u00f3n musical, as\u00ed como informar de los pr\u00f3ximos proyectos. <\/span><\/span><\/p>\n<p align=\"JUSTIFY\"><span style=\"font-family: Arial, sans-serif;\"><span style=\"font-size: medium;\">Ubicada entre el Museo de Bellas Artes y el monumento a Aureliano Valle, el coro m\u00e1s veterano del estado nos invita a compartir en redes sociales con menci\u00f3n a la Coral los momentos que el canto llena de magia con la etiqueta #KantaTU.<\/span><\/span><\/p>\n<div id=\"attachment_2209\" style=\"width: 539px\" class=\"wp-caption aligncenter\"><a href=\"https:\/\/www.alzola.com\/wp-content\/uploads\/2016\/12\/Monumento-a-Aureliano-Valle-fundador-de-la-Coral-de-BIlbao.png\" rel=\"attachment wp-att-2209\"><img loading=\"lazy\" decoding=\"async\" aria-describedby=\"caption-attachment-2209\" class=\"size-full wp-image-2209\" src=\"https:\/\/www.alzola.com\/wp-content\/uploads\/2016\/12\/Monumento-a-Aureliano-Valle-fundador-de-la-Coral-de-BIlbao.png\" alt=\"Momumento a Aureliano Valle, fundador de la Coral de Bilbao\" width=\"529\" height=\"708\" srcset=\"https:\/\/www.alzola.com\/wp-content\/uploads\/2016\/12\/Monumento-a-Aureliano-Valle-fundador-de-la-Coral-de-BIlbao.png 529w, https:\/\/www.alzola.com\/wp-content\/uploads\/2016\/12\/Monumento-a-Aureliano-Valle-fundador-de-la-Coral-de-BIlbao-224x300.png 224w, https:\/\/www.alzola.com\/wp-content\/uploads\/2016\/12\/Monumento-a-Aureliano-Valle-fundador-de-la-Coral-de-BIlbao-84x112.png 84w, https:\/\/www.alzola.com\/wp-content\/uploads\/2016\/12\/Monumento-a-Aureliano-Valle-fundador-de-la-Coral-de-BIlbao-200x268.png 200w, https:\/\/www.alzola.com\/wp-content\/uploads\/2016\/12\/Monumento-a-Aureliano-Valle-fundador-de-la-Coral-de-BIlbao-450x602.png 450w, https:\/\/www.alzola.com\/wp-content\/uploads\/2016\/12\/Monumento-a-Aureliano-Valle-fundador-de-la-Coral-de-BIlbao-360x482.png 360w\" sizes=\"auto, (max-width: 529px) 100vw, 529px\" \/><\/a><p id=\"caption-attachment-2209\" class=\"wp-caption-text\">Momumento a Aureliano Valle, fundador de la Coral de Bilbao<\/p><\/div>\n<p align=\"JUSTIFY\"><span style=\"font-family: Arial, sans-serif;\"><span style=\"font-size: medium;\">Se sortear\u00e1n entre las publicaciones entradas para el concierto de navidad de la BOS (en el que participa la Coral) y lotes de productos de Iparvending y Alzola Basque Water.<\/span><\/span><\/p>\n<div id=\"attachment_2205\" style=\"width: 3274px\" class=\"wp-caption aligncenter\"><a href=\"https:\/\/www.alzola.com\/wp-content\/uploads\/2016\/12\/El-agua-fluye-en-el-monumento-a-Aureliano-Valle-Kantatu-Gurekin.jpg\" rel=\"attachment wp-att-2205\"><img loading=\"lazy\" decoding=\"async\" aria-describedby=\"caption-attachment-2205\" class=\"size-full wp-image-2205\" src=\"https:\/\/www.alzola.com\/wp-content\/uploads\/2016\/12\/El-agua-fluye-en-el-monumento-a-Aureliano-Valle-Kantatu-Gurekin.jpg\" alt=\"El agua fluye en el moumento a Aureliano Valle, en el parque de do\u00f1a Casilda, junto al Museo de Bellas Artes\" width=\"3264\" height=\"2448\" \/><\/a><p id=\"caption-attachment-2205\" class=\"wp-caption-text\">El agua fluye en el monumento a Aureliano Valle, en el parque de do\u00f1a Casilda, junto al Museo de Bellas Artes<\/p><\/div>\n","protected":false},"excerpt":{"rendered":"<p>\u201cKantatuGurekin\u201d es un llamamiento a cantar con La Coral de Bilbao dentro de los actos conmemorativos del 130 Aniversario de la fundaci\u00f3n de la Coral. Alzola Basque Water y Additu han ideado la instalaci\u00f3n de dos grandes contenedores en el Parque de do\u00f1a Casilda donde se invitar\u00e1 a cantar a los paseantes en honor a la fundaci\u00f3n de La Coral de Bilbao, su fundador Aureliano Valle y de las voces y la m\u00fasica que participen en la instalaci\u00f3n hasta el 22 de Diciembre. Miembros de los diferentes coros de La Coral de Bilbao atender\u00e1n la instalaci\u00f3n animando a quienes compartan la pasi\u00f3n del canto, del cantar juntos, en horario de 18.00 a 20.00 los d\u00edas laborales y los festivos y fines de semana de 11.30 a 13.30 y de 18.00 a 20.00. Los s\u00e1bados 10 y 17 de diciembre habr\u00e1 una peque\u00f1a intervenci\u00f3n musical de miembros del Coro Euskeria (coro juvenil de la Coral de Bilbao) a las 19.30, y los domingos 11 y 18 a las 13.00. La acci\u00f3n pretende acercar a la ciudadan\u00eda la intensa actividad que desarrolla esta instituci\u00f3n musical, as\u00ed como informar de los pr\u00f3ximos proyectos. Ubicada entre el Museo de Bellas Artes y el monumento&#8230;<\/p>\n","protected":false},"author":2,"featured_media":0,"comment_status":"closed","ping_status":"open","sticky":false,"template":"","format":"standard","meta":{"om_disable_all_campaigns":false,"_monsterinsights_skip_tracking":false,"_monsterinsights_sitenote_active":false,"_monsterinsights_sitenote_note":"","_monsterinsights_sitenote_category":0,"footnotes":""},"categories":[157],"tags":[276,275,273],"class_list":["post-2201","post","type-post","status-publish","format-standard","hentry","category-agua-colaborativa","tag-bilboko-koral-elkartea","tag-coral-de-bilbao","tag-kantatugurekin"],"yoast_head":"<!-- This site is optimized with the Yoast SEO plugin v27.5 - https:\/\/yoast.com\/product\/yoast-seo-wordpress\/ -->\n<title>&quot;KantaTU Gurekin&quot; celebramos los 130 a\u00f1os de la Coral de Bilbao<\/title>\n<meta name=\"description\" content=\"Alzola Basque Water y Additu han ideado la instalaci\u00f3n con el llamamiento \u201cKantatu Gurekin\u201d para celebrar los 130 a\u00f1os de la fundaci\u00f3n de la Coral de Bilbao\" \/>\n<meta name=\"robots\" content=\"index, follow, max-snippet:-1, max-image-preview:large, max-video-preview:-1\" \/>\n<link rel=\"canonical\" href=\"https:\/\/www.alzola.com\/es\/kantatugurekin\/\" \/>\n<meta property=\"og:locale\" content=\"es_ES\" \/>\n<meta property=\"og:type\" content=\"article\" \/>\n<meta property=\"og:title\" content=\"&quot;KantaTU Gurekin&quot; celebramos los 130 a\u00f1os de la Coral de Bilbao\" \/>\n<meta property=\"og:description\" content=\"Alzola Basque Water y Additu han ideado la instalaci\u00f3n con el llamamiento \u201cKantatu Gurekin\u201d para celebrar los 130 a\u00f1os de la fundaci\u00f3n de la Coral de Bilbao\" \/>\n<meta property=\"og:url\" content=\"https:\/\/www.alzola.com\/es\/kantatugurekin\/\" \/>\n<meta property=\"og:site_name\" content=\"Alzola Basque Water\" \/>\n<meta property=\"article:publisher\" content=\"https:\/\/www.facebook.com\/alzolabasquewater\/\" \/>\n<meta property=\"article:author\" content=\"www.facebook.com\/AlzolaBasqueWater\" \/>\n<meta property=\"article:published_time\" content=\"2016-12-08T09:23:00+00:00\" \/>\n<meta property=\"article:modified_time\" content=\"2021-09-29T09:26:38+00:00\" \/>\n<meta property=\"og:image\" content=\"https:\/\/www.alzola.com\/wp-content\/uploads\/2016\/12\/Kantatugurekin-KantaTU-para-celebrar-los-130-an\u0303os-de-la-Coral-de-Bilbao.jpg\" \/>\n<meta name=\"author\" content=\"Alzola Basque Water\" \/>\n<meta name=\"twitter:card\" content=\"summary_large_image\" \/>\n<meta name=\"twitter:creator\" content=\"@basquewater\" \/>\n<meta name=\"twitter:site\" content=\"@BasqueWater\" \/>\n<meta name=\"twitter:label1\" content=\"Escrito por\" \/>\n\t<meta name=\"twitter:data1\" content=\"Alzola Basque Water\" \/>\n\t<meta name=\"twitter:label2\" content=\"Tiempo de lectura\" \/>\n\t<meta name=\"twitter:data2\" content=\"2 minutos\" \/>\n<script type=\"application\/ld+json\" class=\"yoast-schema-graph\">{\"@context\":\"https:\\\/\\\/schema.org\",\"@graph\":[{\"@type\":\"Article\",\"@id\":\"https:\\\/\\\/www.alzola.com\\\/es\\\/kantatugurekin\\\/#article\",\"isPartOf\":{\"@id\":\"https:\\\/\\\/www.alzola.com\\\/es\\\/kantatugurekin\\\/\"},\"author\":{\"name\":\"Alzola Basque Water\",\"@id\":\"https:\\\/\\\/www.alzola.com\\\/es\\\/#\\\/schema\\\/person\\\/67ba21fcc68e23f591865e5457edc378\"},\"headline\":\"\u201cKantatuGurekin\u201d una instalaci\u00f3n para celebrar el 130 Aniversario de La Coral de Bilbao\",\"datePublished\":\"2016-12-08T09:23:00+00:00\",\"dateModified\":\"2021-09-29T09:26:38+00:00\",\"mainEntityOfPage\":{\"@id\":\"https:\\\/\\\/www.alzola.com\\\/es\\\/kantatugurekin\\\/\"},\"wordCount\":371,\"publisher\":{\"@id\":\"https:\\\/\\\/www.alzola.com\\\/es\\\/#organization\"},\"image\":{\"@id\":\"https:\\\/\\\/www.alzola.com\\\/es\\\/kantatugurekin\\\/#primaryimage\"},\"thumbnailUrl\":\"https:\\\/\\\/www.alzola.com\\\/wp-content\\\/uploads\\\/2016\\\/12\\\/Monumento-a-Aureliano-Valle-fundador-de-la-Coral-de-BIlbao.png\",\"keywords\":[\"Bilboko Koral Elkartea\",\"Coral de Bilbao\",\"KantatuGurekin\"],\"articleSection\":[\"Agua Colaborativa\"],\"inLanguage\":\"es\"},{\"@type\":\"WebPage\",\"@id\":\"https:\\\/\\\/www.alzola.com\\\/es\\\/kantatugurekin\\\/\",\"url\":\"https:\\\/\\\/www.alzola.com\\\/es\\\/kantatugurekin\\\/\",\"name\":\"\\\"KantaTU Gurekin\\\" celebramos los 130 a\u00f1os de la Coral de Bilbao\",\"isPartOf\":{\"@id\":\"https:\\\/\\\/www.alzola.com\\\/es\\\/#website\"},\"primaryImageOfPage\":{\"@id\":\"https:\\\/\\\/www.alzola.com\\\/es\\\/kantatugurekin\\\/#primaryimage\"},\"image\":{\"@id\":\"https:\\\/\\\/www.alzola.com\\\/es\\\/kantatugurekin\\\/#primaryimage\"},\"thumbnailUrl\":\"https:\\\/\\\/www.alzola.com\\\/wp-content\\\/uploads\\\/2016\\\/12\\\/Monumento-a-Aureliano-Valle-fundador-de-la-Coral-de-BIlbao.png\",\"datePublished\":\"2016-12-08T09:23:00+00:00\",\"dateModified\":\"2021-09-29T09:26:38+00:00\",\"description\":\"Alzola Basque Water y Additu han ideado la instalaci\u00f3n con el llamamiento \u201cKantatu Gurekin\u201d para celebrar los 130 a\u00f1os de la fundaci\u00f3n de la Coral de Bilbao\",\"breadcrumb\":{\"@id\":\"https:\\\/\\\/www.alzola.com\\\/es\\\/kantatugurekin\\\/#breadcrumb\"},\"inLanguage\":\"es\",\"potentialAction\":[{\"@type\":\"ReadAction\",\"target\":[\"https:\\\/\\\/www.alzola.com\\\/es\\\/kantatugurekin\\\/\"]}]},{\"@type\":\"ImageObject\",\"inLanguage\":\"es\",\"@id\":\"https:\\\/\\\/www.alzola.com\\\/es\\\/kantatugurekin\\\/#primaryimage\",\"url\":\"https:\\\/\\\/www.alzola.com\\\/wp-content\\\/uploads\\\/2016\\\/12\\\/Monumento-a-Aureliano-Valle-fundador-de-la-Coral-de-BIlbao.png\",\"contentUrl\":\"https:\\\/\\\/www.alzola.com\\\/wp-content\\\/uploads\\\/2016\\\/12\\\/Monumento-a-Aureliano-Valle-fundador-de-la-Coral-de-BIlbao.png\"},{\"@type\":\"BreadcrumbList\",\"@id\":\"https:\\\/\\\/www.alzola.com\\\/es\\\/kantatugurekin\\\/#breadcrumb\",\"itemListElement\":[{\"@type\":\"ListItem\",\"position\":1,\"name\":\"Portada\",\"item\":\"https:\\\/\\\/www.alzola.com\\\/es\\\/\"},{\"@type\":\"ListItem\",\"position\":2,\"name\":\"\u201cKantatuGurekin\u201d una instalaci\u00f3n para celebrar el 130 Aniversario de La Coral de Bilbao\"}]},{\"@type\":\"WebSite\",\"@id\":\"https:\\\/\\\/www.alzola.com\\\/es\\\/#website\",\"url\":\"https:\\\/\\\/www.alzola.com\\\/es\\\/\",\"name\":\"Alzola Basque Water\",\"description\":\"Agua Mineral Natural desde 1801\",\"publisher\":{\"@id\":\"https:\\\/\\\/www.alzola.com\\\/es\\\/#organization\"},\"potentialAction\":[{\"@type\":\"SearchAction\",\"target\":{\"@type\":\"EntryPoint\",\"urlTemplate\":\"https:\\\/\\\/www.alzola.com\\\/es\\\/?s={search_term_string}\"},\"query-input\":{\"@type\":\"PropertyValueSpecification\",\"valueRequired\":true,\"valueName\":\"search_term_string\"}}],\"inLanguage\":\"es\"},{\"@type\":\"Organization\",\"@id\":\"https:\\\/\\\/www.alzola.com\\\/es\\\/#organization\",\"name\":\"BalenzateguiSA - Alzola Basque Water\",\"url\":\"https:\\\/\\\/www.alzola.com\\\/es\\\/\",\"logo\":{\"@type\":\"ImageObject\",\"inLanguage\":\"es\",\"@id\":\"https:\\\/\\\/www.alzola.com\\\/es\\\/#\\\/schema\\\/logo\\\/image\\\/\",\"url\":\"https:\\\/\\\/www.alzola.com\\\/wp-content\\\/uploads\\\/2013\\\/09\\\/Logo-alzola-baja.png\",\"contentUrl\":\"https:\\\/\\\/www.alzola.com\\\/wp-content\\\/uploads\\\/2013\\\/09\\\/Logo-alzola-baja.png\",\"width\":892,\"height\":600,\"caption\":\"BalenzateguiSA - Alzola Basque Water\"},\"image\":{\"@id\":\"https:\\\/\\\/www.alzola.com\\\/es\\\/#\\\/schema\\\/logo\\\/image\\\/\"},\"sameAs\":[\"https:\\\/\\\/www.facebook.com\\\/alzolabasquewater\\\/\",\"https:\\\/\\\/x.com\\\/BasqueWater\",\"https:\\\/\\\/www.instagram.com\\\/basquewater\\\/\",\"https:\\\/\\\/www.linkedin.com\\\/company\\\/3155611\\\/\",\"https:\\\/\\\/es.pinterest.com\\\/basquewater\\\/\",\"https:\\\/\\\/www.youtube.com\\\/AlzolaBasqueWater\"]},{\"@type\":\"Person\",\"@id\":\"https:\\\/\\\/www.alzola.com\\\/es\\\/#\\\/schema\\\/person\\\/67ba21fcc68e23f591865e5457edc378\",\"name\":\"Alzola Basque Water\",\"image\":{\"@type\":\"ImageObject\",\"inLanguage\":\"es\",\"@id\":\"https:\\\/\\\/secure.gravatar.com\\\/avatar\\\/6c16b08ba125fac103c3b367e4bd71c56459032ae0395aef4da6ab3a913593ba?s=96&d=mm&r=g\",\"url\":\"https:\\\/\\\/secure.gravatar.com\\\/avatar\\\/6c16b08ba125fac103c3b367e4bd71c56459032ae0395aef4da6ab3a913593ba?s=96&d=mm&r=g\",\"contentUrl\":\"https:\\\/\\\/secure.gravatar.com\\\/avatar\\\/6c16b08ba125fac103c3b367e4bd71c56459032ae0395aef4da6ab3a913593ba?s=96&d=mm&r=g\",\"caption\":\"Alzola Basque Water\"},\"description\":\"Agua Mineral Natural declarada de Utilidad P\u00fablica en 1843.\",\"sameAs\":[\"https:\\\/\\\/www.alzola.com\",\"www.facebook.com\\\/AlzolaBasqueWater\",\"https:\\\/\\\/www.instagram.com\\\/basquewater\\\/\",\"https:\\\/\\\/x.com\\\/basquewater\"]}]}<\/script>\n<!-- \/ Yoast SEO plugin. -->","yoast_head_json":{"title":"\"KantaTU Gurekin\" celebramos los 130 a\u00f1os de la Coral de Bilbao","description":"Alzola Basque Water y Additu han ideado la instalaci\u00f3n con el llamamiento \u201cKantatu Gurekin\u201d para celebrar los 130 a\u00f1os de la fundaci\u00f3n de la Coral de Bilbao","robots":{"index":"index","follow":"follow","max-snippet":"max-snippet:-1","max-image-preview":"max-image-preview:large","max-video-preview":"max-video-preview:-1"},"canonical":"https:\/\/www.alzola.com\/es\/kantatugurekin\/","og_locale":"es_ES","og_type":"article","og_title":"\"KantaTU Gurekin\" celebramos los 130 a\u00f1os de la Coral de Bilbao","og_description":"Alzola Basque Water y Additu han ideado la instalaci\u00f3n con el llamamiento \u201cKantatu Gurekin\u201d para celebrar los 130 a\u00f1os de la fundaci\u00f3n de la Coral de Bilbao","og_url":"https:\/\/www.alzola.com\/es\/kantatugurekin\/","og_site_name":"Alzola Basque Water","article_publisher":"https:\/\/www.facebook.com\/alzolabasquewater\/","article_author":"www.facebook.com\/AlzolaBasqueWater","article_published_time":"2016-12-08T09:23:00+00:00","article_modified_time":"2021-09-29T09:26:38+00:00","og_image":[{"url":"https:\/\/www.alzola.com\/wp-content\/uploads\/2016\/12\/Kantatugurekin-KantaTU-para-celebrar-los-130-an\u0303os-de-la-Coral-de-Bilbao.jpg","type":"","width":"","height":""}],"author":"Alzola Basque Water","twitter_card":"summary_large_image","twitter_creator":"@basquewater","twitter_site":"@BasqueWater","twitter_misc":{"Escrito por":"Alzola Basque Water","Tiempo de lectura":"2 minutos"},"schema":{"@context":"https:\/\/schema.org","@graph":[{"@type":"Article","@id":"https:\/\/www.alzola.com\/es\/kantatugurekin\/#article","isPartOf":{"@id":"https:\/\/www.alzola.com\/es\/kantatugurekin\/"},"author":{"name":"Alzola Basque Water","@id":"https:\/\/www.alzola.com\/es\/#\/schema\/person\/67ba21fcc68e23f591865e5457edc378"},"headline":"\u201cKantatuGurekin\u201d una instalaci\u00f3n para celebrar el 130 Aniversario de La Coral de Bilbao","datePublished":"2016-12-08T09:23:00+00:00","dateModified":"2021-09-29T09:26:38+00:00","mainEntityOfPage":{"@id":"https:\/\/www.alzola.com\/es\/kantatugurekin\/"},"wordCount":371,"publisher":{"@id":"https:\/\/www.alzola.com\/es\/#organization"},"image":{"@id":"https:\/\/www.alzola.com\/es\/kantatugurekin\/#primaryimage"},"thumbnailUrl":"https:\/\/www.alzola.com\/wp-content\/uploads\/2016\/12\/Monumento-a-Aureliano-Valle-fundador-de-la-Coral-de-BIlbao.png","keywords":["Bilboko Koral Elkartea","Coral de Bilbao","KantatuGurekin"],"articleSection":["Agua Colaborativa"],"inLanguage":"es"},{"@type":"WebPage","@id":"https:\/\/www.alzola.com\/es\/kantatugurekin\/","url":"https:\/\/www.alzola.com\/es\/kantatugurekin\/","name":"\"KantaTU Gurekin\" celebramos los 130 a\u00f1os de la Coral de Bilbao","isPartOf":{"@id":"https:\/\/www.alzola.com\/es\/#website"},"primaryImageOfPage":{"@id":"https:\/\/www.alzola.com\/es\/kantatugurekin\/#primaryimage"},"image":{"@id":"https:\/\/www.alzola.com\/es\/kantatugurekin\/#primaryimage"},"thumbnailUrl":"https:\/\/www.alzola.com\/wp-content\/uploads\/2016\/12\/Monumento-a-Aureliano-Valle-fundador-de-la-Coral-de-BIlbao.png","datePublished":"2016-12-08T09:23:00+00:00","dateModified":"2021-09-29T09:26:38+00:00","description":"Alzola Basque Water y Additu han ideado la instalaci\u00f3n con el llamamiento \u201cKantatu Gurekin\u201d para celebrar los 130 a\u00f1os de la fundaci\u00f3n de la Coral de Bilbao","breadcrumb":{"@id":"https:\/\/www.alzola.com\/es\/kantatugurekin\/#breadcrumb"},"inLanguage":"es","potentialAction":[{"@type":"ReadAction","target":["https:\/\/www.alzola.com\/es\/kantatugurekin\/"]}]},{"@type":"ImageObject","inLanguage":"es","@id":"https:\/\/www.alzola.com\/es\/kantatugurekin\/#primaryimage","url":"https:\/\/www.alzola.com\/wp-content\/uploads\/2016\/12\/Monumento-a-Aureliano-Valle-fundador-de-la-Coral-de-BIlbao.png","contentUrl":"https:\/\/www.alzola.com\/wp-content\/uploads\/2016\/12\/Monumento-a-Aureliano-Valle-fundador-de-la-Coral-de-BIlbao.png"},{"@type":"BreadcrumbList","@id":"https:\/\/www.alzola.com\/es\/kantatugurekin\/#breadcrumb","itemListElement":[{"@type":"ListItem","position":1,"name":"Portada","item":"https:\/\/www.alzola.com\/es\/"},{"@type":"ListItem","position":2,"name":"\u201cKantatuGurekin\u201d una instalaci\u00f3n para celebrar el 130 Aniversario de La Coral de Bilbao"}]},{"@type":"WebSite","@id":"https:\/\/www.alzola.com\/es\/#website","url":"https:\/\/www.alzola.com\/es\/","name":"Alzola Basque Water","description":"Agua Mineral Natural desde 1801","publisher":{"@id":"https:\/\/www.alzola.com\/es\/#organization"},"potentialAction":[{"@type":"SearchAction","target":{"@type":"EntryPoint","urlTemplate":"https:\/\/www.alzola.com\/es\/?s={search_term_string}"},"query-input":{"@type":"PropertyValueSpecification","valueRequired":true,"valueName":"search_term_string"}}],"inLanguage":"es"},{"@type":"Organization","@id":"https:\/\/www.alzola.com\/es\/#organization","name":"BalenzateguiSA - Alzola Basque Water","url":"https:\/\/www.alzola.com\/es\/","logo":{"@type":"ImageObject","inLanguage":"es","@id":"https:\/\/www.alzola.com\/es\/#\/schema\/logo\/image\/","url":"https:\/\/www.alzola.com\/wp-content\/uploads\/2013\/09\/Logo-alzola-baja.png","contentUrl":"https:\/\/www.alzola.com\/wp-content\/uploads\/2013\/09\/Logo-alzola-baja.png","width":892,"height":600,"caption":"BalenzateguiSA - Alzola Basque Water"},"image":{"@id":"https:\/\/www.alzola.com\/es\/#\/schema\/logo\/image\/"},"sameAs":["https:\/\/www.facebook.com\/alzolabasquewater\/","https:\/\/x.com\/BasqueWater","https:\/\/www.instagram.com\/basquewater\/","https:\/\/www.linkedin.com\/company\/3155611\/","https:\/\/es.pinterest.com\/basquewater\/","https:\/\/www.youtube.com\/AlzolaBasqueWater"]},{"@type":"Person","@id":"https:\/\/www.alzola.com\/es\/#\/schema\/person\/67ba21fcc68e23f591865e5457edc378","name":"Alzola Basque Water","image":{"@type":"ImageObject","inLanguage":"es","@id":"https:\/\/secure.gravatar.com\/avatar\/6c16b08ba125fac103c3b367e4bd71c56459032ae0395aef4da6ab3a913593ba?s=96&d=mm&r=g","url":"https:\/\/secure.gravatar.com\/avatar\/6c16b08ba125fac103c3b367e4bd71c56459032ae0395aef4da6ab3a913593ba?s=96&d=mm&r=g","contentUrl":"https:\/\/secure.gravatar.com\/avatar\/6c16b08ba125fac103c3b367e4bd71c56459032ae0395aef4da6ab3a913593ba?s=96&d=mm&r=g","caption":"Alzola Basque Water"},"description":"Agua Mineral Natural declarada de Utilidad P\u00fablica en 1843.","sameAs":["https:\/\/www.alzola.com","www.facebook.com\/AlzolaBasqueWater","https:\/\/www.instagram.com\/basquewater\/","https:\/\/x.com\/basquewater"]}]}},"_links":{"self":[{"href":"https:\/\/www.alzola.com\/es\/wp-json\/wp\/v2\/posts\/2201","targetHints":{"allow":["GET"]}}],"collection":[{"href":"https:\/\/www.alzola.com\/es\/wp-json\/wp\/v2\/posts"}],"about":[{"href":"https:\/\/www.alzola.com\/es\/wp-json\/wp\/v2\/types\/post"}],"author":[{"embeddable":true,"href":"https:\/\/www.alzola.com\/es\/wp-json\/wp\/v2\/users\/2"}],"replies":[{"embeddable":true,"href":"https:\/\/www.alzola.com\/es\/wp-json\/wp\/v2\/comments?post=2201"}],"version-history":[{"count":0,"href":"https:\/\/www.alzola.com\/es\/wp-json\/wp\/v2\/posts\/2201\/revisions"}],"wp:attachment":[{"href":"https:\/\/www.alzola.com\/es\/wp-json\/wp\/v2\/media?parent=2201"}],"wp:term":[{"taxonomy":"category","embeddable":true,"href":"https:\/\/www.alzola.com\/es\/wp-json\/wp\/v2\/categories?post=2201"},{"taxonomy":"post_tag","embeddable":true,"href":"https:\/\/www.alzola.com\/es\/wp-json\/wp\/v2\/tags?post=2201"}],"curies":[{"name":"wp","href":"https:\/\/api.w.org\/{rel}","templated":true}]}}