{"id":1894,"date":"2016-04-12T12:49:35","date_gmt":"2016-04-12T11:49:35","guid":{"rendered":"https:\/\/www.alzola.com\/?p=1894"},"modified":"2021-09-29T10:26:32","modified_gmt":"2021-09-29T09:26:32","slug":"cata-aguas-alzola-basque-water-prozarautz","status":"publish","type":"post","link":"https:\/\/www.alzola.com\/es\/cata-aguas-alzola-basque-water-prozarautz\/","title":{"rendered":"ProZarautz y Cata de Aguas con Alzola Basque Water"},"content":{"rendered":"<p>El<strong> ProZarautz<\/strong> del 2016 ser\u00e1 recordado como la vuelta al escenario de la competici\u00f3n mundial de Surf de la localidad gipuzkoana de Zarautz y por las magn\u00edficas condiciones meteorol\u00f3gicas con las que ha contado, especialmente durante la fase final del campeonato. Hemos recopilado informaci\u00f3n publicada en varios medios y nos llama la atenci\u00f3n desde el punto de vista organizativo, la referencia que se hace al hecho de que por una vez las marcas estuvieran al servicio del campeonato, y no al rev\u00e9s.<\/p>\n<p>&nbsp;<\/p>\n<div id=\"attachment_1897\" style=\"width: 209px\" class=\"wp-caption alignleft\"><img loading=\"lazy\" decoding=\"async\" aria-describedby=\"caption-attachment-1897\" class=\"wp-image-1897 \" src=\"https:\/\/www.alzola.com\/wp-content\/uploads\/2016\/04\/ProZarautz-y-Alzola-Basque-Water-hacen-una-Cata-de-Aguas-Minerales-en-el-evento-WSL-217x300.png\" alt=\"ProZarautz y Alzola Basque Water hacen una Cata de Aguas Minerales en el evento WSL\" width=\"199\" height=\"275\" srcset=\"https:\/\/www.alzola.com\/wp-content\/uploads\/2016\/04\/ProZarautz-y-Alzola-Basque-Water-hacen-una-Cata-de-Aguas-Minerales-en-el-evento-WSL-217x300.png 217w, https:\/\/www.alzola.com\/wp-content\/uploads\/2016\/04\/ProZarautz-y-Alzola-Basque-Water-hacen-una-Cata-de-Aguas-Minerales-en-el-evento-WSL-84x116.png 84w, https:\/\/www.alzola.com\/wp-content\/uploads\/2016\/04\/ProZarautz-y-Alzola-Basque-Water-hacen-una-Cata-de-Aguas-Minerales-en-el-evento-WSL-200x277.png 200w, https:\/\/www.alzola.com\/wp-content\/uploads\/2016\/04\/ProZarautz-y-Alzola-Basque-Water-hacen-una-Cata-de-Aguas-Minerales-en-el-evento-WSL-450x622.png 450w, https:\/\/www.alzola.com\/wp-content\/uploads\/2016\/04\/ProZarautz-y-Alzola-Basque-Water-hacen-una-Cata-de-Aguas-Minerales-en-el-evento-WSL-360x498.png 360w, https:\/\/www.alzola.com\/wp-content\/uploads\/2016\/04\/ProZarautz-y-Alzola-Basque-Water-hacen-una-Cata-de-Aguas-Minerales-en-el-evento-WSL.png 483w\" sizes=\"auto, (max-width: 199px) 100vw, 199px\" \/><p id=\"caption-attachment-1897\" class=\"wp-caption-text\">ProZarautz y Alzola Basque Water  Cata de Aguas Minerales en el evento WSL<\/p><\/div>\n<p><strong>Alzola Basque Water<\/strong> ha atendido la llamada de <span style=\"text-decoration: underline;\">Mikel Yerobi<\/span> e <span style=\"text-decoration: underline;\">Oier Ilarramendi<\/span> para la colaboraci\u00f3n en el <a href=\"http:\/\/www.worldsurfleague.com\/events\/2016\/mqs\/1548\/pro-zarautz\" target=\"_blank\" rel=\"noopener\">ProZarautz2016<\/a> y comprendimos que desde Alzola Basque Water pod\u00edamos apoyar la Cultura del Agua venida a menos en la villa con la playa de moda.<\/p>\n<p>&nbsp;<\/p>\n<p>Tambi\u00e9n se han pasado por el manantial de Elgoibar la directora de la oficina de turismo de Zarautz Esther Facchin y el concejal de turismo Ixidor Larra\u00f1aga. Su visto bueno a la propuesta de recuperar la Cultura del Agua de nuestra gente con una cata de aguas minerales durante el ProZarautz y a la puesta en antecedentes al ente organizador (previo an\u00e1lisis) sobre el estado de dos de las fuentes naturales de agua en la localidad como son Salbide y Jai txiki han propiciado la colaboraci\u00f3n entre Alzola Basque Water y el Prozarautz del WSL, que ha sido muy bien acogida en Borghetto por el p\u00fablico presente el mediod\u00eda del domingo 3 de Abril.<\/p>\n<p>&nbsp;<\/p>\n<p>Hemos realizado los an\u00e1lisis microbiol\u00f3gicos (necesarios pero no suficientes) en el laboratorio de Alzola Basque Water con muestras obtenidas por Oier Ilarramendi en las citadas fuentes naturales de la localidad, informando a los actores participantes de que en ning\u00fan caso podr\u00edamos dar por buenas estas aguas para el consumo humano puesto que esta competencia es del Departamento de Sanidad.<\/p>\n<div id=\"attachment_1983\" style=\"width: 607px\" class=\"wp-caption aligncenter\"><img loading=\"lazy\" decoding=\"async\" aria-describedby=\"caption-attachment-1983\" class=\"size-full wp-image-1983\" src=\"https:\/\/www.alzola.com\/wp-content\/uploads\/2016\/04\/Informe-Anali\u0301tico-Surgencia-Salbide-1.png\" alt=\"An\u00e1lisis microbiol\u00f3gico realizado a la surgencia de Salbide en Zarautz a petici\u00f3n de Oier Illarramendi en el PROZarautz. P\u00e1gina 1.\" width=\"597\" height=\"658\" srcset=\"https:\/\/www.alzola.com\/wp-content\/uploads\/2016\/04\/Informe-Anali\u0301tico-Surgencia-Salbide-1.png 597w, https:\/\/www.alzola.com\/wp-content\/uploads\/2016\/04\/Informe-Anali\u0301tico-Surgencia-Salbide-1-272x300.png 272w, https:\/\/www.alzola.com\/wp-content\/uploads\/2016\/04\/Informe-Anali\u0301tico-Surgencia-Salbide-1-84x93.png 84w, https:\/\/www.alzola.com\/wp-content\/uploads\/2016\/04\/Informe-Anali\u0301tico-Surgencia-Salbide-1-200x220.png 200w, https:\/\/www.alzola.com\/wp-content\/uploads\/2016\/04\/Informe-Anali\u0301tico-Surgencia-Salbide-1-450x496.png 450w, https:\/\/www.alzola.com\/wp-content\/uploads\/2016\/04\/Informe-Anali\u0301tico-Surgencia-Salbide-1-360x397.png 360w\" sizes=\"auto, (max-width: 597px) 100vw, 597px\" \/><p id=\"caption-attachment-1983\" class=\"wp-caption-text\">An\u00e1lisis microbiol\u00f3gico realizado a la surgencia de Salbide en Zarautz a petici\u00f3n de Oier Illarramendi en el PROZarautz. P\u00e1gina 1.<\/p><\/div>\n<div id=\"attachment_1982\" style=\"width: 606px\" class=\"wp-caption aligncenter\"><img loading=\"lazy\" decoding=\"async\" aria-describedby=\"caption-attachment-1982\" class=\"size-full wp-image-1982\" src=\"https:\/\/www.alzola.com\/wp-content\/uploads\/2016\/04\/Informe-Analitico-Salbide-2.png\" alt=\"An\u00e1lisis microbiol\u00f3gico realizado a la surgencia de Salbide en Zarautz a petici\u00f3n de Oier Illarramendi en el PROZarautz. P\u00e1gina 2.\" width=\"596\" height=\"655\" srcset=\"https:\/\/www.alzola.com\/wp-content\/uploads\/2016\/04\/Informe-Analitico-Salbide-2.png 596w, https:\/\/www.alzola.com\/wp-content\/uploads\/2016\/04\/Informe-Analitico-Salbide-2-273x300.png 273w, https:\/\/www.alzola.com\/wp-content\/uploads\/2016\/04\/Informe-Analitico-Salbide-2-84x92.png 84w, https:\/\/www.alzola.com\/wp-content\/uploads\/2016\/04\/Informe-Analitico-Salbide-2-200x220.png 200w, https:\/\/www.alzola.com\/wp-content\/uploads\/2016\/04\/Informe-Analitico-Salbide-2-450x495.png 450w, https:\/\/www.alzola.com\/wp-content\/uploads\/2016\/04\/Informe-Analitico-Salbide-2-360x396.png 360w\" sizes=\"auto, (max-width: 596px) 100vw, 596px\" \/><p id=\"caption-attachment-1982\" class=\"wp-caption-text\">An\u00e1lisis microbiol\u00f3gico realizado a la surgencia de Salbide en Zarautz a petici\u00f3n de Oier Illarramendi en el PROZarautz. P\u00e1gina 2.<\/p><\/div>\n<p>&nbsp;<\/p>\n<div style=\"text-align: center;\"><iframe loading=\"lazy\" src=\"https:\/\/www.youtube.com\/embed\/TIsjCVful8Q\" width=\"660\" height=\"371\" frameborder=\"0\" allowfullscreen=\"allowfullscreen\"><\/iframe><\/div>\n<p>&nbsp;<\/p>\n<div id=\"attachment_1984\" style=\"width: 605px\" class=\"wp-caption aligncenter\"><img loading=\"lazy\" decoding=\"async\" aria-describedby=\"caption-attachment-1984\" class=\"size-full wp-image-1984\" src=\"https:\/\/www.alzola.com\/wp-content\/uploads\/2016\/04\/Informe-Analitico-JAiTxiki1.png\" alt=\"An\u00e1lisis microbiol\u00f3gico realizado a la surgencia de JaiTxiki en Zarautz a petici\u00f3n de Oier Illarramendi en el PROZarautz. P\u00e1gina 1.\" width=\"595\" height=\"659\" srcset=\"https:\/\/www.alzola.com\/wp-content\/uploads\/2016\/04\/Informe-Analitico-JAiTxiki1.png 595w, https:\/\/www.alzola.com\/wp-content\/uploads\/2016\/04\/Informe-Analitico-JAiTxiki1-271x300.png 271w, https:\/\/www.alzola.com\/wp-content\/uploads\/2016\/04\/Informe-Analitico-JAiTxiki1-84x93.png 84w, https:\/\/www.alzola.com\/wp-content\/uploads\/2016\/04\/Informe-Analitico-JAiTxiki1-200x222.png 200w, https:\/\/www.alzola.com\/wp-content\/uploads\/2016\/04\/Informe-Analitico-JAiTxiki1-450x498.png 450w, https:\/\/www.alzola.com\/wp-content\/uploads\/2016\/04\/Informe-Analitico-JAiTxiki1-360x399.png 360w\" sizes=\"auto, (max-width: 595px) 100vw, 595px\" \/><p id=\"caption-attachment-1984\" class=\"wp-caption-text\">An\u00e1lisis microbiol\u00f3gico realizado a la surgencia de JaiTxiki en Zarautz a petici\u00f3n de Oier Illarramendi en el PROZarautz. P\u00e1gina 1.<\/p><\/div>\n<div id=\"attachment_1985\" style=\"width: 603px\" class=\"wp-caption aligncenter\"><img loading=\"lazy\" decoding=\"async\" aria-describedby=\"caption-attachment-1985\" class=\"size-full wp-image-1985\" src=\"https:\/\/www.alzola.com\/wp-content\/uploads\/2016\/04\/Informe-Analitico-JAiTxiki2.png\" alt=\"An\u00e1lisis microbiol\u00f3gico realizado a la surgencia de JaiTxiki en Zarautz a petici\u00f3n de Oier Illarramendi en el PROZarautz. P\u00e1gina 2.\" width=\"593\" height=\"655\" srcset=\"https:\/\/www.alzola.com\/wp-content\/uploads\/2016\/04\/Informe-Analitico-JAiTxiki2.png 593w, https:\/\/www.alzola.com\/wp-content\/uploads\/2016\/04\/Informe-Analitico-JAiTxiki2-272x300.png 272w, https:\/\/www.alzola.com\/wp-content\/uploads\/2016\/04\/Informe-Analitico-JAiTxiki2-84x93.png 84w, https:\/\/www.alzola.com\/wp-content\/uploads\/2016\/04\/Informe-Analitico-JAiTxiki2-200x221.png 200w, https:\/\/www.alzola.com\/wp-content\/uploads\/2016\/04\/Informe-Analitico-JAiTxiki2-450x497.png 450w, https:\/\/www.alzola.com\/wp-content\/uploads\/2016\/04\/Informe-Analitico-JAiTxiki2-360x398.png 360w\" sizes=\"auto, (max-width: 593px) 100vw, 593px\" \/><p id=\"caption-attachment-1985\" class=\"wp-caption-text\">An\u00e1lisis microbiol\u00f3gico realizado a la surgencia de JaiTxiki en Zarautz a petici\u00f3n de Oier Illarramendi en el PROZarautz. P\u00e1gina 2.<\/p><\/div>\n<p>Sin embargo somos partidarios de que los an\u00e1lisis realizados, pueden por un lado poner de manifiesto el estado actual de 2 de las m\u00e1s de 8 fuentes naturales que exist\u00edan en Zarautz y por otro despertar la percepci\u00f3n de la ciudadan\u00eda entorno a las aguas que consumimos; no potables, tratadas, minerales, etc. El resultado de los an\u00e1lisis est\u00e1 en manos de la organizaci\u00f3n del ProZarautz.<\/p>\n<p>&nbsp;<\/p>\n<div id=\"attachment_1898\" style=\"width: 1105px\" class=\"wp-caption aligncenter\"><img loading=\"lazy\" decoding=\"async\" aria-describedby=\"caption-attachment-1898\" class=\"size-full wp-image-1898\" src=\"https:\/\/www.alzola.com\/wp-content\/uploads\/2016\/04\/ProZarautz-y-Alzola-Basque-Water-con-la-Cultura-del-Agua.png\" alt=\"ProZarautz y Alzola Basque Water con la Cultura del Agua\" width=\"1095\" height=\"684\" srcset=\"https:\/\/www.alzola.com\/wp-content\/uploads\/2016\/04\/ProZarautz-y-Alzola-Basque-Water-con-la-Cultura-del-Agua.png 1095w, https:\/\/www.alzola.com\/wp-content\/uploads\/2016\/04\/ProZarautz-y-Alzola-Basque-Water-con-la-Cultura-del-Agua-300x187.png 300w, https:\/\/www.alzola.com\/wp-content\/uploads\/2016\/04\/ProZarautz-y-Alzola-Basque-Water-con-la-Cultura-del-Agua-1024x640.png 1024w, https:\/\/www.alzola.com\/wp-content\/uploads\/2016\/04\/ProZarautz-y-Alzola-Basque-Water-con-la-Cultura-del-Agua-768x480.png 768w, https:\/\/www.alzola.com\/wp-content\/uploads\/2016\/04\/ProZarautz-y-Alzola-Basque-Water-con-la-Cultura-del-Agua-84x52.png 84w, https:\/\/www.alzola.com\/wp-content\/uploads\/2016\/04\/ProZarautz-y-Alzola-Basque-Water-con-la-Cultura-del-Agua-200x125.png 200w, https:\/\/www.alzola.com\/wp-content\/uploads\/2016\/04\/ProZarautz-y-Alzola-Basque-Water-con-la-Cultura-del-Agua-450x281.png 450w, https:\/\/www.alzola.com\/wp-content\/uploads\/2016\/04\/ProZarautz-y-Alzola-Basque-Water-con-la-Cultura-del-Agua-360x225.png 360w, https:\/\/www.alzola.com\/wp-content\/uploads\/2016\/04\/ProZarautz-y-Alzola-Basque-Water-con-la-Cultura-del-Agua-800x500.png 800w\" sizes=\"auto, (max-width: 1095px) 100vw, 1095px\" \/><p id=\"caption-attachment-1898\" class=\"wp-caption-text\">ProZarautz y Alzola Basque Water con la Cultura del Agua<\/p><\/div>\n<p>Podemos pensar que trascendemos las reglas establecidas en los manuales de marketing, pero el caso es que el disponer de <a href=\"http:\/\/www.lamejoraguadelmundo.com\" target=\"_blank\" rel=\"noopener\">la mejor agua del mundo<\/a> en la provincia de Gipuzkoa y enfrentarse a frenos establecidos por ley como la prohibici\u00f3n de cualquier alusi\u00f3n al agua mineral en beneficio de la salud, nos hacen concluir en que la verdadera necesitada es la Cultura del Agua. La misma que nuestros abuelos y abuelas dispon\u00edan para atribuir al agua mineral de Alzola sus propiedades para limpiar el ri\u00f1\u00f3n, eliminar c\u00e1lculos o combatir el artritismo, el reuma o la gota, lo mismo con el \u00e1cido \u00farico.<\/p>\n<div id=\"attachment_1895\" style=\"width: 1099px\" class=\"wp-caption aligncenter\"><img loading=\"lazy\" decoding=\"async\" aria-describedby=\"caption-attachment-1895\" class=\"size-full wp-image-1895\" src=\"https:\/\/www.alzola.com\/wp-content\/uploads\/2016\/04\/Alzola-Basque-Water-protagonista-de-la-Cata-de-Aguas-en-el-ProZarautz-2016-del-WSL.png\" alt=\"Alzola Basque Water protagonista de la Cata de Aguas en el ProZarautz 2016 del WSL\" width=\"1089\" height=\"718\" srcset=\"https:\/\/www.alzola.com\/wp-content\/uploads\/2016\/04\/Alzola-Basque-Water-protagonista-de-la-Cata-de-Aguas-en-el-ProZarautz-2016-del-WSL.png 1089w, https:\/\/www.alzola.com\/wp-content\/uploads\/2016\/04\/Alzola-Basque-Water-protagonista-de-la-Cata-de-Aguas-en-el-ProZarautz-2016-del-WSL-300x198.png 300w, https:\/\/www.alzola.com\/wp-content\/uploads\/2016\/04\/Alzola-Basque-Water-protagonista-de-la-Cata-de-Aguas-en-el-ProZarautz-2016-del-WSL-1024x675.png 1024w, https:\/\/www.alzola.com\/wp-content\/uploads\/2016\/04\/Alzola-Basque-Water-protagonista-de-la-Cata-de-Aguas-en-el-ProZarautz-2016-del-WSL-768x506.png 768w, https:\/\/www.alzola.com\/wp-content\/uploads\/2016\/04\/Alzola-Basque-Water-protagonista-de-la-Cata-de-Aguas-en-el-ProZarautz-2016-del-WSL-84x55.png 84w, https:\/\/www.alzola.com\/wp-content\/uploads\/2016\/04\/Alzola-Basque-Water-protagonista-de-la-Cata-de-Aguas-en-el-ProZarautz-2016-del-WSL-200x132.png 200w, https:\/\/www.alzola.com\/wp-content\/uploads\/2016\/04\/Alzola-Basque-Water-protagonista-de-la-Cata-de-Aguas-en-el-ProZarautz-2016-del-WSL-450x297.png 450w, https:\/\/www.alzola.com\/wp-content\/uploads\/2016\/04\/Alzola-Basque-Water-protagonista-de-la-Cata-de-Aguas-en-el-ProZarautz-2016-del-WSL-360x237.png 360w, https:\/\/www.alzola.com\/wp-content\/uploads\/2016\/04\/Alzola-Basque-Water-protagonista-de-la-Cata-de-Aguas-en-el-ProZarautz-2016-del-WSL-800x527.png 800w\" sizes=\"auto, (max-width: 1089px) 100vw, 1089px\" \/><p id=\"caption-attachment-1895\" class=\"wp-caption-text\">Alzola Basque Water protagonista de la Cata de Aguas en el ProZarautz 2016 del WSL<\/p><\/div>\n<p>Sin embargo, la herencia depositada en nuestro haber se reduce en muchas ocasiones a la de un vocablo difuso: \u00abpotable\u00bb. Esta palabra re\u00fane en su abanico tanto el agua mineral como el agua tratada o agua con niveles de toxicidad cient\u00edficamente aceptables. Si a\u00f1adimos el hecho de que el agua con cloro a\u00f1adido afecta al paladar a d\u00eda de hoy es dif\u00edcil para el com\u00fan de los mortales percibir los sabores de las diferentes aguas. Sin embargo, con el entrenamiento apropiado se restablecen las conexiones neuronales y se recuperan las papilas gustativas para catar, diferenciar y degustar las diferentes aguas minerales vascas, y m\u00e1s all\u00e1.<\/p>\n<div id=\"attachment_1896\" style=\"width: 1024px\" class=\"wp-caption aligncenter\"><img loading=\"lazy\" decoding=\"async\" aria-describedby=\"caption-attachment-1896\" class=\"size-full wp-image-1896\" src=\"https:\/\/www.alzola.com\/wp-content\/uploads\/2016\/04\/Alzola-Basque-Water-en-el-ProZarautz-2016.png\" alt=\"Alzola Basque Water en el ProZarautz 2016\" width=\"1014\" height=\"640\" srcset=\"https:\/\/www.alzola.com\/wp-content\/uploads\/2016\/04\/Alzola-Basque-Water-en-el-ProZarautz-2016.png 1014w, https:\/\/www.alzola.com\/wp-content\/uploads\/2016\/04\/Alzola-Basque-Water-en-el-ProZarautz-2016-300x189.png 300w, https:\/\/www.alzola.com\/wp-content\/uploads\/2016\/04\/Alzola-Basque-Water-en-el-ProZarautz-2016-768x485.png 768w, https:\/\/www.alzola.com\/wp-content\/uploads\/2016\/04\/Alzola-Basque-Water-en-el-ProZarautz-2016-84x53.png 84w, https:\/\/www.alzola.com\/wp-content\/uploads\/2016\/04\/Alzola-Basque-Water-en-el-ProZarautz-2016-200x126.png 200w, https:\/\/www.alzola.com\/wp-content\/uploads\/2016\/04\/Alzola-Basque-Water-en-el-ProZarautz-2016-450x284.png 450w, https:\/\/www.alzola.com\/wp-content\/uploads\/2016\/04\/Alzola-Basque-Water-en-el-ProZarautz-2016-360x227.png 360w, https:\/\/www.alzola.com\/wp-content\/uploads\/2016\/04\/Alzola-Basque-Water-en-el-ProZarautz-2016-800x505.png 800w\" sizes=\"auto, (max-width: 1014px) 100vw, 1014px\" \/><p id=\"caption-attachment-1896\" class=\"wp-caption-text\">Alzola Basque Water en el ProZarautz 2016<\/p><\/div>\n<p>&nbsp;<\/p>\n","protected":false},"excerpt":{"rendered":"<p>El ProZarautz del 2016 ser\u00e1 recordado como la vuelta al escenario de la competici\u00f3n mundial de Surf de la localidad gipuzkoana de Zarautz y por las magn\u00edficas condiciones meteorol\u00f3gicas con las que ha contado, especialmente durante la fase final del campeonato. Hemos recopilado informaci\u00f3n publicada en varios medios y nos llama la atenci\u00f3n desde el punto de vista organizativo, la referencia que se hace al hecho de que por una vez las marcas estuvieran al servicio del campeonato, y no al rev\u00e9s. &nbsp; Alzola Basque Water ha atendido la llamada de Mikel Yerobi e Oier Ilarramendi para la colaboraci\u00f3n en el ProZarautz2016 y comprendimos que desde Alzola Basque Water pod\u00edamos apoyar la Cultura del Agua venida a menos en la villa con la playa de moda. &nbsp; Tambi\u00e9n se han pasado por el manantial de Elgoibar la directora de la oficina de turismo de Zarautz Esther Facchin y el concejal de turismo Ixidor Larra\u00f1aga. Su visto bueno a la propuesta de recuperar la Cultura del Agua de nuestra gente con una cata de aguas minerales durante el ProZarautz y a la puesta en antecedentes al ente organizador (previo an\u00e1lisis) sobre el estado de dos de las fuentes naturales de agua&#8230;<\/p>\n","protected":false},"author":2,"featured_media":0,"comment_status":"closed","ping_status":"open","sticky":false,"template":"","format":"standard","meta":{"om_disable_all_campaigns":false,"_monsterinsights_skip_tracking":false,"_monsterinsights_sitenote_active":false,"_monsterinsights_sitenote_note":"","_monsterinsights_sitenote_category":0,"footnotes":""},"categories":[14],"tags":[214,238,237,221,223,222],"class_list":["post-1894","post","type-post","status-publish","format-standard","hentry","category-basquewater","tag-cultura-del-agua","tag-mikel-yerobi","tag-oier-illarramendi","tag-prozarautz","tag-uraren-kultura","tag-zarautz"],"yoast_head":"<!-- This site is optimized with the Yoast SEO plugin v27.5 - https:\/\/yoast.com\/product\/yoast-seo-wordpress\/ -->\n<title>ProZarautz y Cata de Aguas con Alzola Basque Water - Alzola Basque Water<\/title>\n<meta name=\"description\" content=\"ProZarautz y Alzola Basque Water fomentan la Cultura del Agua en Zarautz con una cata de aguas minerales, con acogida y participaci\u00f3n muy buenas\" \/>\n<meta name=\"robots\" content=\"index, follow, max-snippet:-1, max-image-preview:large, max-video-preview:-1\" \/>\n<link rel=\"canonical\" href=\"https:\/\/www.alzola.com\/es\/cata-aguas-alzola-basque-water-prozarautz\/\" \/>\n<meta property=\"og:locale\" content=\"es_ES\" \/>\n<meta property=\"og:type\" content=\"article\" \/>\n<meta property=\"og:title\" content=\"ProZarautz a favor de la Cultura del Agua con BasqueWater\" \/>\n<meta property=\"og:description\" content=\"ProZarautz convierte una cata de aguas minerales en un est\u00edmulo para recuperar una Cultura del Agua venida a menos en la Villa con la playa de moda.\" \/>\n<meta property=\"og:url\" content=\"https:\/\/www.alzola.com\/es\/cata-aguas-alzola-basque-water-prozarautz\/\" \/>\n<meta property=\"og:site_name\" content=\"Alzola Basque Water\" \/>\n<meta property=\"article:publisher\" content=\"https:\/\/www.facebook.com\/alzolabasquewater\/\" \/>\n<meta property=\"article:author\" content=\"www.facebook.com\/AlzolaBasqueWater\" \/>\n<meta property=\"article:published_time\" content=\"2016-04-12T11:49:35+00:00\" \/>\n<meta property=\"article:modified_time\" content=\"2021-09-29T09:26:32+00:00\" \/>\n<meta name=\"author\" content=\"Alzola Basque Water\" \/>\n<meta name=\"twitter:card\" content=\"summary_large_image\" \/>\n<meta name=\"twitter:image\" content=\"https:\/\/www.alzola.com\/wp-content\/uploads\/2016\/04\/ProZarautz-y-Alzola-Basque-Water-hacen-una-Cata-de-Aguas-Minerales-en-el-evento-WSL-217x300.png\" \/>\n<meta name=\"twitter:creator\" content=\"@basquewater\" \/>\n<meta name=\"twitter:site\" content=\"@BasqueWater\" \/>\n<meta name=\"twitter:label1\" content=\"Escrito por\" \/>\n\t<meta name=\"twitter:data1\" content=\"Alzola Basque Water\" \/>\n\t<meta name=\"twitter:label2\" content=\"Tiempo de lectura\" \/>\n\t<meta name=\"twitter:data2\" content=\"4 minutos\" \/>\n<script type=\"application\/ld+json\" class=\"yoast-schema-graph\">{\"@context\":\"https:\\\/\\\/schema.org\",\"@graph\":[{\"@type\":\"Article\",\"@id\":\"https:\\\/\\\/www.alzola.com\\\/es\\\/cata-aguas-alzola-basque-water-prozarautz\\\/#article\",\"isPartOf\":{\"@id\":\"https:\\\/\\\/www.alzola.com\\\/es\\\/cata-aguas-alzola-basque-water-prozarautz\\\/\"},\"author\":{\"name\":\"Alzola Basque Water\",\"@id\":\"https:\\\/\\\/www.alzola.com\\\/es\\\/#\\\/schema\\\/person\\\/67ba21fcc68e23f591865e5457edc378\"},\"headline\":\"ProZarautz y Cata de Aguas con Alzola Basque Water\",\"datePublished\":\"2016-04-12T11:49:35+00:00\",\"dateModified\":\"2021-09-29T09:26:32+00:00\",\"mainEntityOfPage\":{\"@id\":\"https:\\\/\\\/www.alzola.com\\\/es\\\/cata-aguas-alzola-basque-water-prozarautz\\\/\"},\"wordCount\":811,\"publisher\":{\"@id\":\"https:\\\/\\\/www.alzola.com\\\/es\\\/#organization\"},\"image\":{\"@id\":\"https:\\\/\\\/www.alzola.com\\\/es\\\/cata-aguas-alzola-basque-water-prozarautz\\\/#primaryimage\"},\"thumbnailUrl\":\"https:\\\/\\\/www.alzola.com\\\/wp-content\\\/uploads\\\/2016\\\/04\\\/ProZarautz-y-Alzola-Basque-Water-hacen-una-Cata-de-Aguas-Minerales-en-el-evento-WSL-217x300.png\",\"keywords\":[\"Cultura del Agua\",\"Mikel Yerobi\",\"Oier Illarramendi\",\"ProZarautz\",\"Uraren Kultura\",\"Zarautz\"],\"articleSection\":[\"BasqueWater\"],\"inLanguage\":\"es\"},{\"@type\":\"WebPage\",\"@id\":\"https:\\\/\\\/www.alzola.com\\\/es\\\/cata-aguas-alzola-basque-water-prozarautz\\\/\",\"url\":\"https:\\\/\\\/www.alzola.com\\\/es\\\/cata-aguas-alzola-basque-water-prozarautz\\\/\",\"name\":\"ProZarautz y Cata de Aguas con Alzola Basque Water - Alzola Basque Water\",\"isPartOf\":{\"@id\":\"https:\\\/\\\/www.alzola.com\\\/es\\\/#website\"},\"primaryImageOfPage\":{\"@id\":\"https:\\\/\\\/www.alzola.com\\\/es\\\/cata-aguas-alzola-basque-water-prozarautz\\\/#primaryimage\"},\"image\":{\"@id\":\"https:\\\/\\\/www.alzola.com\\\/es\\\/cata-aguas-alzola-basque-water-prozarautz\\\/#primaryimage\"},\"thumbnailUrl\":\"https:\\\/\\\/www.alzola.com\\\/wp-content\\\/uploads\\\/2016\\\/04\\\/ProZarautz-y-Alzola-Basque-Water-hacen-una-Cata-de-Aguas-Minerales-en-el-evento-WSL-217x300.png\",\"datePublished\":\"2016-04-12T11:49:35+00:00\",\"dateModified\":\"2021-09-29T09:26:32+00:00\",\"description\":\"ProZarautz y Alzola Basque Water fomentan la Cultura del Agua en Zarautz con una cata de aguas minerales, con acogida y participaci\u00f3n muy buenas\",\"breadcrumb\":{\"@id\":\"https:\\\/\\\/www.alzola.com\\\/es\\\/cata-aguas-alzola-basque-water-prozarautz\\\/#breadcrumb\"},\"inLanguage\":\"es\",\"potentialAction\":[{\"@type\":\"ReadAction\",\"target\":[\"https:\\\/\\\/www.alzola.com\\\/es\\\/cata-aguas-alzola-basque-water-prozarautz\\\/\"]}]},{\"@type\":\"ImageObject\",\"inLanguage\":\"es\",\"@id\":\"https:\\\/\\\/www.alzola.com\\\/es\\\/cata-aguas-alzola-basque-water-prozarautz\\\/#primaryimage\",\"url\":\"https:\\\/\\\/www.alzola.com\\\/wp-content\\\/uploads\\\/2016\\\/04\\\/ProZarautz-y-Alzola-Basque-Water-hacen-una-Cata-de-Aguas-Minerales-en-el-evento-WSL-217x300.png\",\"contentUrl\":\"https:\\\/\\\/www.alzola.com\\\/wp-content\\\/uploads\\\/2016\\\/04\\\/ProZarautz-y-Alzola-Basque-Water-hacen-una-Cata-de-Aguas-Minerales-en-el-evento-WSL-217x300.png\"},{\"@type\":\"BreadcrumbList\",\"@id\":\"https:\\\/\\\/www.alzola.com\\\/es\\\/cata-aguas-alzola-basque-water-prozarautz\\\/#breadcrumb\",\"itemListElement\":[{\"@type\":\"ListItem\",\"position\":1,\"name\":\"Portada\",\"item\":\"https:\\\/\\\/www.alzola.com\\\/es\\\/\"},{\"@type\":\"ListItem\",\"position\":2,\"name\":\"ProZarautz y Cata de Aguas con Alzola Basque Water\"}]},{\"@type\":\"WebSite\",\"@id\":\"https:\\\/\\\/www.alzola.com\\\/es\\\/#website\",\"url\":\"https:\\\/\\\/www.alzola.com\\\/es\\\/\",\"name\":\"Alzola Basque Water\",\"description\":\"Agua Mineral Natural desde 1801\",\"publisher\":{\"@id\":\"https:\\\/\\\/www.alzola.com\\\/es\\\/#organization\"},\"potentialAction\":[{\"@type\":\"SearchAction\",\"target\":{\"@type\":\"EntryPoint\",\"urlTemplate\":\"https:\\\/\\\/www.alzola.com\\\/es\\\/?s={search_term_string}\"},\"query-input\":{\"@type\":\"PropertyValueSpecification\",\"valueRequired\":true,\"valueName\":\"search_term_string\"}}],\"inLanguage\":\"es\"},{\"@type\":\"Organization\",\"@id\":\"https:\\\/\\\/www.alzola.com\\\/es\\\/#organization\",\"name\":\"BalenzateguiSA - Alzola Basque Water\",\"url\":\"https:\\\/\\\/www.alzola.com\\\/es\\\/\",\"logo\":{\"@type\":\"ImageObject\",\"inLanguage\":\"es\",\"@id\":\"https:\\\/\\\/www.alzola.com\\\/es\\\/#\\\/schema\\\/logo\\\/image\\\/\",\"url\":\"https:\\\/\\\/www.alzola.com\\\/wp-content\\\/uploads\\\/2013\\\/09\\\/Logo-alzola-baja.png\",\"contentUrl\":\"https:\\\/\\\/www.alzola.com\\\/wp-content\\\/uploads\\\/2013\\\/09\\\/Logo-alzola-baja.png\",\"width\":892,\"height\":600,\"caption\":\"BalenzateguiSA - Alzola Basque Water\"},\"image\":{\"@id\":\"https:\\\/\\\/www.alzola.com\\\/es\\\/#\\\/schema\\\/logo\\\/image\\\/\"},\"sameAs\":[\"https:\\\/\\\/www.facebook.com\\\/alzolabasquewater\\\/\",\"https:\\\/\\\/x.com\\\/BasqueWater\",\"https:\\\/\\\/www.instagram.com\\\/basquewater\\\/\",\"https:\\\/\\\/www.linkedin.com\\\/company\\\/3155611\\\/\",\"https:\\\/\\\/es.pinterest.com\\\/basquewater\\\/\",\"https:\\\/\\\/www.youtube.com\\\/AlzolaBasqueWater\"]},{\"@type\":\"Person\",\"@id\":\"https:\\\/\\\/www.alzola.com\\\/es\\\/#\\\/schema\\\/person\\\/67ba21fcc68e23f591865e5457edc378\",\"name\":\"Alzola Basque Water\",\"image\":{\"@type\":\"ImageObject\",\"inLanguage\":\"es\",\"@id\":\"https:\\\/\\\/secure.gravatar.com\\\/avatar\\\/6c16b08ba125fac103c3b367e4bd71c56459032ae0395aef4da6ab3a913593ba?s=96&d=mm&r=g\",\"url\":\"https:\\\/\\\/secure.gravatar.com\\\/avatar\\\/6c16b08ba125fac103c3b367e4bd71c56459032ae0395aef4da6ab3a913593ba?s=96&d=mm&r=g\",\"contentUrl\":\"https:\\\/\\\/secure.gravatar.com\\\/avatar\\\/6c16b08ba125fac103c3b367e4bd71c56459032ae0395aef4da6ab3a913593ba?s=96&d=mm&r=g\",\"caption\":\"Alzola Basque Water\"},\"description\":\"Agua Mineral Natural declarada de Utilidad P\u00fablica en 1843.\",\"sameAs\":[\"https:\\\/\\\/www.alzola.com\",\"www.facebook.com\\\/AlzolaBasqueWater\",\"https:\\\/\\\/www.instagram.com\\\/basquewater\\\/\",\"https:\\\/\\\/x.com\\\/basquewater\"]}]}<\/script>\n<!-- \/ Yoast SEO plugin. -->","yoast_head_json":{"title":"ProZarautz y Cata de Aguas con Alzola Basque Water - Alzola Basque Water","description":"ProZarautz y Alzola Basque Water fomentan la Cultura del Agua en Zarautz con una cata de aguas minerales, con acogida y participaci\u00f3n muy buenas","robots":{"index":"index","follow":"follow","max-snippet":"max-snippet:-1","max-image-preview":"max-image-preview:large","max-video-preview":"max-video-preview:-1"},"canonical":"https:\/\/www.alzola.com\/es\/cata-aguas-alzola-basque-water-prozarautz\/","og_locale":"es_ES","og_type":"article","og_title":"ProZarautz a favor de la Cultura del Agua con BasqueWater","og_description":"ProZarautz convierte una cata de aguas minerales en un est\u00edmulo para recuperar una Cultura del Agua venida a menos en la Villa con la playa de moda.","og_url":"https:\/\/www.alzola.com\/es\/cata-aguas-alzola-basque-water-prozarautz\/","og_site_name":"Alzola Basque Water","article_publisher":"https:\/\/www.facebook.com\/alzolabasquewater\/","article_author":"www.facebook.com\/AlzolaBasqueWater","article_published_time":"2016-04-12T11:49:35+00:00","article_modified_time":"2021-09-29T09:26:32+00:00","author":"Alzola Basque Water","twitter_card":"summary_large_image","twitter_image":"https:\/\/www.alzola.com\/wp-content\/uploads\/2016\/04\/ProZarautz-y-Alzola-Basque-Water-hacen-una-Cata-de-Aguas-Minerales-en-el-evento-WSL-217x300.png","twitter_creator":"@basquewater","twitter_site":"@BasqueWater","twitter_misc":{"Escrito por":"Alzola Basque Water","Tiempo de lectura":"4 minutos"},"schema":{"@context":"https:\/\/schema.org","@graph":[{"@type":"Article","@id":"https:\/\/www.alzola.com\/es\/cata-aguas-alzola-basque-water-prozarautz\/#article","isPartOf":{"@id":"https:\/\/www.alzola.com\/es\/cata-aguas-alzola-basque-water-prozarautz\/"},"author":{"name":"Alzola Basque Water","@id":"https:\/\/www.alzola.com\/es\/#\/schema\/person\/67ba21fcc68e23f591865e5457edc378"},"headline":"ProZarautz y Cata de Aguas con Alzola Basque Water","datePublished":"2016-04-12T11:49:35+00:00","dateModified":"2021-09-29T09:26:32+00:00","mainEntityOfPage":{"@id":"https:\/\/www.alzola.com\/es\/cata-aguas-alzola-basque-water-prozarautz\/"},"wordCount":811,"publisher":{"@id":"https:\/\/www.alzola.com\/es\/#organization"},"image":{"@id":"https:\/\/www.alzola.com\/es\/cata-aguas-alzola-basque-water-prozarautz\/#primaryimage"},"thumbnailUrl":"https:\/\/www.alzola.com\/wp-content\/uploads\/2016\/04\/ProZarautz-y-Alzola-Basque-Water-hacen-una-Cata-de-Aguas-Minerales-en-el-evento-WSL-217x300.png","keywords":["Cultura del Agua","Mikel Yerobi","Oier Illarramendi","ProZarautz","Uraren Kultura","Zarautz"],"articleSection":["BasqueWater"],"inLanguage":"es"},{"@type":"WebPage","@id":"https:\/\/www.alzola.com\/es\/cata-aguas-alzola-basque-water-prozarautz\/","url":"https:\/\/www.alzola.com\/es\/cata-aguas-alzola-basque-water-prozarautz\/","name":"ProZarautz y Cata de Aguas con Alzola Basque Water - Alzola Basque Water","isPartOf":{"@id":"https:\/\/www.alzola.com\/es\/#website"},"primaryImageOfPage":{"@id":"https:\/\/www.alzola.com\/es\/cata-aguas-alzola-basque-water-prozarautz\/#primaryimage"},"image":{"@id":"https:\/\/www.alzola.com\/es\/cata-aguas-alzola-basque-water-prozarautz\/#primaryimage"},"thumbnailUrl":"https:\/\/www.alzola.com\/wp-content\/uploads\/2016\/04\/ProZarautz-y-Alzola-Basque-Water-hacen-una-Cata-de-Aguas-Minerales-en-el-evento-WSL-217x300.png","datePublished":"2016-04-12T11:49:35+00:00","dateModified":"2021-09-29T09:26:32+00:00","description":"ProZarautz y Alzola Basque Water fomentan la Cultura del Agua en Zarautz con una cata de aguas minerales, con acogida y participaci\u00f3n muy buenas","breadcrumb":{"@id":"https:\/\/www.alzola.com\/es\/cata-aguas-alzola-basque-water-prozarautz\/#breadcrumb"},"inLanguage":"es","potentialAction":[{"@type":"ReadAction","target":["https:\/\/www.alzola.com\/es\/cata-aguas-alzola-basque-water-prozarautz\/"]}]},{"@type":"ImageObject","inLanguage":"es","@id":"https:\/\/www.alzola.com\/es\/cata-aguas-alzola-basque-water-prozarautz\/#primaryimage","url":"https:\/\/www.alzola.com\/wp-content\/uploads\/2016\/04\/ProZarautz-y-Alzola-Basque-Water-hacen-una-Cata-de-Aguas-Minerales-en-el-evento-WSL-217x300.png","contentUrl":"https:\/\/www.alzola.com\/wp-content\/uploads\/2016\/04\/ProZarautz-y-Alzola-Basque-Water-hacen-una-Cata-de-Aguas-Minerales-en-el-evento-WSL-217x300.png"},{"@type":"BreadcrumbList","@id":"https:\/\/www.alzola.com\/es\/cata-aguas-alzola-basque-water-prozarautz\/#breadcrumb","itemListElement":[{"@type":"ListItem","position":1,"name":"Portada","item":"https:\/\/www.alzola.com\/es\/"},{"@type":"ListItem","position":2,"name":"ProZarautz y Cata de Aguas con Alzola Basque Water"}]},{"@type":"WebSite","@id":"https:\/\/www.alzola.com\/es\/#website","url":"https:\/\/www.alzola.com\/es\/","name":"Alzola Basque Water","description":"Agua Mineral Natural desde 1801","publisher":{"@id":"https:\/\/www.alzola.com\/es\/#organization"},"potentialAction":[{"@type":"SearchAction","target":{"@type":"EntryPoint","urlTemplate":"https:\/\/www.alzola.com\/es\/?s={search_term_string}"},"query-input":{"@type":"PropertyValueSpecification","valueRequired":true,"valueName":"search_term_string"}}],"inLanguage":"es"},{"@type":"Organization","@id":"https:\/\/www.alzola.com\/es\/#organization","name":"BalenzateguiSA - Alzola Basque Water","url":"https:\/\/www.alzola.com\/es\/","logo":{"@type":"ImageObject","inLanguage":"es","@id":"https:\/\/www.alzola.com\/es\/#\/schema\/logo\/image\/","url":"https:\/\/www.alzola.com\/wp-content\/uploads\/2013\/09\/Logo-alzola-baja.png","contentUrl":"https:\/\/www.alzola.com\/wp-content\/uploads\/2013\/09\/Logo-alzola-baja.png","width":892,"height":600,"caption":"BalenzateguiSA - Alzola Basque Water"},"image":{"@id":"https:\/\/www.alzola.com\/es\/#\/schema\/logo\/image\/"},"sameAs":["https:\/\/www.facebook.com\/alzolabasquewater\/","https:\/\/x.com\/BasqueWater","https:\/\/www.instagram.com\/basquewater\/","https:\/\/www.linkedin.com\/company\/3155611\/","https:\/\/es.pinterest.com\/basquewater\/","https:\/\/www.youtube.com\/AlzolaBasqueWater"]},{"@type":"Person","@id":"https:\/\/www.alzola.com\/es\/#\/schema\/person\/67ba21fcc68e23f591865e5457edc378","name":"Alzola Basque Water","image":{"@type":"ImageObject","inLanguage":"es","@id":"https:\/\/secure.gravatar.com\/avatar\/6c16b08ba125fac103c3b367e4bd71c56459032ae0395aef4da6ab3a913593ba?s=96&d=mm&r=g","url":"https:\/\/secure.gravatar.com\/avatar\/6c16b08ba125fac103c3b367e4bd71c56459032ae0395aef4da6ab3a913593ba?s=96&d=mm&r=g","contentUrl":"https:\/\/secure.gravatar.com\/avatar\/6c16b08ba125fac103c3b367e4bd71c56459032ae0395aef4da6ab3a913593ba?s=96&d=mm&r=g","caption":"Alzola Basque Water"},"description":"Agua Mineral Natural declarada de Utilidad P\u00fablica en 1843.","sameAs":["https:\/\/www.alzola.com","www.facebook.com\/AlzolaBasqueWater","https:\/\/www.instagram.com\/basquewater\/","https:\/\/x.com\/basquewater"]}]}},"_links":{"self":[{"href":"https:\/\/www.alzola.com\/es\/wp-json\/wp\/v2\/posts\/1894","targetHints":{"allow":["GET"]}}],"collection":[{"href":"https:\/\/www.alzola.com\/es\/wp-json\/wp\/v2\/posts"}],"about":[{"href":"https:\/\/www.alzola.com\/es\/wp-json\/wp\/v2\/types\/post"}],"author":[{"embeddable":true,"href":"https:\/\/www.alzola.com\/es\/wp-json\/wp\/v2\/users\/2"}],"replies":[{"embeddable":true,"href":"https:\/\/www.alzola.com\/es\/wp-json\/wp\/v2\/comments?post=1894"}],"version-history":[{"count":0,"href":"https:\/\/www.alzola.com\/es\/wp-json\/wp\/v2\/posts\/1894\/revisions"}],"wp:attachment":[{"href":"https:\/\/www.alzola.com\/es\/wp-json\/wp\/v2\/media?parent=1894"}],"wp:term":[{"taxonomy":"category","embeddable":true,"href":"https:\/\/www.alzola.com\/es\/wp-json\/wp\/v2\/categories?post=1894"},{"taxonomy":"post_tag","embeddable":true,"href":"https:\/\/www.alzola.com\/es\/wp-json\/wp\/v2\/tags?post=1894"}],"curies":[{"name":"wp","href":"https:\/\/api.w.org\/{rel}","templated":true}]}}